{"id":740,"date":"2015-09-07T14:43:25","date_gmt":"2015-09-07T14:43:25","guid":{"rendered":"http:\/\/localhost\/wordpress\/2015\/09\/07\/tableur-de-calcul-des-obligations-de-services-des-remplaants-et-des-fractionns\/"},"modified":"2015-09-07T14:43:25","modified_gmt":"2015-09-07T14:43:25","slug":"tableur-de-calcul-des-obligations-de-services-des-remplaants-et-des-fractionns","status":"publish","type":"post","link":"https:\/\/snuipp86.fr\/index.php\/2015\/09\/07\/tableur-de-calcul-des-obligations-de-services-des-remplaants-et-des-fractionns\/","title":{"rendered":"Tableur de calcul des obligations de services des rempla\u00e7ants et des fractionn\u00e9s"},"content":{"rendered":"<p><img decoding=\"async\" src=\"https:\/\/snuipp86.fr\/wp-content\/spip\/IMG\/arton2891.jpg\" alt=\"\" align=\"right\" width=\"192\" height=\"177\" class=\"spip_logos\" \/><\/p>\n<div class='rss_texte'>\n<p class=\"spip\">Avec la mise en place de rythmes diff\u00e9rents selon les \u00e9coles, le temps de travail des rempla\u00e7ants et des compl\u00e9ments de service peut d\u00e9passer les 24 heures hebdomadaires. Ces heures effectu\u00e9es en plus donnent droit \u00e0 un temps de r\u00e9cup\u00e9ration.<\/p>\n<p class=\"spip\">Pour aider les rempla\u00e7ants \u00e0 comptabiliser leur travail effectif jour apr\u00e8s jour, le SNUipp-FSU 86 met \u00e0 leur disposition un tableur. Il s&rsquo;agit de saisir le nombre d&rsquo;heures effectu\u00e9es pour chaque journ\u00e9e de classe.<\/p>\n<p class=\"spip\">Si une journ\u00e9e est non travaill\u00e9e dans la semaine (jour f\u00e9ri\u00e9, gr\u00e8ve, cong\u00e9 maladie, garde d&rsquo;enfant malade par exemple), celle-ci doit \u00eatre comptabilis\u00e9e.<\/p>\n<p class=\"spip\"><strong class=\"spip\">Quel volume horaire faire figurer dans le tableur ?<\/strong><br \/>\n<br \/><img decoding=\"async\" src=\"https:\/\/snuipp86.fr\/wp-content\/spip\/cache-vignettes\/L8xH11\/puce-68c92.gif\" width='8' height='11' alt=\"-\" style='height:11px;width:8px;' class='' \/> Si le jour non travaill\u00e9 se situe dans une semaine de remplacement ou s&rsquo;il est encadr\u00e9 par deux jours de remplacement dans la m\u00eame \u00e9cole, on indiquera le volume horaire de cette journ\u00e9e ;<br \/>\n<br \/><img decoding=\"async\" src=\"https:\/\/snuipp86.fr\/wp-content\/spip\/cache-vignettes\/L8xH11\/puce-68c92.gif\" width='8' height='11' alt=\"-\" style='height:11px;width:8px;' class='' \/> Si le jour non travaill\u00e9 ne se situe pas dans une semaine de remplacement, on indiquera le volume horaire du jour de l&rsquo;\u00e9cole de rattachement.<\/p>\n<p class=\"spip\">Le tableur ci dessous.<\/p>\n<dl class='spip_document_2376 spip_documents spip_documents_center' >\n<dt><a href=\"https:\/\/snuipp86.fr\/wp-content\/spip\/IMG\/zip\/Tableau_de_suivi_des_horaires_des_Remplacants_zone_A_SNUIpp86.xlsx.zip\" title='Zip - 75.6 ko' type=\"application\/zip\"><img src='https:\/\/snuipp86.fr\/wp-content\/spip\/cache-vignettes\/L52xH52\/zip-581d9.png' width='52' height='52' alt='Zip - 75.6 ko' style='height:52px;width:52px;' class=' format_png' \/><\/a><\/dt>\n<dt class='spip_doc_titre' style='width:120px;'><strong>Tableau_de_suivi_des_horaires_des_Remplacants_zone A SNUIpp86<\/strong><\/dt>\n<\/dl>\n<\/div>\n","protected":false},"excerpt":{"rendered":"<p>Avec la mise en place de rythmes diff\u00e9rents selon les \u00e9coles, le temps de travail des rempla\u00e7ants et des compl\u00e9ments de service peut d\u00e9passer les 24 heures hebdomadaires. Ces heures effectu\u00e9es en plus donnent droit \u00e0 un temps de r\u00e9cup\u00e9ration. <br \/>Pour aider les rempla\u00e7ants \u00e0 comptabiliser leur travail effectif jour apr\u00e8s jour, le SNUipp-FSU 86 met \u00e0 leur disposition un tableur. Il s&rsquo;agit de saisir le nombre d&rsquo;heures effectu\u00e9es pour chaque journ\u00e9e de classe. Si une journ\u00e9e est non (&#8230;)<br \/>\n&#8211;<br \/>\n<a href=\"http:\/\/86.snuipp.fr\/spip.php?rubrique125\" rel=\"directory\">Organisation de la semaine scolaire et temps de travail<\/a><br \/>\n\/<br \/>\n<a href=\"http:\/\/86.snuipp.fr\/spip.php?mot320\" rel=\"tag\">Rythmes scolaires<\/a>,<br \/>\n<a href=\"http:\/\/86.snuipp.fr\/spip.php?mot324\" rel=\"tag\">Documents d&rsquo;aide<\/a><\/p>\n","protected":false},"author":1,"featured_media":0,"comment_status":"open","ping_status":"open","sticky":false,"template":"","format":"standard","meta":{"footnotes":""},"categories":[14],"tags":[],"class_list":["post-740","post","type-post","status-publish","format-standard","hentry","category-a-la-une"],"yoast_head":"<!-- This site is optimized with the Yoast SEO plugin v26.6 - https:\/\/yoast.com\/wordpress\/plugins\/seo\/ -->\n<title>Tableur de calcul des obligations de services des rempla\u00e7ants et des fractionn\u00e9s - FSU-SNUipp 86<\/title>\n<meta name=\"robots\" content=\"index, follow, max-snippet:-1, max-image-preview:large, max-video-preview:-1\" \/>\n<link rel=\"canonical\" href=\"https:\/\/snuipp86.fr\/index.php\/2015\/09\/07\/tableur-de-calcul-des-obligations-de-services-des-remplaants-et-des-fractionns\/\" \/>\n<meta property=\"og:locale\" content=\"fr_FR\" \/>\n<meta property=\"og:type\" content=\"article\" \/>\n<meta property=\"og:title\" content=\"Tableur de calcul des obligations de services des rempla\u00e7ants et des fractionn\u00e9s - FSU-SNUipp 86\" \/>\n<meta property=\"og:description\" content=\"Avec la mise en place de rythmes diff\u00e9rents selon les \u00e9coles, le temps de travail des rempla\u00e7ants et des compl\u00e9ments de service peut d\u00e9passer les 24 heures hebdomadaires. Ces heures effectu\u00e9es en plus donnent droit \u00e0 un temps de r\u00e9cup\u00e9ration. Pour aider les rempla\u00e7ants \u00e0 comptabiliser leur travail effectif jour apr\u00e8s jour, le SNUipp-FSU 86 met \u00e0 leur disposition un tableur. Il s&#039;agit de saisir le nombre d&#039;heures effectu\u00e9es pour chaque journ\u00e9e de classe. Si une journ\u00e9e est non (...) - Organisation de la semaine scolaire et temps de travail \/ Rythmes scolaires, Documents d&#039;aide\" \/>\n<meta property=\"og:url\" content=\"https:\/\/snuipp86.fr\/index.php\/2015\/09\/07\/tableur-de-calcul-des-obligations-de-services-des-remplaants-et-des-fractionns\/\" \/>\n<meta property=\"og:site_name\" content=\"FSU-SNUipp 86\" \/>\n<meta property=\"article:published_time\" content=\"2015-09-07T14:43:25+00:00\" \/>\n<meta property=\"og:image\" content=\"http:\/\/snuipp86.fr\/wp-content\/spip\/IMG\/arton2891.jpg\" \/>\n<meta name=\"author\" content=\"WP86Admin\" \/>\n<meta name=\"twitter:card\" content=\"summary_large_image\" \/>\n<meta name=\"twitter:label1\" content=\"\u00c9crit par\" \/>\n\t<meta name=\"twitter:data1\" content=\"WP86Admin\" \/>\n\t<meta name=\"twitter:label2\" content=\"Dur\u00e9e de lecture estim\u00e9e\" \/>\n\t<meta name=\"twitter:data2\" content=\"1 minute\" \/>\n<script type=\"application\/ld+json\" class=\"yoast-schema-graph\">{\"@context\":\"https:\/\/schema.org\",\"@graph\":[{\"@type\":\"WebPage\",\"@id\":\"https:\/\/snuipp86.fr\/index.php\/2015\/09\/07\/tableur-de-calcul-des-obligations-de-services-des-remplaants-et-des-fractionns\/\",\"url\":\"https:\/\/snuipp86.fr\/index.php\/2015\/09\/07\/tableur-de-calcul-des-obligations-de-services-des-remplaants-et-des-fractionns\/\",\"name\":\"Tableur de calcul des obligations de services des rempla\u00e7ants et des fractionn\u00e9s - FSU-SNUipp 86\",\"isPartOf\":{\"@id\":\"https:\/\/snuipp86.fr\/#website\"},\"primaryImageOfPage\":{\"@id\":\"https:\/\/snuipp86.fr\/index.php\/2015\/09\/07\/tableur-de-calcul-des-obligations-de-services-des-remplaants-et-des-fractionns\/#primaryimage\"},\"image\":{\"@id\":\"https:\/\/snuipp86.fr\/index.php\/2015\/09\/07\/tableur-de-calcul-des-obligations-de-services-des-remplaants-et-des-fractionns\/#primaryimage\"},\"thumbnailUrl\":\"http:\/\/snuipp86.fr\/wp-content\/spip\/IMG\/arton2891.jpg\",\"datePublished\":\"2015-09-07T14:43:25+00:00\",\"author\":{\"@id\":\"https:\/\/snuipp86.fr\/#\/schema\/person\/901b28b9ae1c7a63a6a940102e52a7a2\"},\"breadcrumb\":{\"@id\":\"https:\/\/snuipp86.fr\/index.php\/2015\/09\/07\/tableur-de-calcul-des-obligations-de-services-des-remplaants-et-des-fractionns\/#breadcrumb\"},\"inLanguage\":\"fr-FR\",\"potentialAction\":[{\"@type\":\"ReadAction\",\"target\":[\"https:\/\/snuipp86.fr\/index.php\/2015\/09\/07\/tableur-de-calcul-des-obligations-de-services-des-remplaants-et-des-fractionns\/\"]}]},{\"@type\":\"ImageObject\",\"inLanguage\":\"fr-FR\",\"@id\":\"https:\/\/snuipp86.fr\/index.php\/2015\/09\/07\/tableur-de-calcul-des-obligations-de-services-des-remplaants-et-des-fractionns\/#primaryimage\",\"url\":\"http:\/\/snuipp86.fr\/wp-content\/spip\/IMG\/arton2891.jpg\",\"contentUrl\":\"http:\/\/snuipp86.fr\/wp-content\/spip\/IMG\/arton2891.jpg\"},{\"@type\":\"BreadcrumbList\",\"@id\":\"https:\/\/snuipp86.fr\/index.php\/2015\/09\/07\/tableur-de-calcul-des-obligations-de-services-des-remplaants-et-des-fractionns\/#breadcrumb\",\"itemListElement\":[{\"@type\":\"ListItem\",\"position\":1,\"name\":\"Accueil\",\"item\":\"https:\/\/snuipp86.fr\/\"},{\"@type\":\"ListItem\",\"position\":2,\"name\":\"Tableur de calcul des obligations de services des rempla\u00e7ants et des fractionn\u00e9s\"}]},{\"@type\":\"WebSite\",\"@id\":\"https:\/\/snuipp86.fr\/#website\",\"url\":\"https:\/\/snuipp86.fr\/\",\"name\":\"FSU-SNUipp 86\",\"description\":\"Des id\u00e9es qui font l&#039;\u00e9cole\",\"potentialAction\":[{\"@type\":\"SearchAction\",\"target\":{\"@type\":\"EntryPoint\",\"urlTemplate\":\"https:\/\/snuipp86.fr\/?s={search_term_string}\"},\"query-input\":{\"@type\":\"PropertyValueSpecification\",\"valueRequired\":true,\"valueName\":\"search_term_string\"}}],\"inLanguage\":\"fr-FR\"},{\"@type\":\"Person\",\"@id\":\"https:\/\/snuipp86.fr\/#\/schema\/person\/901b28b9ae1c7a63a6a940102e52a7a2\",\"name\":\"WP86Admin\",\"image\":{\"@type\":\"ImageObject\",\"inLanguage\":\"fr-FR\",\"@id\":\"https:\/\/snuipp86.fr\/#\/schema\/person\/image\/\",\"url\":\"https:\/\/secure.gravatar.com\/avatar\/0099845c7ec05dc10d777d8ab4f5142c5ba316283821af2459738ad469a37a1a?s=96&d=mm&r=g\",\"contentUrl\":\"https:\/\/secure.gravatar.com\/avatar\/0099845c7ec05dc10d777d8ab4f5142c5ba316283821af2459738ad469a37a1a?s=96&d=mm&r=g\",\"caption\":\"WP86Admin\"},\"url\":\"https:\/\/snuipp86.fr\/index.php\/author\/wp86admin\/\"}]}<\/script>\n<!-- \/ Yoast SEO plugin. -->","yoast_head_json":{"title":"Tableur de calcul des obligations de services des rempla\u00e7ants et des fractionn\u00e9s - FSU-SNUipp 86","robots":{"index":"index","follow":"follow","max-snippet":"max-snippet:-1","max-image-preview":"max-image-preview:large","max-video-preview":"max-video-preview:-1"},"canonical":"https:\/\/snuipp86.fr\/index.php\/2015\/09\/07\/tableur-de-calcul-des-obligations-de-services-des-remplaants-et-des-fractionns\/","og_locale":"fr_FR","og_type":"article","og_title":"Tableur de calcul des obligations de services des rempla\u00e7ants et des fractionn\u00e9s - FSU-SNUipp 86","og_description":"Avec la mise en place de rythmes diff\u00e9rents selon les \u00e9coles, le temps de travail des rempla\u00e7ants et des compl\u00e9ments de service peut d\u00e9passer les 24 heures hebdomadaires. Ces heures effectu\u00e9es en plus donnent droit \u00e0 un temps de r\u00e9cup\u00e9ration. Pour aider les rempla\u00e7ants \u00e0 comptabiliser leur travail effectif jour apr\u00e8s jour, le SNUipp-FSU 86 met \u00e0 leur disposition un tableur. Il s'agit de saisir le nombre d'heures effectu\u00e9es pour chaque journ\u00e9e de classe. Si une journ\u00e9e est non (...) - Organisation de la semaine scolaire et temps de travail \/ Rythmes scolaires, Documents d'aide","og_url":"https:\/\/snuipp86.fr\/index.php\/2015\/09\/07\/tableur-de-calcul-des-obligations-de-services-des-remplaants-et-des-fractionns\/","og_site_name":"FSU-SNUipp 86","article_published_time":"2015-09-07T14:43:25+00:00","og_image":[{"url":"http:\/\/snuipp86.fr\/wp-content\/spip\/IMG\/arton2891.jpg","type":"","width":"","height":""}],"author":"WP86Admin","twitter_card":"summary_large_image","twitter_misc":{"\u00c9crit par":"WP86Admin","Dur\u00e9e de lecture estim\u00e9e":"1 minute"},"schema":{"@context":"https:\/\/schema.org","@graph":[{"@type":"WebPage","@id":"https:\/\/snuipp86.fr\/index.php\/2015\/09\/07\/tableur-de-calcul-des-obligations-de-services-des-remplaants-et-des-fractionns\/","url":"https:\/\/snuipp86.fr\/index.php\/2015\/09\/07\/tableur-de-calcul-des-obligations-de-services-des-remplaants-et-des-fractionns\/","name":"Tableur de calcul des obligations de services des rempla\u00e7ants et des fractionn\u00e9s - FSU-SNUipp 86","isPartOf":{"@id":"https:\/\/snuipp86.fr\/#website"},"primaryImageOfPage":{"@id":"https:\/\/snuipp86.fr\/index.php\/2015\/09\/07\/tableur-de-calcul-des-obligations-de-services-des-remplaants-et-des-fractionns\/#primaryimage"},"image":{"@id":"https:\/\/snuipp86.fr\/index.php\/2015\/09\/07\/tableur-de-calcul-des-obligations-de-services-des-remplaants-et-des-fractionns\/#primaryimage"},"thumbnailUrl":"http:\/\/snuipp86.fr\/wp-content\/spip\/IMG\/arton2891.jpg","datePublished":"2015-09-07T14:43:25+00:00","author":{"@id":"https:\/\/snuipp86.fr\/#\/schema\/person\/901b28b9ae1c7a63a6a940102e52a7a2"},"breadcrumb":{"@id":"https:\/\/snuipp86.fr\/index.php\/2015\/09\/07\/tableur-de-calcul-des-obligations-de-services-des-remplaants-et-des-fractionns\/#breadcrumb"},"inLanguage":"fr-FR","potentialAction":[{"@type":"ReadAction","target":["https:\/\/snuipp86.fr\/index.php\/2015\/09\/07\/tableur-de-calcul-des-obligations-de-services-des-remplaants-et-des-fractionns\/"]}]},{"@type":"ImageObject","inLanguage":"fr-FR","@id":"https:\/\/snuipp86.fr\/index.php\/2015\/09\/07\/tableur-de-calcul-des-obligations-de-services-des-remplaants-et-des-fractionns\/#primaryimage","url":"http:\/\/snuipp86.fr\/wp-content\/spip\/IMG\/arton2891.jpg","contentUrl":"http:\/\/snuipp86.fr\/wp-content\/spip\/IMG\/arton2891.jpg"},{"@type":"BreadcrumbList","@id":"https:\/\/snuipp86.fr\/index.php\/2015\/09\/07\/tableur-de-calcul-des-obligations-de-services-des-remplaants-et-des-fractionns\/#breadcrumb","itemListElement":[{"@type":"ListItem","position":1,"name":"Accueil","item":"https:\/\/snuipp86.fr\/"},{"@type":"ListItem","position":2,"name":"Tableur de calcul des obligations de services des rempla\u00e7ants et des fractionn\u00e9s"}]},{"@type":"WebSite","@id":"https:\/\/snuipp86.fr\/#website","url":"https:\/\/snuipp86.fr\/","name":"FSU-SNUipp 86","description":"Des id\u00e9es qui font l&#039;\u00e9cole","potentialAction":[{"@type":"SearchAction","target":{"@type":"EntryPoint","urlTemplate":"https:\/\/snuipp86.fr\/?s={search_term_string}"},"query-input":{"@type":"PropertyValueSpecification","valueRequired":true,"valueName":"search_term_string"}}],"inLanguage":"fr-FR"},{"@type":"Person","@id":"https:\/\/snuipp86.fr\/#\/schema\/person\/901b28b9ae1c7a63a6a940102e52a7a2","name":"WP86Admin","image":{"@type":"ImageObject","inLanguage":"fr-FR","@id":"https:\/\/snuipp86.fr\/#\/schema\/person\/image\/","url":"https:\/\/secure.gravatar.com\/avatar\/0099845c7ec05dc10d777d8ab4f5142c5ba316283821af2459738ad469a37a1a?s=96&d=mm&r=g","contentUrl":"https:\/\/secure.gravatar.com\/avatar\/0099845c7ec05dc10d777d8ab4f5142c5ba316283821af2459738ad469a37a1a?s=96&d=mm&r=g","caption":"WP86Admin"},"url":"https:\/\/snuipp86.fr\/index.php\/author\/wp86admin\/"}]}},"_links":{"self":[{"href":"https:\/\/snuipp86.fr\/index.php\/wp-json\/wp\/v2\/posts\/740","targetHints":{"allow":["GET"]}}],"collection":[{"href":"https:\/\/snuipp86.fr\/index.php\/wp-json\/wp\/v2\/posts"}],"about":[{"href":"https:\/\/snuipp86.fr\/index.php\/wp-json\/wp\/v2\/types\/post"}],"author":[{"embeddable":true,"href":"https:\/\/snuipp86.fr\/index.php\/wp-json\/wp\/v2\/users\/1"}],"replies":[{"embeddable":true,"href":"https:\/\/snuipp86.fr\/index.php\/wp-json\/wp\/v2\/comments?post=740"}],"version-history":[{"count":0,"href":"https:\/\/snuipp86.fr\/index.php\/wp-json\/wp\/v2\/posts\/740\/revisions"}],"wp:attachment":[{"href":"https:\/\/snuipp86.fr\/index.php\/wp-json\/wp\/v2\/media?parent=740"}],"wp:term":[{"taxonomy":"category","embeddable":true,"href":"https:\/\/snuipp86.fr\/index.php\/wp-json\/wp\/v2\/categories?post=740"},{"taxonomy":"post_tag","embeddable":true,"href":"https:\/\/snuipp86.fr\/index.php\/wp-json\/wp\/v2\/tags?post=740"}],"curies":[{"name":"wp","href":"https:\/\/api.w.org\/{rel}","templated":true}]}}