{"id":742,"date":"2015-09-03T23:44:00","date_gmt":"2015-09-03T23:44:00","guid":{"rendered":"http:\/\/localhost\/wordpress\/2015\/09\/03\/urgent-salaires-les-propositions-du-gouvernement-donnez-votre-avis\/"},"modified":"2015-09-03T23:44:00","modified_gmt":"2015-09-03T23:44:00","slug":"urgent-salaires-les-propositions-du-gouvernement-donnez-votre-avis","status":"publish","type":"post","link":"https:\/\/snuipp86.fr\/index.php\/2015\/09\/03\/urgent-salaires-les-propositions-du-gouvernement-donnez-votre-avis\/","title":{"rendered":"URGENT Salaires &#8211; les propositions du gouvernement ! Donnez votre avis !"},"content":{"rendered":"<p><img decoding=\"async\" src=\"https:\/\/snuipp86.fr\/wp-content\/spip\/IMG\/arton2879.jpg\" alt=\"\" align=\"right\" width=\"110\" height=\"110\" class=\"spip_logos\" \/><\/p>\n<div class='rss_texte'>\n<p class=\"spip\">Apr\u00e8s un an de discussions avec les f\u00e9d\u00e9rations de fonctionnaires, la ministre de la fonction publique soumet un projet d&rsquo;accord relatif \u00e0 \u00ab l&rsquo;avenir de la Fonction publique : la modernisation des parcours professionnels, des carri\u00e8res et des r\u00e9mun\u00e9rations \u00bb \u00e0 l&rsquo;appr\u00e9ciation des syndicats. Avant de se prononcer, le SNUipp et les autres syndicats enseignants de la FSU consultent les personnels.<\/p>\n<p class=\"spip\">Pour participer \u00e0 la consultation : cliquer sur l&rsquo;image<\/p>\n<dl class='spip_document_2371 spip_documents spip_documents_center' >\n<dt><a href=\"http:\/\/consultppcr.snuipp.fr\/\" class=\"spip_out\" title='JPEG - 73.6 ko'><img src='https:\/\/snuipp86.fr\/wp-content\/spip\/cache-vignettes\/L500xH200\/PPCR_500px-f0e72.jpg' width='500' height='200' alt='JPEG - 73.6 ko' style='height:200px;width:500px;' class='' \/><\/a><\/dt>\n<dt class='spip_doc_titre' style='width:350px;'><strong>PPCR_500px<\/strong><\/dt>\n<\/dl>\n<h3 class=\"spip\" id=\"outil_sommaire_0\"><a title=\"Sommaire\" href=\"http:\/\/86.snuipp.fr\/spip.php?page=backend&#038;id_rubrique=#outil_sommaire\" class=\"sommaire_ancre\"> <\/a>Le contenu de l&rsquo;accord<\/h3>\n<p class=\"spip\">L&rsquo;accord, qui sera ensuite d\u00e9clin\u00e9 dans chaque minist\u00e8re, comporte deux axes :<\/p>\n<p class=\"spip\"><img decoding=\"async\" src=\"https:\/\/snuipp86.fr\/wp-content\/spip\/cache-vignettes\/L8xH11\/puce-68c92.gif\" width='8' height='11' alt=\"-\" style='height:11px;width:8px;' class='' \/> l&rsquo;axe 1 porte sur les recrutements, l&rsquo;architecture statutaire et l&rsquo;attractivit\u00e9 des emplois, avec l&rsquo;objectif affich\u00e9 de \u00ab renforcer l&rsquo;unit\u00e9 de la Fonction publique \u00bb par l&rsquo;adoption de r\u00e8gles communes aux trois versants de la fonction publique (d&rsquo;\u00c9tat, territoriale et hospitali\u00e8re) ;<\/p>\n<p class=\"spip\"><img decoding=\"async\" src=\"https:\/\/snuipp86.fr\/wp-content\/spip\/cache-vignettes\/L8xH11\/puce-68c92.gif\" width='8' height='11' alt=\"-\" style='height:11px;width:8px;' class='' \/> l&rsquo;axe 2 porte sur la revalorisation salariale, le d\u00e9roulement des carri\u00e8res et la refonte des grilles indiciairres, dans le but d&rsquo;\u00ab am\u00e9liorer la politique de r\u00e9mun\u00e9ration de la Fonction publique \u00bb.<\/p>\n<p class=\"spip\">Il pr\u00e9cise aussi la m\u00e9thode et les conditions de sa mise en \u0153uvre. Il met en place le cadre des prochaines n\u00e9gociations salariales dans la fonction publique (r\u00e9unions triennales avec un point d&rsquo;\u00e9tape annuel). Le premier rendez-vous est pr\u00e9vu en f\u00e9vrier 2016.<\/p>\n<p class=\"spip\">Lire :<\/p>\n<p class=\"spip\"><img decoding=\"async\" src=\"https:\/\/snuipp86.fr\/wp-content\/spip\/cache-vignettes\/L8xH11\/puce-68c92.gif\" width='8' height='11' alt=\"-\" style='height:11px;width:8px;' class='' \/> <a href=\"http:\/\/www.fsu.fr\/IMG\/pdf\/protocole_ppcr.pdf\" class=\"spip_out\">le texte int\u00e9gral du protocole<\/a><\/p>\n<h3 class=\"spip\" id=\"outil_sommaire_1\"><a title=\"Sommaire\" href=\"http:\/\/86.snuipp.fr\/spip.php?page=backend&#038;id_rubrique=#outil_sommaire\" class=\"sommaire_ancre\"> <\/a>Les propositions<\/h3>\n<p class=\"spip\">M\u00eame si l&rsquo;axe 1 est important, c&rsquo;est surtout l&rsquo;axe 2 portant sur les r\u00e9mun\u00e9rations qui focalise l&rsquo;attention, la situation des fonctionnaires \u00e9tant au point mort depuis le gel de la valeur du point d&rsquo;indice en 2010.<\/p>\n<p class=\"spip\">Cliquer sur le document ci-dessous pour lire les mesures principales<\/p>\n<dl class='spip_document_2369 spip_documents spip_documents_center' >\n<dt><a href=\"https:\/\/snuipp86.fr\/wp-content\/spip\/IMG\/pdf\/Principales_mesures-1.pdf\" title='PDF - 163.9 ko' type=\"application\/pdf\"><img src='https:\/\/snuipp86.fr\/wp-content\/spip\/cache-vignettes\/L52xH52\/pdf-d7486.png' width='52' height='52' alt='PDF - 163.9 ko' style='height:52px;width:52px;' class=' format_png' \/><\/a><\/dt>\n<dt class='spip_doc_titre' style='width:120px;'><strong>Principales_mesures-1<\/strong><\/dt>\n<\/dl>\n<p class=\"spip\">Cliquer sur le document ci-dessous pour la projection de la nouvelle grille indiciaire<\/p>\n<dl class='spip_document_2370 spip_documents spip_documents_center' >\n<dt><a href=\"https:\/\/snuipp86.fr\/wp-content\/spip\/IMG\/pdf\/Hypothe_se_de_projection_sur_la_grille_enseignante.pdf\" title='PDF - 187.1 ko' type=\"application\/pdf\"><img src='https:\/\/snuipp86.fr\/wp-content\/spip\/cache-vignettes\/L52xH52\/pdf-d7486.png' width='52' height='52' alt='PDF - 187.1 ko' style='height:52px;width:52px;' class=' format_png' \/><\/a><\/dt>\n<dt class='spip_doc_titre' style='width:120px;'><strong>Hypothe_se_de_projection_sur_la_grille_enseignante<\/strong><\/dt>\n<\/dl>\n<h3 class=\"spip\" id=\"outil_sommaire_2\"><a title=\"Sommaire\" href=\"http:\/\/86.snuipp.fr\/spip.php?page=backend&#038;id_rubrique=#outil_sommaire\" class=\"sommaire_ancre\"> <\/a>L&rsquo;analyse du SNUipp et de la FSU<\/h3>\n<p class=\"spip\">La FSU s&rsquo;est engag\u00e9e avec beaucoup de d\u00e9termination dans les discussions pour porter les attentes de la profession en mati\u00e8re de restructuration des grilles indiciaires et de revalorisation des salaires. Le pr\u00e9alable portant sur la valeur du point d&rsquo;indice n&rsquo;a pas \u00e9t\u00e9 un des axes de discussion retenu. Il sera \u00e0 l&rsquo;ordre du jour du premier rendez-vous salarial de f\u00e9vrier 2016, \u00ab au vu des indicateurs \u00e9conomiques \u00bb.<\/p>\n<p class=\"spip\">Beaucoup de points restent en attente et feront l&rsquo;objet de discussions ult\u00e9rieures. Le calendrier propos\u00e9, m\u00eame s&rsquo;il a \u00e9volu\u00e9, n&rsquo;est toujours pas assez resserr\u00e9, repoussant la mise en \u0153uvre de certaines mesures apr\u00e8s la fin du quinquennat.<\/p>\n<p class=\"spip\">La ministre de la Fonction publique lie la poursuite des n\u00e9gociations \u2013 et plus particuli\u00e8rement le rendez-vous salarial de d\u00e9but 2016 \u2013 \u00e0 la signature de la majorit\u00e9 des f\u00e9d\u00e9rations de fonctionnaires. A d\u00e9faut, les propositions contenues dans cet accord seraient caduques.<\/p>\n<p class=\"spip\">Au final, si les mesures propos\u00e9es devraient se traduire par un gain sur les salaires d&rsquo;environ 2%, elles ne rattraperont pas la perte de pouvoir d&rsquo;achat des enseignants du premier degr\u00e9. Pour la FSU, comme pour le SNUipp, et quelle que soit l&rsquo;appr\u00e9ciation donn\u00e9e \u00e0 ces propositions, il sera n\u00e9cessaire de construire des mobilisations avec les personnels pour obtenir de nouveaux acquis et aller au-del\u00e0 de mesures partielles.<\/p>\n<p class=\"spip\">Les revendications du SNUipp-FSU<br \/>\n<br \/><img decoding=\"async\" src=\"https:\/\/snuipp86.fr\/wp-content\/spip\/cache-vignettes\/L8xH11\/puce-68c92.gif\" width='8' height='11' alt=\"-\" style='height:11px;width:8px;' class='' \/> la revalorisation du point d&rsquo;indice, son indexation sur les prix et des mesures de rattrapage des pertes <br \/><img decoding=\"async\" src=\"https:\/\/snuipp86.fr\/wp-content\/spip\/cache-vignettes\/L8xH11\/puce-68c92.gif\" width='8' height='11' alt=\"-\" style='height:11px;width:8px;' class='' \/> la reconstruction de la grille avec en premi\u00e8re mesure, une augmentation de 50 points d&rsquo;indice <br \/><img decoding=\"async\" src=\"https:\/\/snuipp86.fr\/wp-content\/spip\/cache-vignettes\/L8xH11\/puce-68c92.gif\" width='8' height='11' alt=\"-\" style='height:11px;width:8px;' class='' \/> l&rsquo;acc\u00e8s de tous les enseignants \u00e0 l&rsquo;indice 783, indice terminal du corps avec la transformation de la hors classe en \u00e9chelons accessibles \u00e0 tous <br \/><img decoding=\"async\" src=\"https:\/\/snuipp86.fr\/wp-content\/spip\/cache-vignettes\/L8xH11\/puce-68c92.gif\" width='8' height='11' alt=\"-\" style='height:11px;width:8px;' class='' \/> une carri\u00e8re lin\u00e9aire d\u00e9connect\u00e9e de l&rsquo;\u00e9valuation et d&rsquo;un pseudo m\u00e9rite <br \/><img decoding=\"async\" src=\"https:\/\/snuipp86.fr\/wp-content\/spip\/cache-vignettes\/L8xH11\/puce-68c92.gif\" width='8' height='11' alt=\"-\" style='height:11px;width:8px;' class='' \/> un rythme d&rsquo;avancement qui soit le m\u00eame pour tous align\u00e9 sur le rythme le plus rapide <br \/><img decoding=\"async\" src=\"https:\/\/snuipp86.fr\/wp-content\/spip\/cache-vignettes\/L8xH11\/puce-68c92.gif\" width='8' height='11' alt=\"-\" style='height:11px;width:8px;' class='' \/> Le SNUipp n&rsquo;est pas favorable \u00e0 la cr\u00e9ation d&rsquo;un troisi\u00e8me grade o\u00f9 l&rsquo;avis de l&rsquo;IEN est pr\u00e9pond\u00e9rant et o\u00f9 seule une minorit\u00e9 d&rsquo;enseignants serait concern\u00e9e. <br \/><img decoding=\"async\" src=\"https:\/\/snuipp86.fr\/wp-content\/spip\/cache-vignettes\/L8xH11\/puce-68c92.gif\" width='8' height='11' alt=\"-\" style='height:11px;width:8px;' class='' \/> Le SNUipp demande que les indemnit\u00e9s soient int\u00e9gr\u00e9es au salaire pour une meilleure prise en compte dans le calcul des pensions.<\/p>\n<p class=\"spip\">Lire : <br \/><img decoding=\"async\" src=\"https:\/\/snuipp86.fr\/wp-content\/spip\/cache-vignettes\/L8xH11\/puce-68c92.gif\" width='8' height='11' alt=\"-\" style='height:11px;width:8px;' class='' \/> <a href=\"http:\/\/www.fsu.fr\/IMG\/pdf\/4_pages_ppcr_juillet_2015_def.pdf\" class=\"spip_out\">le 4 pages de la FSU<\/a><\/p>\n<h3 class=\"spip\" id=\"outil_sommaire_3\"><a title=\"Sommaire\" href=\"http:\/\/86.snuipp.fr\/spip.php?page=backend&#038;id_rubrique=#outil_sommaire\" class=\"sommaire_ancre\"> <\/a>Votre avis compte !<\/h3>\n<p class=\"spip\">Quatre syndicats enseignants de la FSU \u2013 le SNUipp, le SNES, le SNEP et le SNUEP \u2013 ont d\u00e9cid\u00e9 de consulter les personnels, en ligne, jusqu<strong class=\"spip\">&lsquo;au 11 septembre.<\/strong><\/p>\n<p class=\"spip\">Le r\u00e9sultat de cette vaste consultation permettra \u00e0 la FSU de cerner les attentes des personnels et de conna\u00eetre leur appr\u00e9ciation sur le contenu de l&rsquo;accord. Il participera aussi \u00e0 la prise de position finale de la FSU.<\/p>\n<p class=\"spip\">Pour participer \u00e0 la consultation : cliquer sur l&rsquo;image<\/p>\n<dl class='spip_document_2371 spip_documents spip_documents_center' >\n<dt><a href=\"http:\/\/consultppcr.snuipp.fr\/\" class=\"spip_out\" title='JPEG - 73.6 ko'><img src='https:\/\/snuipp86.fr\/wp-content\/spip\/cache-vignettes\/L500xH200\/PPCR_500px-f0e72.jpg' width='500' height='200' alt='JPEG - 73.6 ko' style='height:200px;width:500px;' class='' \/><\/a><\/dt>\n<dt class='spip_doc_titre' style='width:350px;'><strong>PPCR_500px<\/strong><\/dt>\n<\/dl>\n<h3 class=\"spip\" id=\"outil_sommaire_4\"><a title=\"Sommaire\" href=\"http:\/\/86.snuipp.fr\/spip.php?page=backend&#038;id_rubrique=#outil_sommaire\" class=\"sommaire_ancre\"> <\/a>R\u00e9union d&rsquo;infos syndicales<\/h3>\n<p class=\"spip\">Pour \u00e9changer avec vous sur le sujet, le SNUipp-FSU vous propose une r\u00e9union d&rsquo;infos syndicales sur cette question<\/p>\n<p class=\"spip\"><strong class=\"spip\">Mardi 8 septembre \u00e0 la maison syndicale \u00e0 Poitiers de 17h30 \u00e0 18h30<\/strong><\/p>\n<p class=\"spip\">Vous pourrez d\u00e9duire cette heure d&rsquo;une animation p\u00e9dagogique.<\/p>\n<p class=\"spip\"><strong class=\"spip\">Mod\u00e8le de mail \u00e0 envoyer \u00e0 votre IEN. les adresses mails sur ce lien<\/strong><\/p>\n<p class=\"spip\">Instituteur \/ PE<\/p>\n<p class=\"spip\">Ecole&#8230;&#8230;&#8230;&#8230;&#8230;&#8230;&#8230;&#8230;&#8230;&#8230;&#8230;&#8230;&#8230;&#8230;&#8230;&#8230;&#8230;&#8230;&#8230;..<\/p>\n<p class=\"spip\">\u00e0 Madame, Monsieur l&rsquo;Inspecteur de l&rsquo;Education Nationale<\/p>\n<p class=\"spip\">Circonscription \u2026\u2026\u2026\u2026\u2026\u2026<\/p>\n<p class=\"spip\">Madame, Monsieur l&rsquo;Inspecteur(trice),<\/p>\n<p class=\"spip\">Je vous informe que je participerai \u00e0 une r\u00e9union d&rsquo;informations syndicales organis\u00e9e par le SNUipp de la Vienne, le 8 septembre 2015 \u00e0 17h30 et vous demande de bien vouloir d\u00e9compter cette heure de mon temps d&rsquo;animations p\u00e9dagogiques<\/p>\n<\/div>\n","protected":false},"excerpt":{"rendered":"<p>Apr\u00e8s un an de discussions avec les f\u00e9d\u00e9rations de fonctionnaires, la ministre de la fonction publique soumet un projet d&rsquo;accord relatif \u00e0 \u00ab l&rsquo;avenir de la Fonction publique : la modernisation des parcours professionnels, des carri\u00e8res et des r\u00e9mun\u00e9rations \u00bb \u00e0 l&rsquo;appr\u00e9ciation des syndicats. Avant de se prononcer, le SNUipp et les autres syndicats enseignants de la FSU consultent les personnels. <br \/>Pour participer \u00e0 la consultation : cliquer sur l&rsquo;image (&#8230;)<br \/>\n&#8211;<br \/>\n<a href=\"http:\/\/86.snuipp.fr\/spip.php?rubrique86\" rel=\"directory\">Salaires, Indices, Indemnit\u00e9s, Primes, GIPA<\/a><br \/>\n\/<br \/>\n<a href=\"http:\/\/86.snuipp.fr\/spip.php?mot283\" rel=\"tag\">Promotions<\/a>,<br \/>\n<a href=\"http:\/\/86.snuipp.fr\/spip.php?mot286\" rel=\"tag\">Salaires, indemnit\u00e9s, primes .<\/a><\/p>\n","protected":false},"author":1,"featured_media":0,"comment_status":"open","ping_status":"open","sticky":false,"template":"","format":"standard","meta":{"footnotes":""},"categories":[14],"tags":[],"class_list":["post-742","post","type-post","status-publish","format-standard","hentry","category-a-la-une"],"yoast_head":"<!-- This site is optimized with the Yoast SEO plugin v26.6 - https:\/\/yoast.com\/wordpress\/plugins\/seo\/ -->\n<title>URGENT Salaires - les propositions du gouvernement ! Donnez votre avis ! - FSU-SNUipp 86<\/title>\n<meta name=\"robots\" content=\"index, follow, max-snippet:-1, max-image-preview:large, max-video-preview:-1\" \/>\n<link rel=\"canonical\" href=\"https:\/\/snuipp86.fr\/index.php\/2015\/09\/03\/urgent-salaires-les-propositions-du-gouvernement-donnez-votre-avis\/\" \/>\n<meta property=\"og:locale\" content=\"fr_FR\" \/>\n<meta property=\"og:type\" content=\"article\" \/>\n<meta property=\"og:title\" content=\"URGENT Salaires - les propositions du gouvernement ! Donnez votre avis ! - FSU-SNUipp 86\" \/>\n<meta property=\"og:description\" content=\"Apr\u00e8s un an de discussions avec les f\u00e9d\u00e9rations de fonctionnaires, la ministre de la fonction publique soumet un projet d&#039;accord relatif \u00e0 \u00ab l&#039;avenir de la Fonction publique : la modernisation des parcours professionnels, des carri\u00e8res et des r\u00e9mun\u00e9rations \u00bb \u00e0 l&#039;appr\u00e9ciation des syndicats. Avant de se prononcer, le SNUipp et les autres syndicats enseignants de la FSU consultent les personnels. Pour participer \u00e0 la consultation : cliquer sur l&#039;image (...) - Salaires, Indices, Indemnit\u00e9s, Primes, GIPA \/ Promotions, Salaires, indemnit\u00e9s, primes .\" \/>\n<meta property=\"og:url\" content=\"https:\/\/snuipp86.fr\/index.php\/2015\/09\/03\/urgent-salaires-les-propositions-du-gouvernement-donnez-votre-avis\/\" \/>\n<meta property=\"og:site_name\" content=\"FSU-SNUipp 86\" \/>\n<meta property=\"article:published_time\" content=\"2015-09-03T23:44:00+00:00\" \/>\n<meta property=\"og:image\" content=\"http:\/\/snuipp86.fr\/wp-content\/spip\/IMG\/arton2879.jpg\" \/>\n<meta name=\"author\" content=\"WP86Admin\" \/>\n<meta name=\"twitter:card\" content=\"summary_large_image\" \/>\n<meta name=\"twitter:label1\" content=\"\u00c9crit par\" \/>\n\t<meta name=\"twitter:data1\" content=\"WP86Admin\" \/>\n\t<meta name=\"twitter:label2\" content=\"Dur\u00e9e de lecture estim\u00e9e\" \/>\n\t<meta name=\"twitter:data2\" content=\"4 minutes\" \/>\n<script type=\"application\/ld+json\" class=\"yoast-schema-graph\">{\"@context\":\"https:\/\/schema.org\",\"@graph\":[{\"@type\":\"WebPage\",\"@id\":\"https:\/\/snuipp86.fr\/index.php\/2015\/09\/03\/urgent-salaires-les-propositions-du-gouvernement-donnez-votre-avis\/\",\"url\":\"https:\/\/snuipp86.fr\/index.php\/2015\/09\/03\/urgent-salaires-les-propositions-du-gouvernement-donnez-votre-avis\/\",\"name\":\"URGENT Salaires - les propositions du gouvernement ! Donnez votre avis ! - FSU-SNUipp 86\",\"isPartOf\":{\"@id\":\"https:\/\/snuipp86.fr\/#website\"},\"primaryImageOfPage\":{\"@id\":\"https:\/\/snuipp86.fr\/index.php\/2015\/09\/03\/urgent-salaires-les-propositions-du-gouvernement-donnez-votre-avis\/#primaryimage\"},\"image\":{\"@id\":\"https:\/\/snuipp86.fr\/index.php\/2015\/09\/03\/urgent-salaires-les-propositions-du-gouvernement-donnez-votre-avis\/#primaryimage\"},\"thumbnailUrl\":\"http:\/\/snuipp86.fr\/wp-content\/spip\/IMG\/arton2879.jpg\",\"datePublished\":\"2015-09-03T23:44:00+00:00\",\"author\":{\"@id\":\"https:\/\/snuipp86.fr\/#\/schema\/person\/901b28b9ae1c7a63a6a940102e52a7a2\"},\"breadcrumb\":{\"@id\":\"https:\/\/snuipp86.fr\/index.php\/2015\/09\/03\/urgent-salaires-les-propositions-du-gouvernement-donnez-votre-avis\/#breadcrumb\"},\"inLanguage\":\"fr-FR\",\"potentialAction\":[{\"@type\":\"ReadAction\",\"target\":[\"https:\/\/snuipp86.fr\/index.php\/2015\/09\/03\/urgent-salaires-les-propositions-du-gouvernement-donnez-votre-avis\/\"]}]},{\"@type\":\"ImageObject\",\"inLanguage\":\"fr-FR\",\"@id\":\"https:\/\/snuipp86.fr\/index.php\/2015\/09\/03\/urgent-salaires-les-propositions-du-gouvernement-donnez-votre-avis\/#primaryimage\",\"url\":\"http:\/\/snuipp86.fr\/wp-content\/spip\/IMG\/arton2879.jpg\",\"contentUrl\":\"http:\/\/snuipp86.fr\/wp-content\/spip\/IMG\/arton2879.jpg\"},{\"@type\":\"BreadcrumbList\",\"@id\":\"https:\/\/snuipp86.fr\/index.php\/2015\/09\/03\/urgent-salaires-les-propositions-du-gouvernement-donnez-votre-avis\/#breadcrumb\",\"itemListElement\":[{\"@type\":\"ListItem\",\"position\":1,\"name\":\"Accueil\",\"item\":\"https:\/\/snuipp86.fr\/\"},{\"@type\":\"ListItem\",\"position\":2,\"name\":\"URGENT Salaires &#8211; les propositions du gouvernement ! Donnez votre avis !\"}]},{\"@type\":\"WebSite\",\"@id\":\"https:\/\/snuipp86.fr\/#website\",\"url\":\"https:\/\/snuipp86.fr\/\",\"name\":\"FSU-SNUipp 86\",\"description\":\"Des id\u00e9es qui font l&#039;\u00e9cole\",\"potentialAction\":[{\"@type\":\"SearchAction\",\"target\":{\"@type\":\"EntryPoint\",\"urlTemplate\":\"https:\/\/snuipp86.fr\/?s={search_term_string}\"},\"query-input\":{\"@type\":\"PropertyValueSpecification\",\"valueRequired\":true,\"valueName\":\"search_term_string\"}}],\"inLanguage\":\"fr-FR\"},{\"@type\":\"Person\",\"@id\":\"https:\/\/snuipp86.fr\/#\/schema\/person\/901b28b9ae1c7a63a6a940102e52a7a2\",\"name\":\"WP86Admin\",\"image\":{\"@type\":\"ImageObject\",\"inLanguage\":\"fr-FR\",\"@id\":\"https:\/\/snuipp86.fr\/#\/schema\/person\/image\/\",\"url\":\"https:\/\/secure.gravatar.com\/avatar\/0099845c7ec05dc10d777d8ab4f5142c5ba316283821af2459738ad469a37a1a?s=96&d=mm&r=g\",\"contentUrl\":\"https:\/\/secure.gravatar.com\/avatar\/0099845c7ec05dc10d777d8ab4f5142c5ba316283821af2459738ad469a37a1a?s=96&d=mm&r=g\",\"caption\":\"WP86Admin\"},\"url\":\"https:\/\/snuipp86.fr\/index.php\/author\/wp86admin\/\"}]}<\/script>\n<!-- \/ Yoast SEO plugin. -->","yoast_head_json":{"title":"URGENT Salaires - les propositions du gouvernement ! Donnez votre avis ! - FSU-SNUipp 86","robots":{"index":"index","follow":"follow","max-snippet":"max-snippet:-1","max-image-preview":"max-image-preview:large","max-video-preview":"max-video-preview:-1"},"canonical":"https:\/\/snuipp86.fr\/index.php\/2015\/09\/03\/urgent-salaires-les-propositions-du-gouvernement-donnez-votre-avis\/","og_locale":"fr_FR","og_type":"article","og_title":"URGENT Salaires - les propositions du gouvernement ! Donnez votre avis ! - FSU-SNUipp 86","og_description":"Apr\u00e8s un an de discussions avec les f\u00e9d\u00e9rations de fonctionnaires, la ministre de la fonction publique soumet un projet d'accord relatif \u00e0 \u00ab l'avenir de la Fonction publique : la modernisation des parcours professionnels, des carri\u00e8res et des r\u00e9mun\u00e9rations \u00bb \u00e0 l'appr\u00e9ciation des syndicats. Avant de se prononcer, le SNUipp et les autres syndicats enseignants de la FSU consultent les personnels. Pour participer \u00e0 la consultation : cliquer sur l'image (...) - Salaires, Indices, Indemnit\u00e9s, Primes, GIPA \/ Promotions, Salaires, indemnit\u00e9s, primes .","og_url":"https:\/\/snuipp86.fr\/index.php\/2015\/09\/03\/urgent-salaires-les-propositions-du-gouvernement-donnez-votre-avis\/","og_site_name":"FSU-SNUipp 86","article_published_time":"2015-09-03T23:44:00+00:00","og_image":[{"url":"http:\/\/snuipp86.fr\/wp-content\/spip\/IMG\/arton2879.jpg","type":"","width":"","height":""}],"author":"WP86Admin","twitter_card":"summary_large_image","twitter_misc":{"\u00c9crit par":"WP86Admin","Dur\u00e9e de lecture estim\u00e9e":"4 minutes"},"schema":{"@context":"https:\/\/schema.org","@graph":[{"@type":"WebPage","@id":"https:\/\/snuipp86.fr\/index.php\/2015\/09\/03\/urgent-salaires-les-propositions-du-gouvernement-donnez-votre-avis\/","url":"https:\/\/snuipp86.fr\/index.php\/2015\/09\/03\/urgent-salaires-les-propositions-du-gouvernement-donnez-votre-avis\/","name":"URGENT Salaires - les propositions du gouvernement ! Donnez votre avis ! - FSU-SNUipp 86","isPartOf":{"@id":"https:\/\/snuipp86.fr\/#website"},"primaryImageOfPage":{"@id":"https:\/\/snuipp86.fr\/index.php\/2015\/09\/03\/urgent-salaires-les-propositions-du-gouvernement-donnez-votre-avis\/#primaryimage"},"image":{"@id":"https:\/\/snuipp86.fr\/index.php\/2015\/09\/03\/urgent-salaires-les-propositions-du-gouvernement-donnez-votre-avis\/#primaryimage"},"thumbnailUrl":"http:\/\/snuipp86.fr\/wp-content\/spip\/IMG\/arton2879.jpg","datePublished":"2015-09-03T23:44:00+00:00","author":{"@id":"https:\/\/snuipp86.fr\/#\/schema\/person\/901b28b9ae1c7a63a6a940102e52a7a2"},"breadcrumb":{"@id":"https:\/\/snuipp86.fr\/index.php\/2015\/09\/03\/urgent-salaires-les-propositions-du-gouvernement-donnez-votre-avis\/#breadcrumb"},"inLanguage":"fr-FR","potentialAction":[{"@type":"ReadAction","target":["https:\/\/snuipp86.fr\/index.php\/2015\/09\/03\/urgent-salaires-les-propositions-du-gouvernement-donnez-votre-avis\/"]}]},{"@type":"ImageObject","inLanguage":"fr-FR","@id":"https:\/\/snuipp86.fr\/index.php\/2015\/09\/03\/urgent-salaires-les-propositions-du-gouvernement-donnez-votre-avis\/#primaryimage","url":"http:\/\/snuipp86.fr\/wp-content\/spip\/IMG\/arton2879.jpg","contentUrl":"http:\/\/snuipp86.fr\/wp-content\/spip\/IMG\/arton2879.jpg"},{"@type":"BreadcrumbList","@id":"https:\/\/snuipp86.fr\/index.php\/2015\/09\/03\/urgent-salaires-les-propositions-du-gouvernement-donnez-votre-avis\/#breadcrumb","itemListElement":[{"@type":"ListItem","position":1,"name":"Accueil","item":"https:\/\/snuipp86.fr\/"},{"@type":"ListItem","position":2,"name":"URGENT Salaires &#8211; les propositions du gouvernement ! Donnez votre avis !"}]},{"@type":"WebSite","@id":"https:\/\/snuipp86.fr\/#website","url":"https:\/\/snuipp86.fr\/","name":"FSU-SNUipp 86","description":"Des id\u00e9es qui font l&#039;\u00e9cole","potentialAction":[{"@type":"SearchAction","target":{"@type":"EntryPoint","urlTemplate":"https:\/\/snuipp86.fr\/?s={search_term_string}"},"query-input":{"@type":"PropertyValueSpecification","valueRequired":true,"valueName":"search_term_string"}}],"inLanguage":"fr-FR"},{"@type":"Person","@id":"https:\/\/snuipp86.fr\/#\/schema\/person\/901b28b9ae1c7a63a6a940102e52a7a2","name":"WP86Admin","image":{"@type":"ImageObject","inLanguage":"fr-FR","@id":"https:\/\/snuipp86.fr\/#\/schema\/person\/image\/","url":"https:\/\/secure.gravatar.com\/avatar\/0099845c7ec05dc10d777d8ab4f5142c5ba316283821af2459738ad469a37a1a?s=96&d=mm&r=g","contentUrl":"https:\/\/secure.gravatar.com\/avatar\/0099845c7ec05dc10d777d8ab4f5142c5ba316283821af2459738ad469a37a1a?s=96&d=mm&r=g","caption":"WP86Admin"},"url":"https:\/\/snuipp86.fr\/index.php\/author\/wp86admin\/"}]}},"_links":{"self":[{"href":"https:\/\/snuipp86.fr\/index.php\/wp-json\/wp\/v2\/posts\/742","targetHints":{"allow":["GET"]}}],"collection":[{"href":"https:\/\/snuipp86.fr\/index.php\/wp-json\/wp\/v2\/posts"}],"about":[{"href":"https:\/\/snuipp86.fr\/index.php\/wp-json\/wp\/v2\/types\/post"}],"author":[{"embeddable":true,"href":"https:\/\/snuipp86.fr\/index.php\/wp-json\/wp\/v2\/users\/1"}],"replies":[{"embeddable":true,"href":"https:\/\/snuipp86.fr\/index.php\/wp-json\/wp\/v2\/comments?post=742"}],"version-history":[{"count":0,"href":"https:\/\/snuipp86.fr\/index.php\/wp-json\/wp\/v2\/posts\/742\/revisions"}],"wp:attachment":[{"href":"https:\/\/snuipp86.fr\/index.php\/wp-json\/wp\/v2\/media?parent=742"}],"wp:term":[{"taxonomy":"category","embeddable":true,"href":"https:\/\/snuipp86.fr\/index.php\/wp-json\/wp\/v2\/categories?post=742"},{"taxonomy":"post_tag","embeddable":true,"href":"https:\/\/snuipp86.fr\/index.php\/wp-json\/wp\/v2\/tags?post=742"}],"curies":[{"name":"wp","href":"https:\/\/api.w.org\/{rel}","templated":true}]}}