{"id":75,"date":"2019-01-13T16:40:04","date_gmt":"2019-01-13T16:40:04","guid":{"rendered":"http:\/\/localhost\/wordpress\/2019\/01\/13\/evaluations-nationales-cp-pour-le-snuipp-fsu-cest-non\/"},"modified":"2019-01-13T16:40:04","modified_gmt":"2019-01-13T16:40:04","slug":"evaluations-nationales-cp-pour-le-snuipp-fsu-cest-non","status":"publish","type":"post","link":"https:\/\/snuipp86.fr\/index.php\/2019\/01\/13\/evaluations-nationales-cp-pour-le-snuipp-fsu-cest-non\/","title":{"rendered":"Evaluations Nationales CP : pour le SNUipp-FSU, c&rsquo;est non !"},"content":{"rendered":"<p><img decoding=\"async\" src=\"https:\/\/snuipp86.fr\/wp-content\/spip\/IMG\/arton4242.jpg\" alt=\"\" align=\"right\" width=\"1200\" height=\"627\" class=\"spip_logos\" \/><\/p>\n<div class='rss_texte'>\n<p class=\"spip\">Sourd aux remarques et aux propositions des enseignant-es, le minist\u00e8re entend engager fin janvier une nouvelle phase d&rsquo;\u00e9valuation dans les classes de CP, calqu\u00e9e sur la premi\u00e8re et tout aussi sujette \u00e0 caution. Pour le SNUipp-FSU, c&rsquo;est toujours non.<\/p>\n<p class=\"spip\"><img decoding=\"async\" src=\"https:\/\/snuipp86.fr\/wp-content\/spip\/cache-vignettes\/L8xH11\/puce-68c92.gif\" width='8' height='11' alt=\"-\" style='height:11px;width:8px;' class='' \/> lien vers l&rsquo;article et le 4 pages : <a href=\"https:\/\/www.snuipp.fr\/actualites\/posts\/evaluations-cp-on-y-retourne\" class=\"spip_out\">https:\/\/www.snuipp.fr\/actualites\/posts\/evaluations-cp-on-y-retourne<\/a><br \/>\n<br \/><img decoding=\"async\" src=\"https:\/\/snuipp86.fr\/wp-content\/spip\/cache-vignettes\/L8xH11\/puce-68c92.gif\" width='8' height='11' alt=\"-\" style='height:11px;width:8px;' class='' \/> lien vers la vid\u00e9o longue (13 min 22) explicative \u00e0 voir et \u00e0 partager : <a href=\"https:\/\/youtu.be\/Luw7okl6_2U\" class=\"spip_out\">https:\/\/youtu.be\/Luw7okl6_2U<\/a><\/p>\n<p class=\"spip\">Le SNUipp-FSU a pris contact avec les autres organisations syndicales pour demander l&rsquo;abandon de ce protocole d&rsquo;\u00e9valuation au ministre. Lire le courrier unitaire : <a href=\"https:\/\/www.snuipp.fr\/system\/resources\/W1siZiIsIjIwMTkvMDEvMTUvOG45OGJwYWc3bV8xNF8wMV8yMDE5X0NPVVJSSUVSX19VTklUQUlSRV9FVkFMVUFUSU9OU19NRU5fSkVBTl9NSUNIRUxfQkxBTlFVRVIucGRmIl1d\/14%2001%202019%20COURRIER%20_UNITAIRE_EVALUATIONS_MEN_JEAN_MICHEL_BLANQUER.pdf\" class=\"spip_out\">https:\/\/www.snuipp.fr\/system\/resources\/W1siZiIsIjIwMTkvMDEvMTUvOG45OGJwYWc3bV8xNF8wMV8yMDE5X0NPVVJSSUVSX19VTklUQUlSRV9FVkFMVUFUSU9OU19NRU5fSkVBTl9NSUNIRUxfQkxBTlFVRVIucGRmIl1d\/14%2001%202019%20COURRIER%20_UNITAIRE_EVALUATIONS_MEN_JEAN_MICHEL_BLANQUER.pdf<\/a><\/p>\n<p class=\"spip\">Des \u00e9coles ou des coll\u00e8gues de la Vienne nous ont d\u00e9j\u00e0 fait remonter leur d\u00e9cision de ne pas faire passer cette seconde s\u00e9rie d&rsquo;\u00e9valuations. En automne, quelques \u00e9coles n&rsquo;avaient d\u00e9j\u00e0 pas fait remonter les r\u00e9sultats des 1\u00e8res \u00e9valuations de d\u00e9but d&rsquo;ann\u00e9e et certain-e-s coll\u00e8gues ne les avaient d\u00e9j\u00e0 pas fait passer. Le SNUipp-FSU appelle toutes les \u00e9quipes \u00e0 prendre position en \u00e9quipe sur ce sujet. Des r\u00e9unions s&rsquo;organisent d\u00e9j\u00e0 entre \u00e9coles sur le sujet pour prendre des d\u00e9cisions communes. N&rsquo;h\u00e9sitez pas \u00e0 contacter le SNUipp-FSU 86 pour faire remonter vos positons d&rsquo;\u00e9quipes ou pour vous aider dans l&rsquo;organisation de r\u00e9union sur le sujet.<\/p>\n<p class=\"spip\"><img decoding=\"async\" src=\"https:\/\/snuipp86.fr\/wp-content\/spip\/cache-vignettes\/L8xH11\/puce-68c92.gif\" width='8' height='11' alt=\"-\" style='height:11px;width:8px;' class='' \/> <strong class=\"spip\">Exemple de motion de conseil des ma\u00eetres<\/strong> : <a href=\"https:\/\/www.snuipp.fr\/system\/resources\/W1siZiIsIjIwMTkvMDEvMTgvNHM1OGI0OTVxaF9Nb3Rpb25fZHVfY29uc2VpbF9kZXNfbWFfdHJlc19sX21lbnRhaXJlLnBkZiJdXQ\/Motion%20du%20conseil%20des%20ma%C3%AEtres%20%C3%A9l%C3%A9mentaire.pdf\" class=\"spip_out\">https:\/\/www.snuipp.fr\/system\/resources\/W1siZiIsIjIwMTkvMDEvMTgvNHM1OGI0OTVxaF9Nb3Rpb25fZHVfY29uc2VpbF9kZXNfbWFfdHJlc19sX21lbnRhaXJlLnBkZiJdXQ\/Motion%20du%20conseil%20des%20ma%C3%AEtres%20%C3%A9l%C3%A9mentaire.pdf<\/a><\/p>\n<p class=\"spip\"><img decoding=\"async\" src=\"https:\/\/snuipp86.fr\/wp-content\/spip\/cache-vignettes\/L8xH11\/puce-68c92.gif\" width='8' height='11' alt=\"-\" style='height:11px;width:8px;' class='' \/> <strong class=\"spip\">exemple de courrier pour les parents<\/strong><\/p>\n<dl class='spip_document_3850 spip_documents spip_documents_center' >\n<dt><a href=\"https:\/\/snuipp86.fr\/wp-content\/spip\/IMG\/doc\/eval_lettre_aux_parents.doc\" title='Word - 25 ko' type=\"application\/msword\"><img src='https:\/\/snuipp86.fr\/wp-content\/spip\/cache-vignettes\/L52xH52\/doc-50de0.png' width='52' height='52' alt='Word - 25 ko' style='height:52px;width:52px;' class=' format_png' \/><\/a><\/dt>\n<dt class='spip_doc_titre' style='width:120px;'><strong>eval_lettre_aux_parents<\/strong><\/dt>\n<\/dl>\n<\/div>\n","protected":false},"excerpt":{"rendered":"<p>Sourd aux remarques et aux propositions des enseignant-es, le minist\u00e8re entend engager fin janvier une nouvelle phase d&rsquo;\u00e9valuation dans les classes de CP, calqu\u00e9e sur la premi\u00e8re et tout aussi sujette \u00e0 caution. Pour le SNUipp-FSU, c&rsquo;est toujours non. <br \/>lien vers l&rsquo;article et le 4 pages : https:\/\/www.snuipp.fr\/actualites\/posts\/evaluations-cp-on-y-retourne <br \/>lien vers la vid\u00e9o longue (13 min 22) explicative \u00e0 voir et \u00e0 partager : https:\/\/youtu.be\/Luw7okl6_2U <br \/>Le SNUipp-FSU a pris (&#8230;)<br \/>\n&#8211;<br \/>\n<a href=\"http:\/\/86.snuipp.fr\/spip.php?rubrique265\" rel=\"directory\">Dossier Evaluations<\/a><\/p>\n","protected":false},"author":1,"featured_media":0,"comment_status":"open","ping_status":"open","sticky":false,"template":"","format":"standard","meta":{"footnotes":""},"categories":[14],"tags":[],"class_list":["post-75","post","type-post","status-publish","format-standard","hentry","category-a-la-une"],"yoast_head":"<!-- This site is optimized with the Yoast SEO plugin v26.6 - https:\/\/yoast.com\/wordpress\/plugins\/seo\/ -->\n<title>Evaluations Nationales CP : pour le SNUipp-FSU, c&#039;est non ! - FSU-SNUipp 86<\/title>\n<meta name=\"robots\" content=\"index, follow, max-snippet:-1, max-image-preview:large, max-video-preview:-1\" \/>\n<link rel=\"canonical\" href=\"https:\/\/snuipp86.fr\/index.php\/2019\/01\/13\/evaluations-nationales-cp-pour-le-snuipp-fsu-cest-non\/\" \/>\n<meta property=\"og:locale\" content=\"fr_FR\" \/>\n<meta property=\"og:type\" content=\"article\" \/>\n<meta property=\"og:title\" content=\"Evaluations Nationales CP : pour le SNUipp-FSU, c&#039;est non ! - FSU-SNUipp 86\" \/>\n<meta property=\"og:description\" content=\"Sourd aux remarques et aux propositions des enseignant-es, le minist\u00e8re entend engager fin janvier une nouvelle phase d&#039;\u00e9valuation dans les classes de CP, calqu\u00e9e sur la premi\u00e8re et tout aussi sujette \u00e0 caution. Pour le SNUipp-FSU, c&#039;est toujours non. lien vers l&#039;article et le 4 pages : https:\/\/www.snuipp.fr\/actualites\/posts\/evaluations-cp-on-y-retourne lien vers la vid\u00e9o longue (13 min 22) explicative \u00e0 voir et \u00e0 partager : https:\/\/youtu.be\/Luw7okl6_2U Le SNUipp-FSU a pris (...) - Dossier Evaluations\" \/>\n<meta property=\"og:url\" content=\"https:\/\/snuipp86.fr\/index.php\/2019\/01\/13\/evaluations-nationales-cp-pour-le-snuipp-fsu-cest-non\/\" \/>\n<meta property=\"og:site_name\" content=\"FSU-SNUipp 86\" \/>\n<meta property=\"article:published_time\" content=\"2019-01-13T16:40:04+00:00\" \/>\n<meta property=\"og:image\" content=\"http:\/\/snuipp86.fr\/wp-content\/spip\/IMG\/arton4242.jpg\" \/>\n<meta name=\"author\" content=\"WP86Admin\" \/>\n<meta name=\"twitter:card\" content=\"summary_large_image\" \/>\n<meta name=\"twitter:label1\" content=\"\u00c9crit par\" \/>\n\t<meta name=\"twitter:data1\" content=\"WP86Admin\" \/>\n\t<meta name=\"twitter:label2\" content=\"Dur\u00e9e de lecture estim\u00e9e\" \/>\n\t<meta name=\"twitter:data2\" content=\"1 minute\" \/>\n<script type=\"application\/ld+json\" class=\"yoast-schema-graph\">{\"@context\":\"https:\/\/schema.org\",\"@graph\":[{\"@type\":\"WebPage\",\"@id\":\"https:\/\/snuipp86.fr\/index.php\/2019\/01\/13\/evaluations-nationales-cp-pour-le-snuipp-fsu-cest-non\/\",\"url\":\"https:\/\/snuipp86.fr\/index.php\/2019\/01\/13\/evaluations-nationales-cp-pour-le-snuipp-fsu-cest-non\/\",\"name\":\"Evaluations Nationales CP : pour le SNUipp-FSU, c'est non ! - FSU-SNUipp 86\",\"isPartOf\":{\"@id\":\"https:\/\/snuipp86.fr\/#website\"},\"primaryImageOfPage\":{\"@id\":\"https:\/\/snuipp86.fr\/index.php\/2019\/01\/13\/evaluations-nationales-cp-pour-le-snuipp-fsu-cest-non\/#primaryimage\"},\"image\":{\"@id\":\"https:\/\/snuipp86.fr\/index.php\/2019\/01\/13\/evaluations-nationales-cp-pour-le-snuipp-fsu-cest-non\/#primaryimage\"},\"thumbnailUrl\":\"http:\/\/snuipp86.fr\/wp-content\/spip\/IMG\/arton4242.jpg\",\"datePublished\":\"2019-01-13T16:40:04+00:00\",\"author\":{\"@id\":\"https:\/\/snuipp86.fr\/#\/schema\/person\/901b28b9ae1c7a63a6a940102e52a7a2\"},\"breadcrumb\":{\"@id\":\"https:\/\/snuipp86.fr\/index.php\/2019\/01\/13\/evaluations-nationales-cp-pour-le-snuipp-fsu-cest-non\/#breadcrumb\"},\"inLanguage\":\"fr-FR\",\"potentialAction\":[{\"@type\":\"ReadAction\",\"target\":[\"https:\/\/snuipp86.fr\/index.php\/2019\/01\/13\/evaluations-nationales-cp-pour-le-snuipp-fsu-cest-non\/\"]}]},{\"@type\":\"ImageObject\",\"inLanguage\":\"fr-FR\",\"@id\":\"https:\/\/snuipp86.fr\/index.php\/2019\/01\/13\/evaluations-nationales-cp-pour-le-snuipp-fsu-cest-non\/#primaryimage\",\"url\":\"http:\/\/snuipp86.fr\/wp-content\/spip\/IMG\/arton4242.jpg\",\"contentUrl\":\"http:\/\/snuipp86.fr\/wp-content\/spip\/IMG\/arton4242.jpg\"},{\"@type\":\"BreadcrumbList\",\"@id\":\"https:\/\/snuipp86.fr\/index.php\/2019\/01\/13\/evaluations-nationales-cp-pour-le-snuipp-fsu-cest-non\/#breadcrumb\",\"itemListElement\":[{\"@type\":\"ListItem\",\"position\":1,\"name\":\"Accueil\",\"item\":\"https:\/\/snuipp86.fr\/\"},{\"@type\":\"ListItem\",\"position\":2,\"name\":\"Evaluations Nationales CP : pour le SNUipp-FSU, c&#8217;est non !\"}]},{\"@type\":\"WebSite\",\"@id\":\"https:\/\/snuipp86.fr\/#website\",\"url\":\"https:\/\/snuipp86.fr\/\",\"name\":\"FSU-SNUipp 86\",\"description\":\"Des id\u00e9es qui font l&#039;\u00e9cole\",\"potentialAction\":[{\"@type\":\"SearchAction\",\"target\":{\"@type\":\"EntryPoint\",\"urlTemplate\":\"https:\/\/snuipp86.fr\/?s={search_term_string}\"},\"query-input\":{\"@type\":\"PropertyValueSpecification\",\"valueRequired\":true,\"valueName\":\"search_term_string\"}}],\"inLanguage\":\"fr-FR\"},{\"@type\":\"Person\",\"@id\":\"https:\/\/snuipp86.fr\/#\/schema\/person\/901b28b9ae1c7a63a6a940102e52a7a2\",\"name\":\"WP86Admin\",\"image\":{\"@type\":\"ImageObject\",\"inLanguage\":\"fr-FR\",\"@id\":\"https:\/\/snuipp86.fr\/#\/schema\/person\/image\/\",\"url\":\"https:\/\/secure.gravatar.com\/avatar\/0099845c7ec05dc10d777d8ab4f5142c5ba316283821af2459738ad469a37a1a?s=96&d=mm&r=g\",\"contentUrl\":\"https:\/\/secure.gravatar.com\/avatar\/0099845c7ec05dc10d777d8ab4f5142c5ba316283821af2459738ad469a37a1a?s=96&d=mm&r=g\",\"caption\":\"WP86Admin\"},\"url\":\"https:\/\/snuipp86.fr\/index.php\/author\/wp86admin\/\"}]}<\/script>\n<!-- \/ Yoast SEO plugin. -->","yoast_head_json":{"title":"Evaluations Nationales CP : pour le SNUipp-FSU, c'est non ! - FSU-SNUipp 86","robots":{"index":"index","follow":"follow","max-snippet":"max-snippet:-1","max-image-preview":"max-image-preview:large","max-video-preview":"max-video-preview:-1"},"canonical":"https:\/\/snuipp86.fr\/index.php\/2019\/01\/13\/evaluations-nationales-cp-pour-le-snuipp-fsu-cest-non\/","og_locale":"fr_FR","og_type":"article","og_title":"Evaluations Nationales CP : pour le SNUipp-FSU, c'est non ! - FSU-SNUipp 86","og_description":"Sourd aux remarques et aux propositions des enseignant-es, le minist\u00e8re entend engager fin janvier une nouvelle phase d'\u00e9valuation dans les classes de CP, calqu\u00e9e sur la premi\u00e8re et tout aussi sujette \u00e0 caution. Pour le SNUipp-FSU, c'est toujours non. lien vers l'article et le 4 pages : https:\/\/www.snuipp.fr\/actualites\/posts\/evaluations-cp-on-y-retourne lien vers la vid\u00e9o longue (13 min 22) explicative \u00e0 voir et \u00e0 partager : https:\/\/youtu.be\/Luw7okl6_2U Le SNUipp-FSU a pris (...) - Dossier Evaluations","og_url":"https:\/\/snuipp86.fr\/index.php\/2019\/01\/13\/evaluations-nationales-cp-pour-le-snuipp-fsu-cest-non\/","og_site_name":"FSU-SNUipp 86","article_published_time":"2019-01-13T16:40:04+00:00","og_image":[{"url":"http:\/\/snuipp86.fr\/wp-content\/spip\/IMG\/arton4242.jpg","type":"","width":"","height":""}],"author":"WP86Admin","twitter_card":"summary_large_image","twitter_misc":{"\u00c9crit par":"WP86Admin","Dur\u00e9e de lecture estim\u00e9e":"1 minute"},"schema":{"@context":"https:\/\/schema.org","@graph":[{"@type":"WebPage","@id":"https:\/\/snuipp86.fr\/index.php\/2019\/01\/13\/evaluations-nationales-cp-pour-le-snuipp-fsu-cest-non\/","url":"https:\/\/snuipp86.fr\/index.php\/2019\/01\/13\/evaluations-nationales-cp-pour-le-snuipp-fsu-cest-non\/","name":"Evaluations Nationales CP : pour le SNUipp-FSU, c'est non ! - FSU-SNUipp 86","isPartOf":{"@id":"https:\/\/snuipp86.fr\/#website"},"primaryImageOfPage":{"@id":"https:\/\/snuipp86.fr\/index.php\/2019\/01\/13\/evaluations-nationales-cp-pour-le-snuipp-fsu-cest-non\/#primaryimage"},"image":{"@id":"https:\/\/snuipp86.fr\/index.php\/2019\/01\/13\/evaluations-nationales-cp-pour-le-snuipp-fsu-cest-non\/#primaryimage"},"thumbnailUrl":"http:\/\/snuipp86.fr\/wp-content\/spip\/IMG\/arton4242.jpg","datePublished":"2019-01-13T16:40:04+00:00","author":{"@id":"https:\/\/snuipp86.fr\/#\/schema\/person\/901b28b9ae1c7a63a6a940102e52a7a2"},"breadcrumb":{"@id":"https:\/\/snuipp86.fr\/index.php\/2019\/01\/13\/evaluations-nationales-cp-pour-le-snuipp-fsu-cest-non\/#breadcrumb"},"inLanguage":"fr-FR","potentialAction":[{"@type":"ReadAction","target":["https:\/\/snuipp86.fr\/index.php\/2019\/01\/13\/evaluations-nationales-cp-pour-le-snuipp-fsu-cest-non\/"]}]},{"@type":"ImageObject","inLanguage":"fr-FR","@id":"https:\/\/snuipp86.fr\/index.php\/2019\/01\/13\/evaluations-nationales-cp-pour-le-snuipp-fsu-cest-non\/#primaryimage","url":"http:\/\/snuipp86.fr\/wp-content\/spip\/IMG\/arton4242.jpg","contentUrl":"http:\/\/snuipp86.fr\/wp-content\/spip\/IMG\/arton4242.jpg"},{"@type":"BreadcrumbList","@id":"https:\/\/snuipp86.fr\/index.php\/2019\/01\/13\/evaluations-nationales-cp-pour-le-snuipp-fsu-cest-non\/#breadcrumb","itemListElement":[{"@type":"ListItem","position":1,"name":"Accueil","item":"https:\/\/snuipp86.fr\/"},{"@type":"ListItem","position":2,"name":"Evaluations Nationales CP : pour le SNUipp-FSU, c&#8217;est non !"}]},{"@type":"WebSite","@id":"https:\/\/snuipp86.fr\/#website","url":"https:\/\/snuipp86.fr\/","name":"FSU-SNUipp 86","description":"Des id\u00e9es qui font l&#039;\u00e9cole","potentialAction":[{"@type":"SearchAction","target":{"@type":"EntryPoint","urlTemplate":"https:\/\/snuipp86.fr\/?s={search_term_string}"},"query-input":{"@type":"PropertyValueSpecification","valueRequired":true,"valueName":"search_term_string"}}],"inLanguage":"fr-FR"},{"@type":"Person","@id":"https:\/\/snuipp86.fr\/#\/schema\/person\/901b28b9ae1c7a63a6a940102e52a7a2","name":"WP86Admin","image":{"@type":"ImageObject","inLanguage":"fr-FR","@id":"https:\/\/snuipp86.fr\/#\/schema\/person\/image\/","url":"https:\/\/secure.gravatar.com\/avatar\/0099845c7ec05dc10d777d8ab4f5142c5ba316283821af2459738ad469a37a1a?s=96&d=mm&r=g","contentUrl":"https:\/\/secure.gravatar.com\/avatar\/0099845c7ec05dc10d777d8ab4f5142c5ba316283821af2459738ad469a37a1a?s=96&d=mm&r=g","caption":"WP86Admin"},"url":"https:\/\/snuipp86.fr\/index.php\/author\/wp86admin\/"}]}},"_links":{"self":[{"href":"https:\/\/snuipp86.fr\/index.php\/wp-json\/wp\/v2\/posts\/75","targetHints":{"allow":["GET"]}}],"collection":[{"href":"https:\/\/snuipp86.fr\/index.php\/wp-json\/wp\/v2\/posts"}],"about":[{"href":"https:\/\/snuipp86.fr\/index.php\/wp-json\/wp\/v2\/types\/post"}],"author":[{"embeddable":true,"href":"https:\/\/snuipp86.fr\/index.php\/wp-json\/wp\/v2\/users\/1"}],"replies":[{"embeddable":true,"href":"https:\/\/snuipp86.fr\/index.php\/wp-json\/wp\/v2\/comments?post=75"}],"version-history":[{"count":0,"href":"https:\/\/snuipp86.fr\/index.php\/wp-json\/wp\/v2\/posts\/75\/revisions"}],"wp:attachment":[{"href":"https:\/\/snuipp86.fr\/index.php\/wp-json\/wp\/v2\/media?parent=75"}],"wp:term":[{"taxonomy":"category","embeddable":true,"href":"https:\/\/snuipp86.fr\/index.php\/wp-json\/wp\/v2\/categories?post=75"},{"taxonomy":"post_tag","embeddable":true,"href":"https:\/\/snuipp86.fr\/index.php\/wp-json\/wp\/v2\/tags?post=75"}],"curies":[{"name":"wp","href":"https:\/\/api.w.org\/{rel}","templated":true}]}}