{"id":762,"date":"2015-08-21T12:13:00","date_gmt":"2015-08-21T12:13:00","guid":{"rendered":"http:\/\/localhost\/wordpress\/2015\/08\/21\/direction-dcole-liste-de-rentre\/"},"modified":"2015-08-21T12:13:00","modified_gmt":"2015-08-21T12:13:00","slug":"direction-dcole-liste-de-rentre","status":"publish","type":"post","link":"https:\/\/snuipp86.fr\/index.php\/2015\/08\/21\/direction-dcole-liste-de-rentre\/","title":{"rendered":"Direction d&rsquo;\u00e9cole : liste de rentr\u00e9e"},"content":{"rendered":"<p><img decoding=\"async\" src=\"https:\/\/snuipp86.fr\/wp-content\/spip\/IMG\/arton2188.jpg\" alt=\"\" align=\"right\" width=\"175\" height=\"128\" class=\"spip_logos\" \/><\/p>\n<div class='rss_texte'>\n<p class=\"spip\"><strong class=\"spip\"><\/p>\n<h3 class=\"spip\" id=\"outil_sommaire_0\"><a title=\"Sommaire\" href=\"http:\/\/86.snuipp.fr\/spip.php?page=backend&#038;id_rubrique=#outil_sommaire\" class=\"sommaire_ancre\"> <\/a>Direction d&rsquo;\u00e9cole : liste de rentr\u00e9e<\/h3>\n<p class=\"spip\"><\/strong><br \/>\n<strong class=\"spip\">Avant la rentr\u00e9e, revue de d\u00e9tail des multiples choses \u00e0 faire pour pr\u00e9parer ce moment important. Une forme de \u00ab check-list \u00bb qui, si elle ne pr\u00e9tend pas \u00e0 l&rsquo;exhaustivit\u00e9, pourra sans doute \u00eatre utile aux directrices et directeurs d&rsquo;\u00e9cole.<br \/>\n<\/strong><\/p>\n<h3 class=\"spip\" id=\"outil_sommaire_1\"><a title=\"Sommaire\" href=\"http:\/\/86.snuipp.fr\/spip.php?page=backend&#038;id_rubrique=#outil_sommaire\" class=\"sommaire_ancre\"> <\/a>Partenaires institutionnels<\/h3>\n<p class=\"spip\">Prendre contact avec l&rsquo;inspection de l&rsquo;\u00c9ducation Nationale (<a href=\"http:\/\/www.ia86.ac-poitiers.fr\/direction-des-services-departementaux\/annuaire-des-services-27123.kjsp?RH=ZYZYZYZYZYZYZYZYZYZYZY\" class=\"spip_out\">IEN et \u00e9quipe de circonscription<\/a>) :<br \/>\n<br \/><img decoding=\"async\" src=\"https:\/\/snuipp86.fr\/wp-content\/spip\/cache-vignettes\/L8xH11\/puce-68c92.gif\" width='8' height='11' alt=\"-\" style='height:11px;width:8px;' class='' \/> effectifs carte scolaire (croiser les donn\u00e9es \u00e9cole\/mairie\/IEN),<br \/>\n<br \/><img decoding=\"async\" src=\"https:\/\/snuipp86.fr\/wp-content\/spip\/cache-vignettes\/L8xH11\/puce-68c92.gif\" width='8' height='11' alt=\"-\" style='height:11px;width:8px;' class='' \/> point sur l&rsquo;\u00e9quipe enseignante (transmission des PV d&rsquo;installation si de nouveaux coll\u00e8gues sont nomm\u00e9s, mais aussi faire un point si certains postes n&rsquo;ont pas \u00e9t\u00e9 pourvus, si des cong\u00e9s longs sont pr\u00e9vus&#8230;)<\/p>\n<p class=\"spip\">Prendre contact avec la mairie (maire, adjoint(e) \u00e0 l&rsquo;\u00c9ducation, service \u00ab affaires scolaires \u00bb, services techniques&#8230;)<br \/>\n<br \/><img decoding=\"async\" src=\"https:\/\/snuipp86.fr\/wp-content\/spip\/cache-vignettes\/L8xH11\/puce-68c92.gif\" width='8' height='11' alt=\"-\" style='height:11px;width:8px;' class='' \/> pour les effectifs,<br \/>\n<br \/><img decoding=\"async\" src=\"https:\/\/snuipp86.fr\/wp-content\/spip\/cache-vignettes\/L8xH11\/puce-68c92.gif\" width='8' height='11' alt=\"-\" style='height:11px;width:8px;' class='' \/> services p\u00e9ri-scolaires,<br \/>\n<br \/><img decoding=\"async\" src=\"https:\/\/snuipp86.fr\/wp-content\/spip\/cache-vignettes\/L8xH11\/puce-68c92.gif\" width='8' height='11' alt=\"-\" style='height:11px;width:8px;' class='' \/> demandes de travaux de derni\u00e8re minute&#8230;<\/p>\n<p class=\"spip\"><strong class=\"spip\">C\u00f4t\u00e9 SNUipp-FSU<\/strong> : Il est toujours utile de transmettre <a href=\"http:\/\/86.snuipp.fr\/spip.php?article2778\" class=\"spip_out\">les derniers chiffres des effectifs \u00e0 la section d\u00e9partementale du SNUipp-FSU 86.<\/a><\/p>\n<h3 class=\"spip\" id=\"outil_sommaire_2\"><a title=\"Sommaire\" href=\"http:\/\/86.snuipp.fr\/spip.php?page=backend&#038;id_rubrique=#outil_sommaire\" class=\"sommaire_ancre\"> <\/a>Familles<\/h3>\n<p class=\"spip\"><img decoding=\"async\" src=\"https:\/\/snuipp86.fr\/wp-content\/spip\/cache-vignettes\/L8xH11\/puce-68c92.gif\" width='8' height='11' alt=\"-\" style='height:11px;width:8px;' class='' \/> pr\u00e9parer une note de rentr\u00e9e pour tous les parents : r\u00e8gles de vie essentielles,<a href=\"http:\/\/86.snuipp.fr\/spip.php?article2812&#038;var_recherche=calendrier%20scolaire\" class=\"spip_out\"> calendrier des vacances<\/a>, assurances, autorisations diverses (sortie, <a href=\"http:\/\/www.snuipp.fr\/Questions-sur-no10-Ecole-internet\" class=\"spip_out\">droit \u00e0 l&rsquo;image..<\/a>.)<br \/>\n<br \/><img decoding=\"async\" src=\"https:\/\/snuipp86.fr\/wp-content\/spip\/cache-vignettes\/L8xH11\/puce-68c92.gif\" width='8' height='11' alt=\"-\" style='height:11px;width:8px;' class='' \/> pr\u00e9voir les fiches de renseignements \u00e0 remplir par les parents, les assurances scolaires, les P.A.I., les inscriptions aux \u00e9tudes surveill\u00e9es. Dans l&rsquo;\u00e9ventualit\u00e9 d&rsquo;un P.A.I., le plus pertinent est d&rsquo;adresser un mot \u00e0 chaque famille de l&rsquo;\u00e9cole.<br \/>\n<br \/><img decoding=\"async\" src=\"https:\/\/snuipp86.fr\/wp-content\/spip\/cache-vignettes\/L8xH11\/puce-68c92.gif\" width='8' height='11' alt=\"-\" style='height:11px;width:8px;' class='' \/> arr\u00eater la date de la r\u00e9union de rentr\u00e9e des parents d&rsquo;\u00e9l\u00e8ves (r\u00e9union dans les quinze jours si possible.)<br \/>\n<br \/><img decoding=\"async\" src=\"https:\/\/snuipp86.fr\/wp-content\/spip\/cache-vignettes\/L8xH11\/puce-68c92.gif\" width='8' height='11' alt=\"-\" style='height:11px;width:8px;' class='' \/> rencontrer les repr\u00e9sentants des parents et profiter de cette rencontre pour arr\u00eater <a href=\"http:\/\/www.education.gouv.fr\/pid25535\/bulletin_officiel.html?cid_bo=90047\" class=\"spip_out\">le calendrier des \u00e9lections des repr\u00e9sentants des parents d&rsquo;\u00e9l\u00e8ves<\/a>.<br \/>\n<br \/><img decoding=\"async\" src=\"https:\/\/snuipp86.fr\/wp-content\/spip\/cache-vignettes\/L8xH11\/puce-68c92.gif\" width='8' height='11' alt=\"-\" style='height:11px;width:8px;' class='' \/> recevoir chaque famille dont l&rsquo;enfant rel\u00e8ve de la MDPH.<br \/>\n<br \/><img decoding=\"async\" src=\"https:\/\/snuipp86.fr\/wp-content\/spip\/cache-vignettes\/L8xH11\/puce-68c92.gif\" width='8' height='11' alt=\"-\" style='height:11px;width:8px;' class='' \/> afficher les listes d&rsquo;\u00e9l\u00e8ves par classe<\/p>\n<h3 class=\"spip\" id=\"outil_sommaire_3\"><a title=\"Sommaire\" href=\"http:\/\/86.snuipp.fr\/spip.php?page=backend&#038;id_rubrique=#outil_sommaire\" class=\"sommaire_ancre\"> <\/a>\u00c9quipe p\u00e9dagogique \/ Fonctionnement de l&rsquo;\u00e9cole<\/h3>\n<p class=\"spip\">L&rsquo;organisation mat\u00e9rielle de l&rsquo;\u00e9cole, les calendriers, l&rsquo;information, les projets, se doivent d&rsquo;\u00eatre mutualis\u00e9s, port\u00e9s \u00e0 la connaissance de l&rsquo;ensemble de l&rsquo;\u00e9quipe enseignante et discut\u00e9s collectivement quand c&rsquo;est n\u00e9cessaire. La transparence au sein de l&rsquo;\u00e9quipe est d\u00e9terminante dans une \u00e9cole.<\/p>\n<p class=\"spip\">R\u00e9unir un premier conseil des ma\u00eetres qui sera l&rsquo;occasion :<br \/>\n<br \/><img decoding=\"async\" src=\"https:\/\/snuipp86.fr\/wp-content\/spip\/cache-vignettes\/L8xH11\/puce-68c92.gif\" width='8' height='11' alt=\"-\" style='height:11px;width:8px;' class='' \/> d&rsquo;arr\u00eater d\u00e9finitivement la structure de l&rsquo;\u00e9cole en fonction des effectifs<br \/>\n<br \/><img decoding=\"async\" src=\"https:\/\/snuipp86.fr\/wp-content\/spip\/cache-vignettes\/L8xH11\/puce-68c92.gif\" width='8' height='11' alt=\"-\" style='height:11px;width:8px;' class='' \/> d&rsquo;organiser les \u00e9changes de services (pour l&rsquo;enseignement des langues vivantes notamment)<br \/>\n<br \/><img decoding=\"async\" src=\"https:\/\/snuipp86.fr\/wp-content\/spip\/cache-vignettes\/L8xH11\/puce-68c92.gif\" width='8' height='11' alt=\"-\" style='height:11px;width:8px;' class='' \/> d&rsquo;organiser les services (de surveillance de r\u00e9cr\u00e9ation, r\u00e9partition des services et des emplois du temps des ATSEM, des services p\u00e9ri-scolaires le cas \u00e9ch\u00e9ant..)<br \/>\n<br \/><img decoding=\"async\" src=\"https:\/\/snuipp86.fr\/wp-content\/spip\/cache-vignettes\/L8xH11\/puce-68c92.gif\" width='8' height='11' alt=\"-\" style='height:11px;width:8px;' class='' \/> de r\u00e9gler l&rsquo;utilisation des locaux et du mat\u00e9riel collectif (photocopieur, salles communes, t\u00e9l\u00e9phone, ordinateurs, mat\u00e9riel audio-visuel, BCD&#8230;) des structures sportives&#8230;<br \/>\n<br \/><img decoding=\"async\" src=\"https:\/\/snuipp86.fr\/wp-content\/spip\/cache-vignettes\/L8xH11\/puce-68c92.gif\" width='8' height='11' alt=\"-\" style='height:11px;width:8px;' class='' \/> d&rsquo;organiser l&#8217;emploi du temps des intervenants<br \/>\n<br \/><img decoding=\"async\" src=\"https:\/\/snuipp86.fr\/wp-content\/spip\/cache-vignettes\/L8xH11\/puce-68c92.gif\" width='8' height='11' alt=\"-\" style='height:11px;width:8px;' class='' \/> de planifier les diverses r\u00e9unions de rentr\u00e9e, lancer les projets p\u00e9dagogiques, les \u00e9ventuels projets de classes de d\u00e9couverte<br \/>\n<br \/><img decoding=\"async\" src=\"https:\/\/snuipp86.fr\/wp-content\/spip\/cache-vignettes\/L8xH11\/puce-68c92.gif\" width='8' height='11' alt=\"-\" style='height:11px;width:8px;' class='' \/> d&rsquo;arr\u00eater le calendrier (conseil des ma\u00eetres, de cycles, concertations&#8230;..etc) pour le trimestre<br \/>\n<br \/><img decoding=\"async\" src=\"https:\/\/snuipp86.fr\/wp-content\/spip\/cache-vignettes\/L8xH11\/puce-68c92.gif\" width='8' height='11' alt=\"-\" style='height:11px;width:8px;' class='' \/> de remettre un exemplaire du projet d&rsquo;\u00e9cole aux nouveaux coll\u00e8gues<br \/>\n<br \/><img decoding=\"async\" src=\"https:\/\/snuipp86.fr\/wp-content\/spip\/cache-vignettes\/L8xH11\/puce-68c92.gif\" width='8' height='11' alt=\"-\" style='height:11px;width:8px;' class='' \/> d&rsquo;organiser ou pr\u00e9ciser la circulation de l&rsquo;information sous toutes ses formes au sein de l&rsquo;\u00e9cole, surtout pour les plus grosses d&rsquo;entre elles<br \/>\n<br \/><img decoding=\"async\" src=\"https:\/\/snuipp86.fr\/wp-content\/spip\/cache-vignettes\/L8xH11\/puce-68c92.gif\" width='8' height='11' alt=\"-\" style='height:11px;width:8px;' class='' \/> de relire ensemble tous les documents remis aux parents pour validation de l&rsquo;\u00e9quipe et corrections \u00e9ventuelles<\/p>\n<h3 class=\"spip\" id=\"outil_sommaire_4\"><a title=\"Sommaire\" href=\"http:\/\/86.snuipp.fr\/spip.php?page=backend&#038;id_rubrique=#outil_sommaire\" class=\"sommaire_ancre\"> <\/a>Ne pas oublier \u00e9galement<\/h3>\n<p class=\"spip\"><img decoding=\"async\" src=\"https:\/\/snuipp86.fr\/wp-content\/spip\/cache-vignettes\/L8xH11\/puce-68c92.gif\" width='8' height='11' alt=\"-\" style='height:11px;width:8px;' class='' \/> de rencontrer les membres du RASED, les convier au conseil des ma\u00eetres<br \/>\n<br \/><img decoding=\"async\" src=\"https:\/\/snuipp86.fr\/wp-content\/spip\/cache-vignettes\/L8xH11\/puce-68c92.gif\" width='8' height='11' alt=\"-\" style='height:11px;width:8px;' class='' \/> de prendre contact avec le m\u00e9decin scolaire et\/ou le m\u00e9decin de PMI<br \/>\n<br \/><img decoding=\"async\" src=\"https:\/\/snuipp86.fr\/wp-content\/spip\/cache-vignettes\/L8xH11\/puce-68c92.gif\" width='8' height='11' alt=\"-\" style='height:11px;width:8px;' class='' \/> de prendre contact, rencontrer les AVS, les EVS, les intervenants ext\u00e9rieurs : organiser les emplois du temps avec les coll\u00e8gues concern\u00e9s<br \/>\n<br \/><img decoding=\"async\" src=\"https:\/\/snuipp86.fr\/wp-content\/spip\/cache-vignettes\/L8xH11\/puce-68c92.gif\" width='8' height='11' alt=\"-\" style='height:11px;width:8px;' class='' \/> de mettre \u00e0 jour le fichier \u00a0\u00bb\u00e9l\u00e8ves\u00a0\u00bb de l&rsquo;\u00e9cole<br \/>\n<br \/><img decoding=\"async\" src=\"https:\/\/snuipp86.fr\/wp-content\/spip\/cache-vignettes\/L8xH11\/puce-68c92.gif\" width='8' height='11' alt=\"-\" style='height:11px;width:8px;' class='' \/> de faire le point sur les fournitures, le mobilier, le mat\u00e9riel en g\u00e9n\u00e9ral.<\/p>\n<p class=\"spip\">Et, penser \u00e0 faire les \u00e9ventuelles commandes collectives (cahiers d&rsquo;appel, cahiers de liaison avec les familles pour chaque \u00e9l\u00e8ve, papier&#8230;)<\/p>\n<p class=\"spip\">Enfin, concernant la s\u00e9curit\u00e9 des locaux et des personnes :<br \/>\n<br \/><img decoding=\"async\" src=\"https:\/\/snuipp86.fr\/wp-content\/spip\/cache-vignettes\/L8xH11\/puce-68c92.gif\" width='8' height='11' alt=\"-\" style='height:11px;width:8px;' class='' \/> faire le tour des installations pour demander le cas \u00e9ch\u00e9ant des travaux d&rsquo;urgence<br \/>\n<br \/><img decoding=\"async\" src=\"https:\/\/snuipp86.fr\/wp-content\/spip\/cache-vignettes\/L8xH11\/puce-68c92.gif\" width='8' height='11' alt=\"-\" style='height:11px;width:8px;' class='' \/> revoir le PPMS, revoir les consignes de s\u00e9curit\u00e9 et pr\u00e9voir le premier exercice incendie avec l&rsquo;\u00e9quipe.<\/p>\n<h3 class=\"spip\" id=\"outil_sommaire_5\"><a title=\"Sommaire\" href=\"http:\/\/86.snuipp.fr\/spip.php?page=backend&#038;id_rubrique=#outil_sommaire\" class=\"sommaire_ancre\"> <\/a>C\u00f4t\u00e9 SNUipp-FSU :<\/h3>\n<p class=\"spip\"><img decoding=\"async\" src=\"https:\/\/snuipp86.fr\/wp-content\/spip\/cache-vignettes\/L8xH11\/puce-68c92.gif\" width='8' height='11' alt=\"-\" style='height:11px;width:8px;' class='' \/> le<a href=\"http:\/\/www.snuipp.fr\/Kisaitou\/DEBUT.html\" class=\"spip_out\"> Kisaitou<\/a> est l&rsquo;outil indispensable \u00e0 la direction d&rsquo;\u00e9cole. Il traite de l&rsquo;ensemble des probl\u00e9matiques de l&rsquo;\u00e9cole. M\u00e9mento administratif et r\u00e9glementaire, une question se pose&#8230; on y trouve (presque toujours) la r\u00e9ponse ! <br \/><img decoding=\"async\" src=\"https:\/\/snuipp86.fr\/wp-content\/spip\/cache-vignettes\/L8xH11\/puce-68c92.gif\" width='8' height='11' alt=\"-\" style='height:11px;width:8px;' class='' \/> un affichage syndical dans la salle des ma\u00eetres permet de donner des informations aux enseignants de l&rsquo;\u00e9cole, de cr\u00e9er un espace collectif de discussion.<\/p>\n<p class=\"spip\">Cette premi\u00e8re \u201cmise en jambes\u201d donne un avant-go\u00fbt de la charge de travail attach\u00e9e tout au long de l&rsquo;ann\u00e9e \u00e0 la direction d&rsquo;\u00e9cole. Une charge de travail qui n&rsquo;a cess\u00e9 de s&rsquo;accroitre, de se diversifier. Lors des chantiers m\u00e9tiers de l&rsquo;ann\u00e9e pass\u00e9e,<a href=\"http:\/\/www.snuipp.fr\/Des-premieres-propositions-pas\" class=\"spip_out\"> le minist\u00e8re a fait quelques pas.<\/a> Mais d&rsquo;une mani\u00e8re g\u00e9n\u00e9rale, les mesures prises sur le temps de d\u00e9charge, l&rsquo;indemnitaire et l&rsquo;aide administrative restent encore insuffisantes. Le SNUipp-FSU continue d&rsquo;agir pour am\u00e9liorer concr\u00e8tement la situation de tous les directrices et directeurs d&rsquo;\u00e9cole.<\/p>\n<\/div>\n","protected":false},"excerpt":{"rendered":"<p>Direction d&rsquo;\u00e9cole : liste de rentr\u00e9e Avant la rentr\u00e9e, revue de d\u00e9tail des multiples choses \u00e0 faire pour pr\u00e9parer ce moment important. Une forme de \u00ab check-list \u00bb qui, si elle ne pr\u00e9tend pas \u00e0 l&rsquo;exhaustivit\u00e9, pourra sans doute \u00eatre utile aux directrices et directeurs d&rsquo;\u00e9cole. <br \/>Partenaires institutionnels <br \/>Prendre contact avec l&rsquo;inspection de l&rsquo;\u00c9ducation Nationale (IEN et \u00e9quipe de circonscription) : <br \/>effectifs carte scolaire (croiser les donn\u00e9es (&#8230;)<br \/>\n&#8211;<br \/>\n<a href=\"http:\/\/86.snuipp.fr\/spip.php?rubrique296\" rel=\"directory\">Directions d&rsquo;\u00e9coles<\/a><br \/>\n\/<br \/>\n<a href=\"http:\/\/86.snuipp.fr\/spip.php?mot303\" rel=\"tag\">Directions d&rsquo;\u00e9coles<\/a>,<br \/>\n<a href=\"http:\/\/86.snuipp.fr\/spip.php?mot324\" rel=\"tag\">Documents d&rsquo;aide<\/a><\/p>\n","protected":false},"author":1,"featured_media":0,"comment_status":"open","ping_status":"open","sticky":false,"template":"","format":"standard","meta":{"footnotes":""},"categories":[14],"tags":[],"class_list":["post-762","post","type-post","status-publish","format-standard","hentry","category-a-la-une"],"yoast_head":"<!-- This site is optimized with the Yoast SEO plugin v26.6 - https:\/\/yoast.com\/wordpress\/plugins\/seo\/ -->\n<title>Direction d&#039;\u00e9cole : liste de rentr\u00e9e - FSU-SNUipp 86<\/title>\n<meta name=\"robots\" content=\"index, follow, max-snippet:-1, max-image-preview:large, max-video-preview:-1\" \/>\n<link rel=\"canonical\" href=\"https:\/\/snuipp86.fr\/index.php\/2015\/08\/21\/direction-dcole-liste-de-rentre\/\" \/>\n<meta property=\"og:locale\" content=\"fr_FR\" \/>\n<meta property=\"og:type\" content=\"article\" \/>\n<meta property=\"og:title\" content=\"Direction d&#039;\u00e9cole : liste de rentr\u00e9e - FSU-SNUipp 86\" \/>\n<meta property=\"og:description\" content=\"Direction d&#039;\u00e9cole : liste de rentr\u00e9e Avant la rentr\u00e9e, revue de d\u00e9tail des multiples choses \u00e0 faire pour pr\u00e9parer ce moment important. Une forme de \u00ab check-list \u00bb qui, si elle ne pr\u00e9tend pas \u00e0 l&#039;exhaustivit\u00e9, pourra sans doute \u00eatre utile aux directrices et directeurs d&#039;\u00e9cole. Partenaires institutionnels Prendre contact avec l&#039;inspection de l&#039;\u00c9ducation Nationale (IEN et \u00e9quipe de circonscription) : effectifs carte scolaire (croiser les donn\u00e9es (...) - Directions d&#039;\u00e9coles \/ Directions d&#039;\u00e9coles, Documents d&#039;aide\" \/>\n<meta property=\"og:url\" content=\"https:\/\/snuipp86.fr\/index.php\/2015\/08\/21\/direction-dcole-liste-de-rentre\/\" \/>\n<meta property=\"og:site_name\" content=\"FSU-SNUipp 86\" \/>\n<meta property=\"article:published_time\" content=\"2015-08-21T12:13:00+00:00\" \/>\n<meta property=\"og:image\" content=\"http:\/\/snuipp86.fr\/wp-content\/spip\/IMG\/arton2188.jpg\" \/>\n<meta name=\"author\" content=\"WP86Admin\" \/>\n<meta name=\"twitter:card\" content=\"summary_large_image\" \/>\n<meta name=\"twitter:label1\" content=\"\u00c9crit par\" \/>\n\t<meta name=\"twitter:data1\" content=\"WP86Admin\" \/>\n\t<meta name=\"twitter:label2\" content=\"Dur\u00e9e de lecture estim\u00e9e\" \/>\n\t<meta name=\"twitter:data2\" content=\"4 minutes\" \/>\n<script type=\"application\/ld+json\" class=\"yoast-schema-graph\">{\"@context\":\"https:\/\/schema.org\",\"@graph\":[{\"@type\":\"WebPage\",\"@id\":\"https:\/\/snuipp86.fr\/index.php\/2015\/08\/21\/direction-dcole-liste-de-rentre\/\",\"url\":\"https:\/\/snuipp86.fr\/index.php\/2015\/08\/21\/direction-dcole-liste-de-rentre\/\",\"name\":\"Direction d'\u00e9cole : liste de rentr\u00e9e - FSU-SNUipp 86\",\"isPartOf\":{\"@id\":\"https:\/\/snuipp86.fr\/#website\"},\"primaryImageOfPage\":{\"@id\":\"https:\/\/snuipp86.fr\/index.php\/2015\/08\/21\/direction-dcole-liste-de-rentre\/#primaryimage\"},\"image\":{\"@id\":\"https:\/\/snuipp86.fr\/index.php\/2015\/08\/21\/direction-dcole-liste-de-rentre\/#primaryimage\"},\"thumbnailUrl\":\"http:\/\/snuipp86.fr\/wp-content\/spip\/IMG\/arton2188.jpg\",\"datePublished\":\"2015-08-21T12:13:00+00:00\",\"author\":{\"@id\":\"https:\/\/snuipp86.fr\/#\/schema\/person\/901b28b9ae1c7a63a6a940102e52a7a2\"},\"breadcrumb\":{\"@id\":\"https:\/\/snuipp86.fr\/index.php\/2015\/08\/21\/direction-dcole-liste-de-rentre\/#breadcrumb\"},\"inLanguage\":\"fr-FR\",\"potentialAction\":[{\"@type\":\"ReadAction\",\"target\":[\"https:\/\/snuipp86.fr\/index.php\/2015\/08\/21\/direction-dcole-liste-de-rentre\/\"]}]},{\"@type\":\"ImageObject\",\"inLanguage\":\"fr-FR\",\"@id\":\"https:\/\/snuipp86.fr\/index.php\/2015\/08\/21\/direction-dcole-liste-de-rentre\/#primaryimage\",\"url\":\"http:\/\/snuipp86.fr\/wp-content\/spip\/IMG\/arton2188.jpg\",\"contentUrl\":\"http:\/\/snuipp86.fr\/wp-content\/spip\/IMG\/arton2188.jpg\"},{\"@type\":\"BreadcrumbList\",\"@id\":\"https:\/\/snuipp86.fr\/index.php\/2015\/08\/21\/direction-dcole-liste-de-rentre\/#breadcrumb\",\"itemListElement\":[{\"@type\":\"ListItem\",\"position\":1,\"name\":\"Accueil\",\"item\":\"https:\/\/snuipp86.fr\/\"},{\"@type\":\"ListItem\",\"position\":2,\"name\":\"Direction d&#8217;\u00e9cole : liste de rentr\u00e9e\"}]},{\"@type\":\"WebSite\",\"@id\":\"https:\/\/snuipp86.fr\/#website\",\"url\":\"https:\/\/snuipp86.fr\/\",\"name\":\"FSU-SNUipp 86\",\"description\":\"Des id\u00e9es qui font l&#039;\u00e9cole\",\"potentialAction\":[{\"@type\":\"SearchAction\",\"target\":{\"@type\":\"EntryPoint\",\"urlTemplate\":\"https:\/\/snuipp86.fr\/?s={search_term_string}\"},\"query-input\":{\"@type\":\"PropertyValueSpecification\",\"valueRequired\":true,\"valueName\":\"search_term_string\"}}],\"inLanguage\":\"fr-FR\"},{\"@type\":\"Person\",\"@id\":\"https:\/\/snuipp86.fr\/#\/schema\/person\/901b28b9ae1c7a63a6a940102e52a7a2\",\"name\":\"WP86Admin\",\"image\":{\"@type\":\"ImageObject\",\"inLanguage\":\"fr-FR\",\"@id\":\"https:\/\/snuipp86.fr\/#\/schema\/person\/image\/\",\"url\":\"https:\/\/secure.gravatar.com\/avatar\/0099845c7ec05dc10d777d8ab4f5142c5ba316283821af2459738ad469a37a1a?s=96&d=mm&r=g\",\"contentUrl\":\"https:\/\/secure.gravatar.com\/avatar\/0099845c7ec05dc10d777d8ab4f5142c5ba316283821af2459738ad469a37a1a?s=96&d=mm&r=g\",\"caption\":\"WP86Admin\"},\"url\":\"https:\/\/snuipp86.fr\/index.php\/author\/wp86admin\/\"}]}<\/script>\n<!-- \/ Yoast SEO plugin. -->","yoast_head_json":{"title":"Direction d'\u00e9cole : liste de rentr\u00e9e - FSU-SNUipp 86","robots":{"index":"index","follow":"follow","max-snippet":"max-snippet:-1","max-image-preview":"max-image-preview:large","max-video-preview":"max-video-preview:-1"},"canonical":"https:\/\/snuipp86.fr\/index.php\/2015\/08\/21\/direction-dcole-liste-de-rentre\/","og_locale":"fr_FR","og_type":"article","og_title":"Direction d'\u00e9cole : liste de rentr\u00e9e - FSU-SNUipp 86","og_description":"Direction d'\u00e9cole : liste de rentr\u00e9e Avant la rentr\u00e9e, revue de d\u00e9tail des multiples choses \u00e0 faire pour pr\u00e9parer ce moment important. Une forme de \u00ab check-list \u00bb qui, si elle ne pr\u00e9tend pas \u00e0 l'exhaustivit\u00e9, pourra sans doute \u00eatre utile aux directrices et directeurs d'\u00e9cole. Partenaires institutionnels Prendre contact avec l'inspection de l'\u00c9ducation Nationale (IEN et \u00e9quipe de circonscription) : effectifs carte scolaire (croiser les donn\u00e9es (...) - Directions d'\u00e9coles \/ Directions d'\u00e9coles, Documents d'aide","og_url":"https:\/\/snuipp86.fr\/index.php\/2015\/08\/21\/direction-dcole-liste-de-rentre\/","og_site_name":"FSU-SNUipp 86","article_published_time":"2015-08-21T12:13:00+00:00","og_image":[{"url":"http:\/\/snuipp86.fr\/wp-content\/spip\/IMG\/arton2188.jpg","type":"","width":"","height":""}],"author":"WP86Admin","twitter_card":"summary_large_image","twitter_misc":{"\u00c9crit par":"WP86Admin","Dur\u00e9e de lecture estim\u00e9e":"4 minutes"},"schema":{"@context":"https:\/\/schema.org","@graph":[{"@type":"WebPage","@id":"https:\/\/snuipp86.fr\/index.php\/2015\/08\/21\/direction-dcole-liste-de-rentre\/","url":"https:\/\/snuipp86.fr\/index.php\/2015\/08\/21\/direction-dcole-liste-de-rentre\/","name":"Direction d'\u00e9cole : liste de rentr\u00e9e - FSU-SNUipp 86","isPartOf":{"@id":"https:\/\/snuipp86.fr\/#website"},"primaryImageOfPage":{"@id":"https:\/\/snuipp86.fr\/index.php\/2015\/08\/21\/direction-dcole-liste-de-rentre\/#primaryimage"},"image":{"@id":"https:\/\/snuipp86.fr\/index.php\/2015\/08\/21\/direction-dcole-liste-de-rentre\/#primaryimage"},"thumbnailUrl":"http:\/\/snuipp86.fr\/wp-content\/spip\/IMG\/arton2188.jpg","datePublished":"2015-08-21T12:13:00+00:00","author":{"@id":"https:\/\/snuipp86.fr\/#\/schema\/person\/901b28b9ae1c7a63a6a940102e52a7a2"},"breadcrumb":{"@id":"https:\/\/snuipp86.fr\/index.php\/2015\/08\/21\/direction-dcole-liste-de-rentre\/#breadcrumb"},"inLanguage":"fr-FR","potentialAction":[{"@type":"ReadAction","target":["https:\/\/snuipp86.fr\/index.php\/2015\/08\/21\/direction-dcole-liste-de-rentre\/"]}]},{"@type":"ImageObject","inLanguage":"fr-FR","@id":"https:\/\/snuipp86.fr\/index.php\/2015\/08\/21\/direction-dcole-liste-de-rentre\/#primaryimage","url":"http:\/\/snuipp86.fr\/wp-content\/spip\/IMG\/arton2188.jpg","contentUrl":"http:\/\/snuipp86.fr\/wp-content\/spip\/IMG\/arton2188.jpg"},{"@type":"BreadcrumbList","@id":"https:\/\/snuipp86.fr\/index.php\/2015\/08\/21\/direction-dcole-liste-de-rentre\/#breadcrumb","itemListElement":[{"@type":"ListItem","position":1,"name":"Accueil","item":"https:\/\/snuipp86.fr\/"},{"@type":"ListItem","position":2,"name":"Direction d&#8217;\u00e9cole : liste de rentr\u00e9e"}]},{"@type":"WebSite","@id":"https:\/\/snuipp86.fr\/#website","url":"https:\/\/snuipp86.fr\/","name":"FSU-SNUipp 86","description":"Des id\u00e9es qui font l&#039;\u00e9cole","potentialAction":[{"@type":"SearchAction","target":{"@type":"EntryPoint","urlTemplate":"https:\/\/snuipp86.fr\/?s={search_term_string}"},"query-input":{"@type":"PropertyValueSpecification","valueRequired":true,"valueName":"search_term_string"}}],"inLanguage":"fr-FR"},{"@type":"Person","@id":"https:\/\/snuipp86.fr\/#\/schema\/person\/901b28b9ae1c7a63a6a940102e52a7a2","name":"WP86Admin","image":{"@type":"ImageObject","inLanguage":"fr-FR","@id":"https:\/\/snuipp86.fr\/#\/schema\/person\/image\/","url":"https:\/\/secure.gravatar.com\/avatar\/0099845c7ec05dc10d777d8ab4f5142c5ba316283821af2459738ad469a37a1a?s=96&d=mm&r=g","contentUrl":"https:\/\/secure.gravatar.com\/avatar\/0099845c7ec05dc10d777d8ab4f5142c5ba316283821af2459738ad469a37a1a?s=96&d=mm&r=g","caption":"WP86Admin"},"url":"https:\/\/snuipp86.fr\/index.php\/author\/wp86admin\/"}]}},"_links":{"self":[{"href":"https:\/\/snuipp86.fr\/index.php\/wp-json\/wp\/v2\/posts\/762","targetHints":{"allow":["GET"]}}],"collection":[{"href":"https:\/\/snuipp86.fr\/index.php\/wp-json\/wp\/v2\/posts"}],"about":[{"href":"https:\/\/snuipp86.fr\/index.php\/wp-json\/wp\/v2\/types\/post"}],"author":[{"embeddable":true,"href":"https:\/\/snuipp86.fr\/index.php\/wp-json\/wp\/v2\/users\/1"}],"replies":[{"embeddable":true,"href":"https:\/\/snuipp86.fr\/index.php\/wp-json\/wp\/v2\/comments?post=762"}],"version-history":[{"count":0,"href":"https:\/\/snuipp86.fr\/index.php\/wp-json\/wp\/v2\/posts\/762\/revisions"}],"wp:attachment":[{"href":"https:\/\/snuipp86.fr\/index.php\/wp-json\/wp\/v2\/media?parent=762"}],"wp:term":[{"taxonomy":"category","embeddable":true,"href":"https:\/\/snuipp86.fr\/index.php\/wp-json\/wp\/v2\/categories?post=762"},{"taxonomy":"post_tag","embeddable":true,"href":"https:\/\/snuipp86.fr\/index.php\/wp-json\/wp\/v2\/tags?post=762"}],"curies":[{"name":"wp","href":"https:\/\/api.w.org\/{rel}","templated":true}]}}