{"id":783,"date":"2015-06-15T16:42:58","date_gmt":"2015-06-15T16:42:58","guid":{"rendered":"http:\/\/localhost\/wordpress\/2015\/06\/15\/capd-du-15-juin-nominations-pes-appels-candidature\/"},"modified":"2015-06-15T16:42:58","modified_gmt":"2015-06-15T16:42:58","slug":"capd-du-15-juin-nominations-pes-appels-candidature","status":"publish","type":"post","link":"https:\/\/snuipp86.fr\/index.php\/2015\/06\/15\/capd-du-15-juin-nominations-pes-appels-candidature\/","title":{"rendered":"CAPD du 15 juin : nominations, PES, appels \u00e0 candidature&#8230;"},"content":{"rendered":"<p><img decoding=\"async\" src=\"https:\/\/snuipp86.fr\/wp-content\/spip\/IMG\/arton2853.jpg\" alt=\"\" align=\"right\" width=\"150\" height=\"116\" class=\"spip_logos\" \/><\/p>\n<div class='rss_texte'>\n<h3 class=\"spip\" id=\"outil_sommaire_0\"><a title=\"Sommaire\" href=\"http:\/\/86.snuipp.fr\/spip.php?page=backend&#038;id_rubrique=#outil_sommaire\" class=\"sommaire_ancre\"> <\/a>Compte rendu de la CAPD du 15 juin\u200b<\/h3>\n<p class=\"spip\">\u200b- Note d&rsquo;ambiance : le grand vide &#8230;<br \/>\n<br \/><img decoding=\"async\" src=\"https:\/\/snuipp86.fr\/wp-content\/spip\/cache-vignettes\/L8xH11\/puce-68c92.gif\" width='8' height='11' alt=\"-\" style='height:11px;width:8px;' class='' \/> Nominations interm\u00e9diaires<br \/>\n<br \/><img decoding=\"async\" src=\"https:\/\/snuipp86.fr\/wp-content\/spip\/cache-vignettes\/L8xH11\/puce-68c92.gif\" width='8' height='11' alt=\"-\" style='height:11px;width:8px;' class='' \/> De nouveaux postes PES r\u00e9serv\u00e9s<br \/>\n<br \/><img decoding=\"async\" src=\"https:\/\/snuipp86.fr\/wp-content\/spip\/cache-vignettes\/L8xH11\/puce-68c92.gif\" width='8' height='11' alt=\"-\" style='height:11px;width:8px;' class='' \/> Infos diverses : Appels \u00e0 candidatures, DDEEAS, INEAT\/EXEAT, ALS<br \/>\n<br \/><img decoding=\"async\" src=\"https:\/\/snuipp86.fr\/wp-content\/spip\/cache-vignettes\/L8xH11\/puce-68c92.gif\" width='8' height='11' alt=\"-\" style='height:11px;width:8px;' class='' \/> Suite des nominations : 2nde phase, permanences, postes offerts &#8230;<\/p>\n<p class=\"spip\">\u200b&#8212;&#8212;&#8212;&#8212;&#8212;\u200b<\/p>\n<h3 class=\"spip\" id=\"outil_sommaire_1\"><a title=\"Sommaire\" href=\"http:\/\/86.snuipp.fr\/spip.php?page=backend&#038;id_rubrique=#outil_sommaire\" class=\"sommaire_ancre\"> <\/a>\u200bNote d&rsquo;ambiance : le grand vide &#8230;<\/h3>\n<p class=\"spip\">Une CAPD sans Inspecteur d &lsquo;Acad\u00e9mie, sans IENA et avec une seule IEN (Mme Br\u00e9geon, Centre Vienne ASH) !!!!! Les raisons \u00e9voqu\u00e9es : les oraux du CRPE, des formations, une urgence de derni\u00e8re minute&#8230;.<br \/>\nLe SNUipp-FSU d\u00e9nonce cette situation qui a rendu impossible d&rsquo;avoir des r\u00e9ponses concr\u00e8tes sur plusieurs sujets que le SNUipp-FSU a encore port\u00e9 comme :<\/p>\n<p class=\"spip\"><img decoding=\"async\" src=\"https:\/\/snuipp86.fr\/wp-content\/spip\/cache-vignettes\/L8xH11\/puce-68c92.gif\" width='8' height='11' alt=\"-\" style='height:11px;width:8px;' class='' \/> situations des coordonnateurs p\u00e9dagogiques d&rsquo;UE : traitements, d\u00e9charges &#8230;<br \/>\n<br \/><img decoding=\"async\" src=\"https:\/\/snuipp86.fr\/wp-content\/spip\/cache-vignettes\/L8xH11\/puce-68c92.gif\" width='8' height='11' alt=\"-\" style='height:11px;width:8px;' class='' \/> carte scolaire : ajustements annonc\u00e9s puis annul\u00e9s de juin ???<\/p>\n<p class=\"spip\">\u200b&#8212;&#8212;&#8212;&#8212;&#8212;&#8212;&#8212;&#8212;&#8212;&#8212;&#8212;&#8212;-<\/p>\n<h3 class=\"spip\" id=\"outil_sommaire_2\"><a title=\"Sommaire\" href=\"http:\/\/86.snuipp.fr\/spip.php?page=backend&#038;id_rubrique=#outil_sommaire\" class=\"sommaire_ancre\"> <\/a>\u200bNominations interm\u00e9diaires<\/h3>\n<p class=\"spip\">Vous trouverez sur ce lien (<a href=\"http:\/\/86.snuipp.fr\/spip.php?article2851\" class=\"spip_out\">http:\/\/86.snuipp.fr\/spip.php ?article2851<\/a>) les nominations prononc\u00e9es lors de cette CAPD :<\/p>\n<p class=\"spip\"><img decoding=\"async\" src=\"https:\/\/snuipp86.fr\/wp-content\/spip\/cache-vignettes\/L8xH11\/puce-68c92.gif\" width='8' height='11' alt=\"-\" style='height:11px;width:8px;' class='' \/> demandes de priorit\u00e9s d&rsquo;affectation (PA) : le SNUipp-FSU a d\u00e9fendu que toutes les PA en \u00e9ducation prioritaire puissent \u00eatre accord\u00e9es.<br \/>\n<br \/><img decoding=\"async\" src=\"https:\/\/snuipp86.fr\/wp-content\/spip\/cache-vignettes\/L8xH11\/puce-68c92.gif\" width='8' height='11' alt=\"-\" style='height:11px;width:8px;' class='' \/> compl\u00e9ments des postes fractionn\u00e9s \u00e0 titre d\u00e9finitif<br \/>\n<br \/><img decoding=\"async\" src=\"https:\/\/snuipp86.fr\/wp-content\/spip\/cache-vignettes\/L8xH11\/puce-68c92.gif\" width='8' height='11' alt=\"-\" style='height:11px;width:8px;' class='' \/> nominations des coll\u00e8gues ne pouvant exercer sur leurs postes (ex rempla\u00e7ants \u00e0 temps partiels)<br \/>\n<br \/><img decoding=\"async\" src=\"https:\/\/snuipp86.fr\/wp-content\/spip\/cache-vignettes\/L8xH11\/puce-68c92.gif\" width='8' height='11' alt=\"-\" style='height:11px;width:8px;' class='' \/> demandes de volontaires direction\/brigade\/ASH : seuls les coll\u00e8gues titulaires d&rsquo;un poste ont vu leur demande valid\u00e9e<\/p>\n<hr class=\"spip\" \/>\n<h3 class=\"spip\" id=\"outil_sommaire_3\"><a title=\"Sommaire\" href=\"http:\/\/86.snuipp.fr\/spip.php?page=backend&#038;id_rubrique=#outil_sommaire\" class=\"sommaire_ancre\"> <\/a>De nouveaux postes PES r\u00e9serv\u00e9s<\/h3>\n<p class=\"spip\">L&rsquo;administration pr\u00e9voit qu&rsquo;il y ait entre 5 et 8 PES actuels en situation de renouvellement. L&rsquo;administration a pr\u00e9sent\u00e9 une liste de postes qu&rsquo;elle souhaite conserver pour leur ann\u00e9e de renouvellement :<\/p>\n<p class=\"spip\"><img decoding=\"async\" src=\"https:\/\/snuipp86.fr\/wp-content\/spip\/cache-vignettes\/L8xH11\/puce-68c92.gif\" width='8' height='11' alt=\"-\" style='height:11px;width:8px;' class='' \/> Payr\u00e9 \u00e9l\u00e9m<br \/>\n<br \/><img decoding=\"async\" src=\"https:\/\/snuipp86.fr\/wp-content\/spip\/cache-vignettes\/L8xH11\/puce-68c92.gif\" width='8' height='11' alt=\"-\" style='height:11px;width:8px;' class='' \/> Thur\u00e9 Pagnol \u00e9l\u00e9m<br \/>\n<br \/><img decoding=\"async\" src=\"https:\/\/snuipp86.fr\/wp-content\/spip\/cache-vignettes\/L8xH11\/puce-68c92.gif\" width='8' height='11' alt=\"-\" style='height:11px;width:8px;' class='' \/> St jean de Sauves \u00e9l\u00e9m<br \/>\n<br \/><img decoding=\"async\" src=\"https:\/\/snuipp86.fr\/wp-content\/spip\/cache-vignettes\/L8xH11\/puce-68c92.gif\" width='8' height='11' alt=\"-\" style='height:11px;width:8px;' class='' \/> Jaunay Clan Pr\u00e9vert mat<br \/>\n<br \/><img decoding=\"async\" src=\"https:\/\/snuipp86.fr\/wp-content\/spip\/cache-vignettes\/L8xH11\/puce-68c92.gif\" width='8' height='11' alt=\"-\" style='height:11px;width:8px;' class='' \/> Fleur\u00e9 adj \u00e9l\u00e9m<br \/>\n<br \/><img decoding=\"async\" src=\"https:\/\/snuipp86.fr\/wp-content\/spip\/cache-vignettes\/L8xH11\/puce-68c92.gif\" width='8' height='11' alt=\"-\" style='height:11px;width:8px;' class='' \/> Smarves adj mat<br \/>\n<br \/><img decoding=\"async\" src=\"https:\/\/snuipp86.fr\/wp-content\/spip\/cache-vignettes\/L8xH11\/puce-68c92.gif\" width='8' height='11' alt=\"-\" style='height:11px;width:8px;' class='' \/> Marigny Brizay \u00e9l\u00e9m<br \/>\n<br \/><img decoding=\"async\" src=\"https:\/\/snuipp86.fr\/wp-content\/spip\/cache-vignettes\/L8xH11\/puce-68c92.gif\" width='8' height='11' alt=\"-\" style='height:11px;width:8px;' class='' \/> Valdivienne adj prim<br \/>\n<br \/><img decoding=\"async\" src=\"https:\/\/snuipp86.fr\/wp-content\/spip\/cache-vignettes\/L8xH11\/puce-68c92.gif\" width='8' height='11' alt=\"-\" style='height:11px;width:8px;' class='' \/> St Georges les Baillargeaux \u00e9l\u00e9m<\/p>\n<p class=\"spip\">Le SNUipp-FSU 86 est intervenu pour demander qu&rsquo;une vraie r\u00e9flexion soit men\u00e9e sur les supports qui seront retenus au regard des besoins de formation des coll\u00e8gues renouvel\u00e9s.<\/p>\n<p class=\"spip\">L&rsquo;IENA devrait arr\u00eater parmi cette liste les supports retenus d&rsquo;ici la fin de la semaine. Cela signifie que ces postes n&rsquo;appara\u00eetront pas au mouvement en postes entiers mais et qu&rsquo;ils seront \u00e0 50% dans un poste fractionn\u00e9 pour faire le compl\u00e9ment du PES (les PES renouvel\u00e9s seront \u00e0 50% en 2015\/16).<\/p>\n<hr class=\"spip\" \/>\n<h3 class=\"spip\" id=\"outil_sommaire_4\"><a title=\"Sommaire\" href=\"http:\/\/86.snuipp.fr\/spip.php?page=backend&#038;id_rubrique=#outil_sommaire\" class=\"sommaire_ancre\"> <\/a>Informations diverses<\/h3>\n<p class=\"spip\"><img decoding=\"async\" src=\"https:\/\/snuipp86.fr\/wp-content\/spip\/cache-vignettes\/L8xH11\/puce-68c92.gif\" width='8' height='11' alt=\"-\" style='height:11px;width:8px;' class='' \/> Appels \u00e0 candidatures<\/p>\n<ul class=\"spip\">\n<li class=\"spip\"> \u200b\u200bConseiller p\u00e9dagogique\u200b Poitiers Sud : 3 candidatures, 2 avis favorables. Demiot Claudine obtient le poste \u00e0 titre d\u00e9finitif<\/li>\n<li class=\"spip\"> Coordonnateur \u00e9ducation prioritaire Ch\u00e2tellerault : 1 candidat, avis favorable. Laurent Robin est nomm\u00e9 \u00e0 titre provisoire.<\/li>\n<li class=\"spip\"> Conseiller p\u00e9dagogique EPS Ch\u00e2tellerault : 1 candidate, avis favorable. Isabelle Caudron est nomm\u00e9e \u00e0 titre d\u00e9finitif.<\/li>\n<li class=\"spip\"> Formateur ASH au centre acad\u00e9mique \u00e0 Niort. Matthieu Grenier est nomm\u00e9 \u00e0 titre d\u00e9finitif. <\/li>\n<\/ul>\n<p class=\"spip\">en cours :<\/p>\n<ul class=\"spip\">\n<li class=\"spip\"> 1\/2 Coordonnateur \u00e9ducation prioritaire Poitiers EST &#8211;<a href=\"https:\/\/www.intra.ac-poitiers.fr\/mes-rubriques\/1-2-temps-coordonnateur-education-prioritaire-poitiers-est-188806.kjsp?RH=1192696847494&#038;ksession=743e2f21-4aea-4012-bf67-52b29dac2b51\" class=\"spip_out\"> lien<\/a> &#8211; Lettre de motivation et curriculum vitae \u00e0 transmettre au plus tard le vendredi 19 juin 2015, avant 12h<\/li>\n<li class=\"spip\"> 1\/2 temps animateur informatique Poitiers Est. <a href=\"https:\/\/www.intra.ac-poitiers.fr\/mes-rubriques\/1-2-temps-animateur-informatique-poitiers-est-188827.kjsp?RH=1192696847494\" class=\"spip_out\">lien<\/a> &#8211; Lettre de motivation et curriculum vitae \u00e0 transmettre au plus tard le vendredi 19 juin 2015, avant 12h<\/li>\n<\/ul>\n<p class=\"spip\"><img decoding=\"async\" src=\"https:\/\/snuipp86.fr\/wp-content\/spip\/cache-vignettes\/L8xH11\/puce-68c92.gif\" width='8' height='11' alt=\"-\" style='height:11px;width:8px;' class='' \/> Formation DDEEAS<\/p>\n<p class=\"spip\">Mme Oliver Corco et Mme Javayon ont \u00e9t\u00e9 retenues pour la \u00ab\u00a0formation DDEEAS\u00a0\u00bb organis\u00e9e par l&rsquo;acad\u00e9mie.<\/p>\n<p class=\"spip\"><img decoding=\"async\" src=\"https:\/\/snuipp86.fr\/wp-content\/spip\/cache-vignettes\/L8xH11\/puce-68c92.gif\" width='8' height='11' alt=\"-\" style='height:11px;width:8px;' class='' \/> INEAT \/ EXEAT<\/p>\n<p class=\"spip\">2 coll\u00e8gues ont obtenu leur INEAT dans un autre d\u00e9partement<\/p>\n<ul class=\"spip\">\n<li class=\"spip\"> Elodie Dubelle pour la Charente<\/li>\n<li class=\"spip\"> Chlo\u00e9 Raffele pour les Deux-S\u00e8vres<\/li>\n<\/ul>\n<p class=\"spip\">Le Secr\u00e9taire G\u00e9n\u00e9ral du rectorat a indiqu\u00e9, qu&rsquo;au regard du surnombre dans le d\u00e9partement, aucune int\u00e9gration dans le d\u00e9partement ne se ferait, sauf d\u00e9cision du recteur,<\/p>\n<p class=\"spip\"><img decoding=\"async\" src=\"https:\/\/snuipp86.fr\/wp-content\/spip\/cache-vignettes\/L8xH11\/puce-68c92.gif\" width='8' height='11' alt=\"-\" style='height:11px;width:8px;' class='' \/> All\u00e8gement de service<\/p>\n<p class=\"spip\">L&rsquo;administration a augment\u00e9 les all\u00e8gements de service de 2 coll\u00e8gues d&rsquo;une demi-journ\u00e9e, ce qui leur permettra d&rsquo;avoir une journ\u00e9e compl\u00e8te en all\u00e8gement de service. Le SNUipp-FSU se f\u00e9licite de cette avanc\u00e9e, car depuis le d\u00e9but il d\u00e9nonce les situations de ces coll\u00e8gues tant du point de vue m\u00e9dical qu&rsquo;au regard de l&rsquo;organisation du service. Le SNUipp-FSU continue \u00e0 demander la r\u00e9vision d&rsquo;autres situations m\u00e9dicales.<\/p>\n<hr class=\"spip\" \/>\n<h3 class=\"spip\" id=\"outil_sommaire_5\"><a title=\"Sommaire\" href=\"http:\/\/86.snuipp.fr\/spip.php?page=backend&#038;id_rubrique=#outil_sommaire\" class=\"sommaire_ancre\"> <\/a>Suite des nominations : 2nde phase, postes offerts<\/h3>\n<p class=\"spip\">Consultez d&rsquo;ores et d\u00e9j\u00e0 la circulaire de la 2nde phase de v\u0153ux du mouvement (<a href=\"https:\/\/www.intra.ac-poitiers.fr\/mes-rubriques\/mouvement-departemental-2015-2eme-phase-informatisee-188000.kjsp?RH=1180009251924\" class=\"spip_out\">sur ce lien<\/a>) \u200b qui aura lieu du 22 au 24 juin. \u200bIl sera tr\u00e8s important de renvoyer l&rsquo;annexe 1 \u00e0 l&rsquo;administration avec une copie au SNUipp-FSU 86\u200b. Le SNUipp-FSU 86 continuera \u00e0 tenir des permanences \u00e0 la maison syndicale ;<\/p>\n<p class=\"spip\"><img decoding=\"async\" src=\"https:\/\/snuipp86.fr\/wp-content\/spip\/cache-vignettes\/L8xH11\/puce-68c92.gif\" width='8' height='11' alt=\"-\" style='height:11px;width:8px;' class='' \/> lundi 22 et mardi 23 de 16h30 \u00e0 18h30<br \/>\n<br \/><img decoding=\"async\" src=\"https:\/\/snuipp86.fr\/wp-content\/spip\/cache-vignettes\/L8xH11\/puce-68c92.gif\" width='8' height='11' alt=\"-\" style='height:11px;width:8px;' class='' \/> mercredi 24 juin de 14h \u00e0 17h<\/p>\n<p class=\"spip\">Nous donnerons aussi des informations lors de la r\u00e9union d&rsquo;informations syndicales de lundi 22 juin de 13h30 \u00e0 16h30. Indiquez d&rsquo;ores et d\u00e9j\u00e0 votre intention d&rsquo;y participer \u00e0 votre IEN. <a href=\"http:\/\/86.snuipp.fr\/ecrire\/?exec=articles&#038;id_article=2758\" class=\"spip_out\">Retrouvez toutes les infos sur ce lien.<\/a><\/p>\n<h3 class=\"spip\" id=\"outil_sommaire_6\"><a title=\"Sommaire\" href=\"http:\/\/86.snuipp.fr\/spip.php?page=backend&#038;id_rubrique=#outil_sommaire\" class=\"sommaire_ancre\"> <\/a>Liste pr\u00e9visionnelle des postes propos\u00e9s \u00e0 la 2nde phase : <a href=\"http:\/\/86.snuipp.fr\/spip.php?article2852\" class=\"spip_out\">la liste<\/a><\/h3>\n<p class=\"spip\">Le SNUipp\/FSU vous propose cette liste qui peut encore \u00e9voluer d&rsquo;ici l&rsquo;ouverture de la 2nde phase du mouvement :<\/p>\n<p class=\"spip\"><img decoding=\"async\" src=\"https:\/\/snuipp86.fr\/wp-content\/spip\/cache-vignettes\/L8xH11\/puce-68c92.gif\" width='8' height='11' alt=\"-\" style='height:11px;width:8px;' class='' \/> pour les postes entiers, ce sont majoritairement des postes lib\u00e9r\u00e9s par des coll\u00e8gues volontaires sur des postes de direction, qui partent en cong\u00e9 formation, par les exeat&#8230;.<br \/>\n<br \/><img decoding=\"async\" src=\"https:\/\/snuipp86.fr\/wp-content\/spip\/cache-vignettes\/L8xH11\/puce-68c92.gif\" width='8' height='11' alt=\"-\" style='height:11px;width:8px;' class='' \/> pour les postes fractionn\u00e9s, ce sont des regroupements de temps partiels, de d\u00e9charges de direction et de compl\u00e9ments de PES&#8230;&#8230;<\/p>\n<\/div>\n","protected":false},"excerpt":{"rendered":"<p>Compte rendu de la CAPD du 15 juin\u200b \u200b- Note d&rsquo;ambiance : le grand vide &#8230; <br \/>Nominations interm\u00e9diaires <br \/>De nouveaux postes PES r\u00e9serv\u00e9s <br \/>Infos diverses : Appels \u00e0 candidatures, DDEEAS, INEAT\/EXEAT, ALS <br \/>Suite des nominations : 2nde phase, permanences, postes offerts &#8230; <br \/>\u200b&#8212;&#8212;&#8212;&#8212;&#8212;\u200b \u200bNote d&rsquo;ambiance : le grand vide &#8230; <br \/>Une CAPD sans Inspecteur d &lsquo;Acad\u00e9mie, sans IENA et avec une seule IEN (Mme Br\u00e9geon, Centre Vienne ASH) !!!!! Les raisons \u00e9voqu\u00e9es : les (&#8230;)<br \/>\n&#8211;<br \/>\n<a href=\"http:\/\/86.snuipp.fr\/spip.php?rubrique79\" rel=\"directory\">CAPD : Compte-Rendu et D\u00e9clarations du SNUipp<\/a><br \/>\n\/<br \/>\n<a href=\"http:\/\/86.snuipp.fr\/spip.php?mot280\" rel=\"tag\">Permutation,.Ineats, ex\u00e9ats .<\/a>,<br \/>\n<a href=\"http:\/\/86.snuipp.fr\/spip.php?mot296\" rel=\"tag\">CAPD<\/a><\/p>\n","protected":false},"author":1,"featured_media":0,"comment_status":"open","ping_status":"open","sticky":false,"template":"","format":"standard","meta":{"footnotes":""},"categories":[14],"tags":[],"class_list":["post-783","post","type-post","status-publish","format-standard","hentry","category-a-la-une"],"yoast_head":"<!-- This site is optimized with the Yoast SEO plugin v26.6 - https:\/\/yoast.com\/wordpress\/plugins\/seo\/ -->\n<title>CAPD du 15 juin : nominations, PES, appels \u00e0 candidature... - FSU-SNUipp 86<\/title>\n<meta name=\"robots\" content=\"index, follow, max-snippet:-1, max-image-preview:large, max-video-preview:-1\" \/>\n<link rel=\"canonical\" href=\"https:\/\/snuipp86.fr\/index.php\/2015\/06\/15\/capd-du-15-juin-nominations-pes-appels-candidature\/\" \/>\n<meta property=\"og:locale\" content=\"fr_FR\" \/>\n<meta property=\"og:type\" content=\"article\" \/>\n<meta property=\"og:title\" content=\"CAPD du 15 juin : nominations, PES, appels \u00e0 candidature... - FSU-SNUipp 86\" \/>\n<meta property=\"og:description\" content=\"Compte rendu de la CAPD du 15 juin\u200b \u200b- Note d&#039;ambiance : le grand vide ... Nominations interm\u00e9diaires De nouveaux postes PES r\u00e9serv\u00e9s Infos diverses : Appels \u00e0 candidatures, DDEEAS, INEAT\/EXEAT, ALS Suite des nominations : 2nde phase, permanences, postes offerts ... \u200b---------------\u200b \u200bNote d&#039;ambiance : le grand vide ... Une CAPD sans Inspecteur d &#039;Acad\u00e9mie, sans IENA et avec une seule IEN (Mme Br\u00e9geon, Centre Vienne ASH) !!!!! Les raisons \u00e9voqu\u00e9es : les (...) - CAPD : Compte-Rendu et D\u00e9clarations du SNUipp \/ Permutation,.Ineats, ex\u00e9ats ., CAPD\" \/>\n<meta property=\"og:url\" content=\"https:\/\/snuipp86.fr\/index.php\/2015\/06\/15\/capd-du-15-juin-nominations-pes-appels-candidature\/\" \/>\n<meta property=\"og:site_name\" content=\"FSU-SNUipp 86\" \/>\n<meta property=\"article:published_time\" content=\"2015-06-15T16:42:58+00:00\" \/>\n<meta property=\"og:image\" content=\"http:\/\/snuipp86.fr\/wp-content\/spip\/IMG\/arton2853.jpg\" \/>\n<meta name=\"author\" content=\"WP86Admin\" \/>\n<meta name=\"twitter:card\" content=\"summary_large_image\" \/>\n<meta name=\"twitter:label1\" content=\"\u00c9crit par\" \/>\n\t<meta name=\"twitter:data1\" content=\"WP86Admin\" \/>\n\t<meta name=\"twitter:label2\" content=\"Dur\u00e9e de lecture estim\u00e9e\" \/>\n\t<meta name=\"twitter:data2\" content=\"4 minutes\" \/>\n<script type=\"application\/ld+json\" class=\"yoast-schema-graph\">{\"@context\":\"https:\/\/schema.org\",\"@graph\":[{\"@type\":\"WebPage\",\"@id\":\"https:\/\/snuipp86.fr\/index.php\/2015\/06\/15\/capd-du-15-juin-nominations-pes-appels-candidature\/\",\"url\":\"https:\/\/snuipp86.fr\/index.php\/2015\/06\/15\/capd-du-15-juin-nominations-pes-appels-candidature\/\",\"name\":\"CAPD du 15 juin : nominations, PES, appels \u00e0 candidature... - FSU-SNUipp 86\",\"isPartOf\":{\"@id\":\"https:\/\/snuipp86.fr\/#website\"},\"primaryImageOfPage\":{\"@id\":\"https:\/\/snuipp86.fr\/index.php\/2015\/06\/15\/capd-du-15-juin-nominations-pes-appels-candidature\/#primaryimage\"},\"image\":{\"@id\":\"https:\/\/snuipp86.fr\/index.php\/2015\/06\/15\/capd-du-15-juin-nominations-pes-appels-candidature\/#primaryimage\"},\"thumbnailUrl\":\"http:\/\/snuipp86.fr\/wp-content\/spip\/IMG\/arton2853.jpg\",\"datePublished\":\"2015-06-15T16:42:58+00:00\",\"author\":{\"@id\":\"https:\/\/snuipp86.fr\/#\/schema\/person\/901b28b9ae1c7a63a6a940102e52a7a2\"},\"breadcrumb\":{\"@id\":\"https:\/\/snuipp86.fr\/index.php\/2015\/06\/15\/capd-du-15-juin-nominations-pes-appels-candidature\/#breadcrumb\"},\"inLanguage\":\"fr-FR\",\"potentialAction\":[{\"@type\":\"ReadAction\",\"target\":[\"https:\/\/snuipp86.fr\/index.php\/2015\/06\/15\/capd-du-15-juin-nominations-pes-appels-candidature\/\"]}]},{\"@type\":\"ImageObject\",\"inLanguage\":\"fr-FR\",\"@id\":\"https:\/\/snuipp86.fr\/index.php\/2015\/06\/15\/capd-du-15-juin-nominations-pes-appels-candidature\/#primaryimage\",\"url\":\"http:\/\/snuipp86.fr\/wp-content\/spip\/IMG\/arton2853.jpg\",\"contentUrl\":\"http:\/\/snuipp86.fr\/wp-content\/spip\/IMG\/arton2853.jpg\"},{\"@type\":\"BreadcrumbList\",\"@id\":\"https:\/\/snuipp86.fr\/index.php\/2015\/06\/15\/capd-du-15-juin-nominations-pes-appels-candidature\/#breadcrumb\",\"itemListElement\":[{\"@type\":\"ListItem\",\"position\":1,\"name\":\"Accueil\",\"item\":\"https:\/\/snuipp86.fr\/\"},{\"@type\":\"ListItem\",\"position\":2,\"name\":\"CAPD du 15 juin : nominations, PES, appels \u00e0 candidature&#8230;\"}]},{\"@type\":\"WebSite\",\"@id\":\"https:\/\/snuipp86.fr\/#website\",\"url\":\"https:\/\/snuipp86.fr\/\",\"name\":\"FSU-SNUipp 86\",\"description\":\"Des id\u00e9es qui font l&#039;\u00e9cole\",\"potentialAction\":[{\"@type\":\"SearchAction\",\"target\":{\"@type\":\"EntryPoint\",\"urlTemplate\":\"https:\/\/snuipp86.fr\/?s={search_term_string}\"},\"query-input\":{\"@type\":\"PropertyValueSpecification\",\"valueRequired\":true,\"valueName\":\"search_term_string\"}}],\"inLanguage\":\"fr-FR\"},{\"@type\":\"Person\",\"@id\":\"https:\/\/snuipp86.fr\/#\/schema\/person\/901b28b9ae1c7a63a6a940102e52a7a2\",\"name\":\"WP86Admin\",\"image\":{\"@type\":\"ImageObject\",\"inLanguage\":\"fr-FR\",\"@id\":\"https:\/\/snuipp86.fr\/#\/schema\/person\/image\/\",\"url\":\"https:\/\/secure.gravatar.com\/avatar\/0099845c7ec05dc10d777d8ab4f5142c5ba316283821af2459738ad469a37a1a?s=96&d=mm&r=g\",\"contentUrl\":\"https:\/\/secure.gravatar.com\/avatar\/0099845c7ec05dc10d777d8ab4f5142c5ba316283821af2459738ad469a37a1a?s=96&d=mm&r=g\",\"caption\":\"WP86Admin\"},\"url\":\"https:\/\/snuipp86.fr\/index.php\/author\/wp86admin\/\"}]}<\/script>\n<!-- \/ Yoast SEO plugin. -->","yoast_head_json":{"title":"CAPD du 15 juin : nominations, PES, appels \u00e0 candidature... - FSU-SNUipp 86","robots":{"index":"index","follow":"follow","max-snippet":"max-snippet:-1","max-image-preview":"max-image-preview:large","max-video-preview":"max-video-preview:-1"},"canonical":"https:\/\/snuipp86.fr\/index.php\/2015\/06\/15\/capd-du-15-juin-nominations-pes-appels-candidature\/","og_locale":"fr_FR","og_type":"article","og_title":"CAPD du 15 juin : nominations, PES, appels \u00e0 candidature... - FSU-SNUipp 86","og_description":"Compte rendu de la CAPD du 15 juin\u200b \u200b- Note d'ambiance : le grand vide ... Nominations interm\u00e9diaires De nouveaux postes PES r\u00e9serv\u00e9s Infos diverses : Appels \u00e0 candidatures, DDEEAS, INEAT\/EXEAT, ALS Suite des nominations : 2nde phase, permanences, postes offerts ... \u200b---------------\u200b \u200bNote d'ambiance : le grand vide ... Une CAPD sans Inspecteur d 'Acad\u00e9mie, sans IENA et avec une seule IEN (Mme Br\u00e9geon, Centre Vienne ASH) !!!!! Les raisons \u00e9voqu\u00e9es : les (...) - CAPD : Compte-Rendu et D\u00e9clarations du SNUipp \/ Permutation,.Ineats, ex\u00e9ats ., CAPD","og_url":"https:\/\/snuipp86.fr\/index.php\/2015\/06\/15\/capd-du-15-juin-nominations-pes-appels-candidature\/","og_site_name":"FSU-SNUipp 86","article_published_time":"2015-06-15T16:42:58+00:00","og_image":[{"url":"http:\/\/snuipp86.fr\/wp-content\/spip\/IMG\/arton2853.jpg","type":"","width":"","height":""}],"author":"WP86Admin","twitter_card":"summary_large_image","twitter_misc":{"\u00c9crit par":"WP86Admin","Dur\u00e9e de lecture estim\u00e9e":"4 minutes"},"schema":{"@context":"https:\/\/schema.org","@graph":[{"@type":"WebPage","@id":"https:\/\/snuipp86.fr\/index.php\/2015\/06\/15\/capd-du-15-juin-nominations-pes-appels-candidature\/","url":"https:\/\/snuipp86.fr\/index.php\/2015\/06\/15\/capd-du-15-juin-nominations-pes-appels-candidature\/","name":"CAPD du 15 juin : nominations, PES, appels \u00e0 candidature... - FSU-SNUipp 86","isPartOf":{"@id":"https:\/\/snuipp86.fr\/#website"},"primaryImageOfPage":{"@id":"https:\/\/snuipp86.fr\/index.php\/2015\/06\/15\/capd-du-15-juin-nominations-pes-appels-candidature\/#primaryimage"},"image":{"@id":"https:\/\/snuipp86.fr\/index.php\/2015\/06\/15\/capd-du-15-juin-nominations-pes-appels-candidature\/#primaryimage"},"thumbnailUrl":"http:\/\/snuipp86.fr\/wp-content\/spip\/IMG\/arton2853.jpg","datePublished":"2015-06-15T16:42:58+00:00","author":{"@id":"https:\/\/snuipp86.fr\/#\/schema\/person\/901b28b9ae1c7a63a6a940102e52a7a2"},"breadcrumb":{"@id":"https:\/\/snuipp86.fr\/index.php\/2015\/06\/15\/capd-du-15-juin-nominations-pes-appels-candidature\/#breadcrumb"},"inLanguage":"fr-FR","potentialAction":[{"@type":"ReadAction","target":["https:\/\/snuipp86.fr\/index.php\/2015\/06\/15\/capd-du-15-juin-nominations-pes-appels-candidature\/"]}]},{"@type":"ImageObject","inLanguage":"fr-FR","@id":"https:\/\/snuipp86.fr\/index.php\/2015\/06\/15\/capd-du-15-juin-nominations-pes-appels-candidature\/#primaryimage","url":"http:\/\/snuipp86.fr\/wp-content\/spip\/IMG\/arton2853.jpg","contentUrl":"http:\/\/snuipp86.fr\/wp-content\/spip\/IMG\/arton2853.jpg"},{"@type":"BreadcrumbList","@id":"https:\/\/snuipp86.fr\/index.php\/2015\/06\/15\/capd-du-15-juin-nominations-pes-appels-candidature\/#breadcrumb","itemListElement":[{"@type":"ListItem","position":1,"name":"Accueil","item":"https:\/\/snuipp86.fr\/"},{"@type":"ListItem","position":2,"name":"CAPD du 15 juin : nominations, PES, appels \u00e0 candidature&#8230;"}]},{"@type":"WebSite","@id":"https:\/\/snuipp86.fr\/#website","url":"https:\/\/snuipp86.fr\/","name":"FSU-SNUipp 86","description":"Des id\u00e9es qui font l&#039;\u00e9cole","potentialAction":[{"@type":"SearchAction","target":{"@type":"EntryPoint","urlTemplate":"https:\/\/snuipp86.fr\/?s={search_term_string}"},"query-input":{"@type":"PropertyValueSpecification","valueRequired":true,"valueName":"search_term_string"}}],"inLanguage":"fr-FR"},{"@type":"Person","@id":"https:\/\/snuipp86.fr\/#\/schema\/person\/901b28b9ae1c7a63a6a940102e52a7a2","name":"WP86Admin","image":{"@type":"ImageObject","inLanguage":"fr-FR","@id":"https:\/\/snuipp86.fr\/#\/schema\/person\/image\/","url":"https:\/\/secure.gravatar.com\/avatar\/0099845c7ec05dc10d777d8ab4f5142c5ba316283821af2459738ad469a37a1a?s=96&d=mm&r=g","contentUrl":"https:\/\/secure.gravatar.com\/avatar\/0099845c7ec05dc10d777d8ab4f5142c5ba316283821af2459738ad469a37a1a?s=96&d=mm&r=g","caption":"WP86Admin"},"url":"https:\/\/snuipp86.fr\/index.php\/author\/wp86admin\/"}]}},"_links":{"self":[{"href":"https:\/\/snuipp86.fr\/index.php\/wp-json\/wp\/v2\/posts\/783","targetHints":{"allow":["GET"]}}],"collection":[{"href":"https:\/\/snuipp86.fr\/index.php\/wp-json\/wp\/v2\/posts"}],"about":[{"href":"https:\/\/snuipp86.fr\/index.php\/wp-json\/wp\/v2\/types\/post"}],"author":[{"embeddable":true,"href":"https:\/\/snuipp86.fr\/index.php\/wp-json\/wp\/v2\/users\/1"}],"replies":[{"embeddable":true,"href":"https:\/\/snuipp86.fr\/index.php\/wp-json\/wp\/v2\/comments?post=783"}],"version-history":[{"count":0,"href":"https:\/\/snuipp86.fr\/index.php\/wp-json\/wp\/v2\/posts\/783\/revisions"}],"wp:attachment":[{"href":"https:\/\/snuipp86.fr\/index.php\/wp-json\/wp\/v2\/media?parent=783"}],"wp:term":[{"taxonomy":"category","embeddable":true,"href":"https:\/\/snuipp86.fr\/index.php\/wp-json\/wp\/v2\/categories?post=783"},{"taxonomy":"post_tag","embeddable":true,"href":"https:\/\/snuipp86.fr\/index.php\/wp-json\/wp\/v2\/tags?post=783"}],"curies":[{"name":"wp","href":"https:\/\/api.w.org\/{rel}","templated":true}]}}