{"id":784,"date":"2015-06-15T07:31:19","date_gmt":"2015-06-15T07:31:19","guid":{"rendered":"http:\/\/localhost\/wordpress\/2015\/06\/15\/mouvement-2015-nominations-de-la-capd-intermdiaire-du-15-mai\/"},"modified":"2015-06-15T07:31:19","modified_gmt":"2015-06-15T07:31:19","slug":"mouvement-2015-nominations-de-la-capd-intermdiaire-du-15-mai","status":"publish","type":"post","link":"https:\/\/snuipp86.fr\/index.php\/2015\/06\/15\/mouvement-2015-nominations-de-la-capd-intermdiaire-du-15-mai\/","title":{"rendered":"Mouvement 2015 : nominations de la CAPD interm\u00e9diaire du 15 mai"},"content":{"rendered":"<p><img decoding=\"async\" src=\"https:\/\/snuipp86.fr\/wp-content\/spip\/IMG\/arton2851.jpg\" alt=\"\" align=\"right\" width=\"300\" height=\"150\" class=\"spip_logos\" \/><\/p>\n<div class='rss_texte'>\n<p class=\"spip\">\u200bVous trouverez les nominations ci-dessous par nom et par commune<\/p>\n<dl class='spip_document_2349 spip_documents spip_documents_center' >\n<dt><a href=\"https:\/\/snuipp86.fr\/wp-content\/spip\/IMG\/pdf\/CAPD_15_juin_2015_nominations_ALPHA.pdf\" title='PDF - 103.2 ko' type=\"application\/pdf\"><img src='https:\/\/snuipp86.fr\/wp-content\/spip\/cache-vignettes\/L52xH52\/pdf-d7486.png' width='52' height='52' alt='PDF - 103.2 ko' style='height:52px;width:52px;' class=' format_png' \/><\/a><\/dt>\n<dt class='spip_doc_titre' style='width:120px;'><strong>CAPD 15 juin 2015 nominations ALPHA<\/strong><\/dt>\n<\/dl>\n<dl class='spip_document_2350 spip_documents spip_documents_center' >\n<dt><a href=\"https:\/\/snuipp86.fr\/wp-content\/spip\/IMG\/pdf\/CAPD_15_juin_2015_nominations_geo.pdf\" title='PDF - 103.6 ko' type=\"application\/pdf\"><img src='https:\/\/snuipp86.fr\/wp-content\/spip\/cache-vignettes\/L52xH52\/pdf-d7486.png' width='52' height='52' alt='PDF - 103.6 ko' style='height:52px;width:52px;' class=' format_png' \/><\/a><\/dt>\n<dt class='spip_doc_titre' style='width:120px;'><strong>CAPD 15 juin 2015 nominations g\u00e9o<\/strong><\/dt>\n<\/dl>\n<p class=\"spip\">Lors de cette CAPD de ce lundi matin, plus d&rsquo;une centaine de coll\u00e8gues ont \u00e9t\u00e9 nomm\u00e9-e-s. Ces nominations sont issues des situations \u00e9voqu\u00e9es lors des groupes de travail du 11 et 12 juin :<\/p>\n<p class=\"spip\"><img decoding=\"async\" src=\"https:\/\/snuipp86.fr\/wp-content\/spip\/cache-vignettes\/L8xH11\/puce-68c92.gif\" width='8' height='11' alt=\"-\" style='height:11px;width:8px;' class='' \/> demandes de priorit\u00e9s d&rsquo;affectation (PA) : le SNUipp-FSU a d\u00e9fendu que toutes les PA en \u00e9ducation prioritaire puissent \u00eatre accord\u00e9es.<br \/>\n<br \/><img decoding=\"async\" src=\"https:\/\/snuipp86.fr\/wp-content\/spip\/cache-vignettes\/L8xH11\/puce-68c92.gif\" width='8' height='11' alt=\"-\" style='height:11px;width:8px;' class='' \/> compl\u00e9ments des postes fractionn\u00e9s \u00e0 titre d\u00e9finitif<br \/>\n<br \/><img decoding=\"async\" src=\"https:\/\/snuipp86.fr\/wp-content\/spip\/cache-vignettes\/L8xH11\/puce-68c92.gif\" width='8' height='11' alt=\"-\" style='height:11px;width:8px;' class='' \/> nominations des coll\u00e8gues ne pouvant exercer sur leurs postes (ex rempla\u00e7ants \u00e0 temps partiels)<br \/>\n<br \/><img decoding=\"async\" src=\"https:\/\/snuipp86.fr\/wp-content\/spip\/cache-vignettes\/L8xH11\/puce-68c92.gif\" width='8' height='11' alt=\"-\" style='height:11px;width:8px;' class='' \/> demandes de volontaires direction\/brigade\/ASH<\/p>\n<p class=\"spip\">Pour plus d&rsquo;infos, vous pouvez nous appeler au 05 49 01 36 71.<\/p>\n<\/div>\n","protected":false},"excerpt":{"rendered":"<p>\u200bVous trouverez les nominations ci-dessous par nom et par commune <br \/>Lors de cette CAPD de ce lundi matin, plus d&rsquo;une centaine de coll\u00e8gues ont \u00e9t\u00e9 nomm\u00e9-e-s. Ces nominations sont issues des situations \u00e9voqu\u00e9es lors des groupes de travail du 11 et 12 juin : <br \/>demandes de priorit\u00e9s d&rsquo;affectation (PA) : le SNUipp-FSU a d\u00e9fendu que toutes les PA en \u00e9ducation prioritaire puissent \u00eatre accord\u00e9es. <br \/>compl\u00e9ments des postes fractionn\u00e9s \u00e0 titre d\u00e9finitif <br \/>nominations des coll\u00e8gues ne pouvant (&#8230;)<br \/>\n&#8211;<br \/>\n<a href=\"http:\/\/86.snuipp.fr\/spip.php?rubrique117\" rel=\"directory\">Mouvement des personnels &#8211; <\/a><br \/>\n\/<br \/>\n<a href=\"http:\/\/86.snuipp.fr\/spip.php?mot306\" rel=\"tag\">Mouvement<\/a><\/p>\n","protected":false},"author":1,"featured_media":0,"comment_status":"open","ping_status":"open","sticky":false,"template":"","format":"standard","meta":{"footnotes":""},"categories":[14],"tags":[],"class_list":["post-784","post","type-post","status-publish","format-standard","hentry","category-a-la-une"],"yoast_head":"<!-- This site is optimized with the Yoast SEO plugin v26.6 - https:\/\/yoast.com\/wordpress\/plugins\/seo\/ -->\n<title>Mouvement 2015 : nominations de la CAPD interm\u00e9diaire du 15 mai - FSU-SNUipp 86<\/title>\n<meta name=\"robots\" content=\"index, follow, max-snippet:-1, max-image-preview:large, max-video-preview:-1\" \/>\n<link rel=\"canonical\" href=\"https:\/\/snuipp86.fr\/index.php\/2015\/06\/15\/mouvement-2015-nominations-de-la-capd-intermdiaire-du-15-mai\/\" \/>\n<meta property=\"og:locale\" content=\"fr_FR\" \/>\n<meta property=\"og:type\" content=\"article\" \/>\n<meta property=\"og:title\" content=\"Mouvement 2015 : nominations de la CAPD interm\u00e9diaire du 15 mai - FSU-SNUipp 86\" \/>\n<meta property=\"og:description\" content=\"\u200bVous trouverez les nominations ci-dessous par nom et par commune Lors de cette CAPD de ce lundi matin, plus d&#039;une centaine de coll\u00e8gues ont \u00e9t\u00e9 nomm\u00e9-e-s. Ces nominations sont issues des situations \u00e9voqu\u00e9es lors des groupes de travail du 11 et 12 juin : demandes de priorit\u00e9s d&#039;affectation (PA) : le SNUipp-FSU a d\u00e9fendu que toutes les PA en \u00e9ducation prioritaire puissent \u00eatre accord\u00e9es. compl\u00e9ments des postes fractionn\u00e9s \u00e0 titre d\u00e9finitif nominations des coll\u00e8gues ne pouvant (...) - Mouvement des personnels - \/ Mouvement\" \/>\n<meta property=\"og:url\" content=\"https:\/\/snuipp86.fr\/index.php\/2015\/06\/15\/mouvement-2015-nominations-de-la-capd-intermdiaire-du-15-mai\/\" \/>\n<meta property=\"og:site_name\" content=\"FSU-SNUipp 86\" \/>\n<meta property=\"article:published_time\" content=\"2015-06-15T07:31:19+00:00\" \/>\n<meta property=\"og:image\" content=\"http:\/\/snuipp86.fr\/wp-content\/spip\/IMG\/arton2851.jpg\" \/>\n<meta name=\"author\" content=\"WP86Admin\" \/>\n<meta name=\"twitter:card\" content=\"summary_large_image\" \/>\n<meta name=\"twitter:label1\" content=\"\u00c9crit par\" \/>\n\t<meta name=\"twitter:data1\" content=\"WP86Admin\" \/>\n\t<meta name=\"twitter:label2\" content=\"Dur\u00e9e de lecture estim\u00e9e\" \/>\n\t<meta name=\"twitter:data2\" content=\"1 minute\" \/>\n<script type=\"application\/ld+json\" class=\"yoast-schema-graph\">{\"@context\":\"https:\/\/schema.org\",\"@graph\":[{\"@type\":\"WebPage\",\"@id\":\"https:\/\/snuipp86.fr\/index.php\/2015\/06\/15\/mouvement-2015-nominations-de-la-capd-intermdiaire-du-15-mai\/\",\"url\":\"https:\/\/snuipp86.fr\/index.php\/2015\/06\/15\/mouvement-2015-nominations-de-la-capd-intermdiaire-du-15-mai\/\",\"name\":\"Mouvement 2015 : nominations de la CAPD interm\u00e9diaire du 15 mai - FSU-SNUipp 86\",\"isPartOf\":{\"@id\":\"https:\/\/snuipp86.fr\/#website\"},\"primaryImageOfPage\":{\"@id\":\"https:\/\/snuipp86.fr\/index.php\/2015\/06\/15\/mouvement-2015-nominations-de-la-capd-intermdiaire-du-15-mai\/#primaryimage\"},\"image\":{\"@id\":\"https:\/\/snuipp86.fr\/index.php\/2015\/06\/15\/mouvement-2015-nominations-de-la-capd-intermdiaire-du-15-mai\/#primaryimage\"},\"thumbnailUrl\":\"http:\/\/snuipp86.fr\/wp-content\/spip\/IMG\/arton2851.jpg\",\"datePublished\":\"2015-06-15T07:31:19+00:00\",\"author\":{\"@id\":\"https:\/\/snuipp86.fr\/#\/schema\/person\/901b28b9ae1c7a63a6a940102e52a7a2\"},\"breadcrumb\":{\"@id\":\"https:\/\/snuipp86.fr\/index.php\/2015\/06\/15\/mouvement-2015-nominations-de-la-capd-intermdiaire-du-15-mai\/#breadcrumb\"},\"inLanguage\":\"fr-FR\",\"potentialAction\":[{\"@type\":\"ReadAction\",\"target\":[\"https:\/\/snuipp86.fr\/index.php\/2015\/06\/15\/mouvement-2015-nominations-de-la-capd-intermdiaire-du-15-mai\/\"]}]},{\"@type\":\"ImageObject\",\"inLanguage\":\"fr-FR\",\"@id\":\"https:\/\/snuipp86.fr\/index.php\/2015\/06\/15\/mouvement-2015-nominations-de-la-capd-intermdiaire-du-15-mai\/#primaryimage\",\"url\":\"http:\/\/snuipp86.fr\/wp-content\/spip\/IMG\/arton2851.jpg\",\"contentUrl\":\"http:\/\/snuipp86.fr\/wp-content\/spip\/IMG\/arton2851.jpg\"},{\"@type\":\"BreadcrumbList\",\"@id\":\"https:\/\/snuipp86.fr\/index.php\/2015\/06\/15\/mouvement-2015-nominations-de-la-capd-intermdiaire-du-15-mai\/#breadcrumb\",\"itemListElement\":[{\"@type\":\"ListItem\",\"position\":1,\"name\":\"Accueil\",\"item\":\"https:\/\/snuipp86.fr\/\"},{\"@type\":\"ListItem\",\"position\":2,\"name\":\"Mouvement 2015 : nominations de la CAPD interm\u00e9diaire du 15 mai\"}]},{\"@type\":\"WebSite\",\"@id\":\"https:\/\/snuipp86.fr\/#website\",\"url\":\"https:\/\/snuipp86.fr\/\",\"name\":\"FSU-SNUipp 86\",\"description\":\"Des id\u00e9es qui font l&#039;\u00e9cole\",\"potentialAction\":[{\"@type\":\"SearchAction\",\"target\":{\"@type\":\"EntryPoint\",\"urlTemplate\":\"https:\/\/snuipp86.fr\/?s={search_term_string}\"},\"query-input\":{\"@type\":\"PropertyValueSpecification\",\"valueRequired\":true,\"valueName\":\"search_term_string\"}}],\"inLanguage\":\"fr-FR\"},{\"@type\":\"Person\",\"@id\":\"https:\/\/snuipp86.fr\/#\/schema\/person\/901b28b9ae1c7a63a6a940102e52a7a2\",\"name\":\"WP86Admin\",\"image\":{\"@type\":\"ImageObject\",\"inLanguage\":\"fr-FR\",\"@id\":\"https:\/\/snuipp86.fr\/#\/schema\/person\/image\/\",\"url\":\"https:\/\/secure.gravatar.com\/avatar\/0099845c7ec05dc10d777d8ab4f5142c5ba316283821af2459738ad469a37a1a?s=96&d=mm&r=g\",\"contentUrl\":\"https:\/\/secure.gravatar.com\/avatar\/0099845c7ec05dc10d777d8ab4f5142c5ba316283821af2459738ad469a37a1a?s=96&d=mm&r=g\",\"caption\":\"WP86Admin\"},\"url\":\"https:\/\/snuipp86.fr\/index.php\/author\/wp86admin\/\"}]}<\/script>\n<!-- \/ Yoast SEO plugin. -->","yoast_head_json":{"title":"Mouvement 2015 : nominations de la CAPD interm\u00e9diaire du 15 mai - FSU-SNUipp 86","robots":{"index":"index","follow":"follow","max-snippet":"max-snippet:-1","max-image-preview":"max-image-preview:large","max-video-preview":"max-video-preview:-1"},"canonical":"https:\/\/snuipp86.fr\/index.php\/2015\/06\/15\/mouvement-2015-nominations-de-la-capd-intermdiaire-du-15-mai\/","og_locale":"fr_FR","og_type":"article","og_title":"Mouvement 2015 : nominations de la CAPD interm\u00e9diaire du 15 mai - FSU-SNUipp 86","og_description":"\u200bVous trouverez les nominations ci-dessous par nom et par commune Lors de cette CAPD de ce lundi matin, plus d'une centaine de coll\u00e8gues ont \u00e9t\u00e9 nomm\u00e9-e-s. Ces nominations sont issues des situations \u00e9voqu\u00e9es lors des groupes de travail du 11 et 12 juin : demandes de priorit\u00e9s d'affectation (PA) : le SNUipp-FSU a d\u00e9fendu que toutes les PA en \u00e9ducation prioritaire puissent \u00eatre accord\u00e9es. compl\u00e9ments des postes fractionn\u00e9s \u00e0 titre d\u00e9finitif nominations des coll\u00e8gues ne pouvant (...) - Mouvement des personnels - \/ Mouvement","og_url":"https:\/\/snuipp86.fr\/index.php\/2015\/06\/15\/mouvement-2015-nominations-de-la-capd-intermdiaire-du-15-mai\/","og_site_name":"FSU-SNUipp 86","article_published_time":"2015-06-15T07:31:19+00:00","og_image":[{"url":"http:\/\/snuipp86.fr\/wp-content\/spip\/IMG\/arton2851.jpg","type":"","width":"","height":""}],"author":"WP86Admin","twitter_card":"summary_large_image","twitter_misc":{"\u00c9crit par":"WP86Admin","Dur\u00e9e de lecture estim\u00e9e":"1 minute"},"schema":{"@context":"https:\/\/schema.org","@graph":[{"@type":"WebPage","@id":"https:\/\/snuipp86.fr\/index.php\/2015\/06\/15\/mouvement-2015-nominations-de-la-capd-intermdiaire-du-15-mai\/","url":"https:\/\/snuipp86.fr\/index.php\/2015\/06\/15\/mouvement-2015-nominations-de-la-capd-intermdiaire-du-15-mai\/","name":"Mouvement 2015 : nominations de la CAPD interm\u00e9diaire du 15 mai - FSU-SNUipp 86","isPartOf":{"@id":"https:\/\/snuipp86.fr\/#website"},"primaryImageOfPage":{"@id":"https:\/\/snuipp86.fr\/index.php\/2015\/06\/15\/mouvement-2015-nominations-de-la-capd-intermdiaire-du-15-mai\/#primaryimage"},"image":{"@id":"https:\/\/snuipp86.fr\/index.php\/2015\/06\/15\/mouvement-2015-nominations-de-la-capd-intermdiaire-du-15-mai\/#primaryimage"},"thumbnailUrl":"http:\/\/snuipp86.fr\/wp-content\/spip\/IMG\/arton2851.jpg","datePublished":"2015-06-15T07:31:19+00:00","author":{"@id":"https:\/\/snuipp86.fr\/#\/schema\/person\/901b28b9ae1c7a63a6a940102e52a7a2"},"breadcrumb":{"@id":"https:\/\/snuipp86.fr\/index.php\/2015\/06\/15\/mouvement-2015-nominations-de-la-capd-intermdiaire-du-15-mai\/#breadcrumb"},"inLanguage":"fr-FR","potentialAction":[{"@type":"ReadAction","target":["https:\/\/snuipp86.fr\/index.php\/2015\/06\/15\/mouvement-2015-nominations-de-la-capd-intermdiaire-du-15-mai\/"]}]},{"@type":"ImageObject","inLanguage":"fr-FR","@id":"https:\/\/snuipp86.fr\/index.php\/2015\/06\/15\/mouvement-2015-nominations-de-la-capd-intermdiaire-du-15-mai\/#primaryimage","url":"http:\/\/snuipp86.fr\/wp-content\/spip\/IMG\/arton2851.jpg","contentUrl":"http:\/\/snuipp86.fr\/wp-content\/spip\/IMG\/arton2851.jpg"},{"@type":"BreadcrumbList","@id":"https:\/\/snuipp86.fr\/index.php\/2015\/06\/15\/mouvement-2015-nominations-de-la-capd-intermdiaire-du-15-mai\/#breadcrumb","itemListElement":[{"@type":"ListItem","position":1,"name":"Accueil","item":"https:\/\/snuipp86.fr\/"},{"@type":"ListItem","position":2,"name":"Mouvement 2015 : nominations de la CAPD interm\u00e9diaire du 15 mai"}]},{"@type":"WebSite","@id":"https:\/\/snuipp86.fr\/#website","url":"https:\/\/snuipp86.fr\/","name":"FSU-SNUipp 86","description":"Des id\u00e9es qui font l&#039;\u00e9cole","potentialAction":[{"@type":"SearchAction","target":{"@type":"EntryPoint","urlTemplate":"https:\/\/snuipp86.fr\/?s={search_term_string}"},"query-input":{"@type":"PropertyValueSpecification","valueRequired":true,"valueName":"search_term_string"}}],"inLanguage":"fr-FR"},{"@type":"Person","@id":"https:\/\/snuipp86.fr\/#\/schema\/person\/901b28b9ae1c7a63a6a940102e52a7a2","name":"WP86Admin","image":{"@type":"ImageObject","inLanguage":"fr-FR","@id":"https:\/\/snuipp86.fr\/#\/schema\/person\/image\/","url":"https:\/\/secure.gravatar.com\/avatar\/0099845c7ec05dc10d777d8ab4f5142c5ba316283821af2459738ad469a37a1a?s=96&d=mm&r=g","contentUrl":"https:\/\/secure.gravatar.com\/avatar\/0099845c7ec05dc10d777d8ab4f5142c5ba316283821af2459738ad469a37a1a?s=96&d=mm&r=g","caption":"WP86Admin"},"url":"https:\/\/snuipp86.fr\/index.php\/author\/wp86admin\/"}]}},"_links":{"self":[{"href":"https:\/\/snuipp86.fr\/index.php\/wp-json\/wp\/v2\/posts\/784","targetHints":{"allow":["GET"]}}],"collection":[{"href":"https:\/\/snuipp86.fr\/index.php\/wp-json\/wp\/v2\/posts"}],"about":[{"href":"https:\/\/snuipp86.fr\/index.php\/wp-json\/wp\/v2\/types\/post"}],"author":[{"embeddable":true,"href":"https:\/\/snuipp86.fr\/index.php\/wp-json\/wp\/v2\/users\/1"}],"replies":[{"embeddable":true,"href":"https:\/\/snuipp86.fr\/index.php\/wp-json\/wp\/v2\/comments?post=784"}],"version-history":[{"count":0,"href":"https:\/\/snuipp86.fr\/index.php\/wp-json\/wp\/v2\/posts\/784\/revisions"}],"wp:attachment":[{"href":"https:\/\/snuipp86.fr\/index.php\/wp-json\/wp\/v2\/media?parent=784"}],"wp:term":[{"taxonomy":"category","embeddable":true,"href":"https:\/\/snuipp86.fr\/index.php\/wp-json\/wp\/v2\/categories?post=784"},{"taxonomy":"post_tag","embeddable":true,"href":"https:\/\/snuipp86.fr\/index.php\/wp-json\/wp\/v2\/tags?post=784"}],"curies":[{"name":"wp","href":"https:\/\/api.w.org\/{rel}","templated":true}]}}