{"id":819,"date":"2015-04-08T16:21:00","date_gmt":"2015-04-08T16:21:00","guid":{"rendered":"http:\/\/localhost\/wordpress\/2015\/04\/08\/carte-scolaire-2015-ouvertures-et-fermetures-de-lia-au-ctsd\/"},"modified":"2015-04-08T16:21:00","modified_gmt":"2015-04-08T16:21:00","slug":"carte-scolaire-2015-ouvertures-et-fermetures-de-lia-au-ctsd","status":"publish","type":"post","link":"https:\/\/snuipp86.fr\/index.php\/2015\/04\/08\/carte-scolaire-2015-ouvertures-et-fermetures-de-lia-au-ctsd\/","title":{"rendered":"Carte Scolaire 2015 : ouvertures et fermetures de l&rsquo;IA au CTSD"},"content":{"rendered":"<p><img decoding=\"async\" src=\"https:\/\/snuipp86.fr\/wp-content\/spip\/IMG\/arton2814.jpg\" alt=\"\" align=\"right\" width=\"177\" height=\"179\" class=\"spip_logos\" \/><\/p>\n<div class='rss_texte'>\n<h3 class=\"spip\" id=\"outil_sommaire_0\"><a title=\"Sommaire\" href=\"http:\/\/86.snuipp.fr\/spip.php?page=backend&#038;id_rubrique=#outil_sommaire\" class=\"sommaire_ancre\"> <\/a>RENTREE 2015 : OUVERTURES ET FERMETURES<br \/>\nCOMIT\u00c9 TECHNIQUE DU 8 AVRIL 2015<\/h3>\n<p class=\"spip\"><strong class=\"spip\">compte rendu \u00e0 suivre<\/strong><\/p>\n<h3 class=\"spip\" id=\"outil_sommaire_1\"><a title=\"Sommaire\" href=\"http:\/\/86.snuipp.fr\/spip.php?page=backend&#038;id_rubrique=#outil_sommaire\" class=\"sommaire_ancre\"> <\/a>OUVERTURES (23,5)<\/h3>\n<h3 class=\"spip\" id=\"outil_sommaire_2\"><a title=\"Sommaire\" href=\"http:\/\/86.snuipp.fr\/spip.php?page=backend&#038;id_rubrique=#outil_sommaire\" class=\"sommaire_ancre\"> <\/a>Choix de l&rsquo;inspecteur d&rsquo;acad\u00e9mie sur les postes classe (14)<\/h3>\n<ul class=\"spip\">\n<li class=\"spip\"> Maternelles (3)<\/li>\n<\/ul>\n<p class=\"spip\"><img decoding=\"async\" src=\"https:\/\/snuipp86.fr\/wp-content\/spip\/cache-vignettes\/L8xH11\/puce-68c92.gif\" width='8' height='11' alt=\"-\" style='height:11px;width:8px;' class='' \/> Dissay \u00ab\u00a0Tony La\u00een\u00e9\u00a0\u00bb<\/p>\n<p class=\"spip\"><img decoding=\"async\" src=\"https:\/\/snuipp86.fr\/wp-content\/spip\/cache-vignettes\/L8xH11\/puce-68c92.gif\" width='8' height='11' alt=\"-\" style='height:11px;width:8px;' class='' \/> Rouill\u00e9<\/p>\n<p class=\"spip\"><img decoding=\"async\" src=\"https:\/\/snuipp86.fr\/wp-content\/spip\/cache-vignettes\/L8xH11\/puce-68c92.gif\" width='8' height='11' alt=\"-\" style='height:11px;width:8px;' class='' \/> Saint-Beno\u00eet \u00ab\u00a0Irma Jouenne\u00a0\u00bb<\/p>\n<ul class=\"spip\">\n<li class=\"spip\"> Accueil moins de 3 ans<\/li>\n<\/ul>\n<p class=\"spip\"><img decoding=\"async\" src=\"https:\/\/snuipp86.fr\/wp-content\/spip\/cache-vignettes\/L8xH11\/puce-68c92.gif\" width='8' height='11' alt=\"-\" style='height:11px;width:8px;' class='' \/> Poitiers \u00ab\u00a0Alphonse Daudet\u00a0\u00bb<\/p>\n<ul class=\"spip\">\n<li class=\"spip\"> El\u00e9mentaires (5)<\/li>\n<\/ul>\n<p class=\"spip\"><img decoding=\"async\" src=\"https:\/\/snuipp86.fr\/wp-content\/spip\/cache-vignettes\/L8xH11\/puce-68c92.gif\" width='8' height='11' alt=\"-\" style='height:11px;width:8px;' class='' \/> Ligug\u00e9 \u00ab\u00a0Cl. P\u00e9ruchon\u00a0\u00bb<\/p>\n<p class=\"spip\"><img decoding=\"async\" src=\"https:\/\/snuipp86.fr\/wp-content\/spip\/cache-vignettes\/L8xH11\/puce-68c92.gif\" width='8' height='11' alt=\"-\" style='height:11px;width:8px;' class='' \/> Mign\u00e9-Auxances \u00ab\u00a0Robert Desnos\u00a0\u00bb<\/p>\n<p class=\"spip\"><img decoding=\"async\" src=\"https:\/\/snuipp86.fr\/wp-content\/spip\/cache-vignettes\/L8xH11\/puce-68c92.gif\" width='8' height='11' alt=\"-\" style='height:11px;width:8px;' class='' \/> Poitiers \u00ab\u00a0P. Neruda\u00a0\u00bb<\/p>\n<p class=\"spip\"><img decoding=\"async\" src=\"https:\/\/snuipp86.fr\/wp-content\/spip\/cache-vignettes\/L8xH11\/puce-68c92.gif\" width='8' height='11' alt=\"-\" style='height:11px;width:8px;' class='' \/> Smarves \u00ab\u00a0R. Pain\u00a0\u00bb<\/p>\n<p class=\"spip\"><img decoding=\"async\" src=\"https:\/\/snuipp86.fr\/wp-content\/spip\/cache-vignettes\/L8xH11\/puce-68c92.gif\" width='8' height='11' alt=\"-\" style='height:11px;width:8px;' class='' \/> Vouneuil-sous-Biard \u00ab\u00a0Camille Desmoulins\u00a0\u00bb<\/p>\n<ul class=\"spip\">\n<li class=\"spip\"> Primaires (3)<\/li>\n<\/ul>\n<p class=\"spip\"><img decoding=\"async\" src=\"https:\/\/snuipp86.fr\/wp-content\/spip\/cache-vignettes\/L8xH11\/puce-68c92.gif\" width='8' height='11' alt=\"-\" style='height:11px;width:8px;' class='' \/> Poitiers \u00ab\u00a0Charles Perrault\u00a0\u00bb<\/p>\n<p class=\"spip\"><img decoding=\"async\" src=\"https:\/\/snuipp86.fr\/wp-content\/spip\/cache-vignettes\/L8xH11\/puce-68c92.gif\" width='8' height='11' alt=\"-\" style='height:11px;width:8px;' class='' \/> Valdivienne \u00ab\u00a0Les Gen\u00eats\u00a0\u00bb<\/p>\n<p class=\"spip\"><img decoding=\"async\" src=\"https:\/\/snuipp86.fr\/wp-content\/spip\/cache-vignettes\/L8xH11\/puce-68c92.gif\" width='8' height='11' alt=\"-\" style='height:11px;width:8px;' class='' \/> <strong class=\"spip\">Usson-du-Poitou \u2013 Nouvelle Ouverture gagn\u00e9e par le SNUipp-FSU 86 lors de ce CTSD<\/strong><\/p>\n<ul class=\"spip\">\n<li class=\"spip\"> Enseignement sp\u00e9cialis\u00e9 (2)<\/li>\n<\/ul>\n<p class=\"spip\"><img decoding=\"async\" src=\"https:\/\/snuipp86.fr\/wp-content\/spip\/cache-vignettes\/L8xH11\/puce-68c92.gif\" width='8' height='11' alt=\"-\" style='height:11px;width:8px;' class='' \/> 1 CLIS Thur\u00e9 M. Pagnol<\/p>\n<p class=\"spip\"><img decoding=\"async\" src=\"https:\/\/snuipp86.fr\/wp-content\/spip\/cache-vignettes\/L8xH11\/puce-68c92.gif\" width='8' height='11' alt=\"-\" style='height:11px;width:8px;' class='' \/> 1 CLIS Lussac-les-Ch\u00e2teaux \u00e9l\u00e9m<\/p>\n<h3 class=\"spip\" id=\"outil_sommaire_3\"><a title=\"Sommaire\" href=\"http:\/\/86.snuipp.fr\/spip.php?page=backend&#038;id_rubrique=#outil_sommaire\" class=\"sommaire_ancre\"> <\/a>Choix de l&rsquo;IA sur les dispositifs d\u00e9partementaux (9,5)<\/h3>\n<p class=\"spip\">\u200b<\/p>\n<ul class=\"spip\">\n<li class=\"spip\"> 1 ma\u00eetre de plus que de classes (REP +) (3)<\/li>\n<\/ul>\n<p class=\"spip\"><img decoding=\"async\" src=\"https:\/\/snuipp86.fr\/wp-content\/spip\/cache-vignettes\/L8xH11\/puce-68c92.gif\" width='8' height='11' alt=\"-\" style='height:11px;width:8px;' class='' \/> Ch\u00e2tellerault M. Car\u00eame Primaire<br \/>\n<br \/><img decoding=\"async\" src=\"https:\/\/snuipp86.fr\/wp-content\/spip\/cache-vignettes\/L8xH11\/puce-68c92.gif\" width='8' height='11' alt=\"-\" style='height:11px;width:8px;' class='' \/> Ch\u00e2tellerault Lakanal-Littr\u00e9 \u00e9l\u00e9mentaire<\/p>\n<p class=\"spip\"><img decoding=\"async\" src=\"https:\/\/snuipp86.fr\/wp-content\/spip\/cache-vignettes\/L8xH11\/puce-68c92.gif\" width='8' height='11' alt=\"-\" style='height:11px;width:8px;' class='' \/> Ch\u00e2tellerault J. Pr\u00e9vert \u00e9l\u00e9mentaire<\/p>\n<ul class=\"spip\">\n<li class=\"spip\"> \u00c9ducation Prioritaire (1,5)<\/li>\n<\/ul>\n<p class=\"spip\"><img decoding=\"async\" src=\"https:\/\/snuipp86.fr\/wp-content\/spip\/cache-vignettes\/L8xH11\/puce-68c92.gif\" width='8' height='11' alt=\"-\" style='height:11px;width:8px;' class='' \/> 1 coordonnateur REP acad\u00e9mique <br \/><img decoding=\"async\" src=\"https:\/\/snuipp86.fr\/wp-content\/spip\/cache-vignettes\/L8xH11\/puce-68c92.gif\" width='8' height='11' alt=\"-\" style='height:11px;width:8px;' class='' \/> 0,5 coordonnateur REP circonscription Poitiers Est<\/p>\n<ul class=\"spip\">\n<li class=\"spip\"> Remplacement (5)<\/li>\n<\/ul>\n<p class=\"spip\"><img decoding=\"async\" src=\"https:\/\/snuipp86.fr\/wp-content\/spip\/cache-vignettes\/L8xH11\/puce-68c92.gif\" width='8' height='11' alt=\"-\" style='height:11px;width:8px;' class='' \/> 2 ZIL :<\/p>\n<p class=\"spip\">1 sur circonscription de Montmorillon (RAD Valdivienne Les Gen\u00eats prim) , 1 sur circonscription de Poitiers Sud (RAD Champagn\u00e9 Saint Hilaire prim)<\/p>\n<p class=\"spip\"><img decoding=\"async\" src=\"https:\/\/snuipp86.fr\/wp-content\/spip\/cache-vignettes\/L8xH11\/puce-68c92.gif\" width='8' height='11' alt=\"-\" style='height:11px;width:8px;' class='' \/> 2 Brigades : Buxerolles le Planty \u00e9l\u00e9m , Saint-Genest d&rsquo;Ambi\u00e8re Les Capucines prim<\/p>\n<p class=\"spip\">+ moyens remplacement Education Prioritaire REP + \u00e0 Ch\u00e2tellerault<\/p>\n<h3 class=\"spip\" id=\"outil_sommaire_4\"><a title=\"Sommaire\" href=\"http:\/\/86.snuipp.fr\/spip.php?page=backend&#038;id_rubrique=#outil_sommaire\" class=\"sommaire_ancre\"> <\/a>FERMETURES (22)<\/h3>\n<ul class=\"spip\">\n<li class=\"spip\"> Hors-Classe (2)<\/li>\n<\/ul>\n<p class=\"spip\"><img decoding=\"async\" src=\"https:\/\/snuipp86.fr\/wp-content\/spip\/cache-vignettes\/L8xH11\/puce-68c92.gif\" width='8' height='11' alt=\"-\" style='height:11px;width:8px;' class='' \/> Enseignement sp\u00e9cialis\u00e9 IME V\u00e9niers Loudun<br \/>\n<br \/><img decoding=\"async\" src=\"https:\/\/snuipp86.fr\/wp-content\/spip\/cache-vignettes\/L8xH11\/puce-68c92.gif\" width='8' height='11' alt=\"-\" style='height:11px;width:8px;' class='' \/> Education prioritaire politique de la ville<\/p>\n<ul class=\"spip\">\n<li class=\"spip\"> Maternelles (4)<\/li>\n<\/ul>\n<p class=\"spip\"><img decoding=\"async\" src=\"https:\/\/snuipp86.fr\/wp-content\/spip\/cache-vignettes\/L8xH11\/puce-68c92.gif\" width='8' height='11' alt=\"-\" style='height:11px;width:8px;' class='' \/> Ch\u00e2tellerault H. Matisse<\/p>\n<p class=\"spip\"><img decoding=\"async\" src=\"https:\/\/snuipp86.fr\/wp-content\/spip\/cache-vignettes\/L8xH11\/puce-68c92.gif\" width='8' height='11' alt=\"-\" style='height:11px;width:8px;' class='' \/> Fontaine le Comte \u00ab\u00a0Ch. Perrault\u00a0\u00bb<\/p>\n<p class=\"spip\"><img decoding=\"async\" src=\"https:\/\/snuipp86.fr\/wp-content\/spip\/cache-vignettes\/L8xH11\/puce-68c92.gif\" width='8' height='11' alt=\"-\" style='height:11px;width:8px;' class='' \/> Naintr\u00e9<\/p>\n<p class=\"spip\"><img decoding=\"async\" src=\"https:\/\/snuipp86.fr\/wp-content\/spip\/cache-vignettes\/L8xH11\/puce-68c92.gif\" width='8' height='11' alt=\"-\" style='height:11px;width:8px;' class='' \/> Quin\u00e7ay<\/p>\n<ul class=\"spip\">\n<li class=\"spip\"> El\u00e9mentaires (5)<\/li>\n<\/ul>\n<p class=\"spip\"><img decoding=\"async\" src=\"https:\/\/snuipp86.fr\/wp-content\/spip\/cache-vignettes\/L8xH11\/puce-68c92.gif\" width='8' height='11' alt=\"-\" style='height:11px;width:8px;' class='' \/> Ch\u00e2tellerault Lakanal-Littr\u00e9<\/p>\n<p class=\"spip\"><img decoding=\"async\" src=\"https:\/\/snuipp86.fr\/wp-content\/spip\/cache-vignettes\/L8xH11\/puce-68c92.gif\" width='8' height='11' alt=\"-\" style='height:11px;width:8px;' class='' \/> Civray<\/p>\n<p class=\"spip\"><img decoding=\"async\" src=\"https:\/\/snuipp86.fr\/wp-content\/spip\/cache-vignettes\/L8xH11\/puce-68c92.gif\" width='8' height='11' alt=\"-\" style='height:11px;width:8px;' class='' \/> Couh\u00e9 \u00ab\u00a0J. Lafond\u00a0\u00bb (situation annonc\u00e9e par l&rsquo;IA comme r\u00e9\u00e9tudi\u00e9e \u00e0 la rentr\u00e9e apr\u00e8s comptage des effectifs)<\/p>\n<p class=\"spip\"><img decoding=\"async\" src=\"https:\/\/snuipp86.fr\/wp-content\/spip\/cache-vignettes\/L8xH11\/puce-68c92.gif\" width='8' height='11' alt=\"-\" style='height:11px;width:8px;' class='' \/> Loudun \u00ab\u00a0Le Martray\u00a0\u00bb.<\/p>\n<p class=\"spip\"><img decoding=\"async\" src=\"https:\/\/snuipp86.fr\/wp-content\/spip\/cache-vignettes\/L8xH11\/puce-68c92.gif\" width='8' height='11' alt=\"-\" style='height:11px;width:8px;' class='' \/> Rouill\u00e9 \u00ab\u00a0R. Domineau\u00a0\u00bb<\/p>\n<ul class=\"spip\">\n<li class=\"spip\"> Primaires (9)<\/li>\n<\/ul>\n<p class=\"spip\"><img decoding=\"async\" src=\"https:\/\/snuipp86.fr\/wp-content\/spip\/cache-vignettes\/L8xH11\/puce-68c92.gif\" width='8' height='11' alt=\"-\" style='height:11px;width:8px;' class='' \/> B\u00e9ruges \u00ab\u00a0C. et D. Alleaume\u00a0\u00bb.<\/p>\n<p class=\"spip\"><img decoding=\"async\" src=\"https:\/\/snuipp86.fr\/wp-content\/spip\/cache-vignettes\/L8xH11\/puce-68c92.gif\" width='8' height='11' alt=\"-\" style='height:11px;width:8px;' class='' \/> Bignoux \u00ab\u00a0J-Y Cousteau\u00a0\u00bb (situation annonc\u00e9e par l&rsquo;IA comme r\u00e9\u00e9tudi\u00e9e en juin)<\/p>\n<p class=\"spip\"><img decoding=\"async\" src=\"https:\/\/snuipp86.fr\/wp-content\/spip\/cache-vignettes\/L8xH11\/puce-68c92.gif\" width='8' height='11' alt=\"-\" style='height:11px;width:8px;' class='' \/> Ch\u00e2tellerault \u00ab\u00a0Targ\u00e9 \u00a0\u00bb (situation annonc\u00e9e par l&rsquo;IA comme r\u00e9\u00e9tudi\u00e9e en juin)<\/p>\n<p class=\"spip\"><img decoding=\"async\" src=\"https:\/\/snuipp86.fr\/wp-content\/spip\/cache-vignettes\/L8xH11\/puce-68c92.gif\" width='8' height='11' alt=\"-\" style='height:11px;width:8px;' class='' \/> Colombiers<\/p>\n<p class=\"spip\"><img decoding=\"async\" src=\"https:\/\/snuipp86.fr\/wp-content\/spip\/cache-vignettes\/L8xH11\/puce-68c92.gif\" width='8' height='11' alt=\"-\" style='height:11px;width:8px;' class='' \/> Les Ormes \u00ab\u00a0G. Pompidou\u00a0\u00bb<\/p>\n<p class=\"spip\"><img decoding=\"async\" src=\"https:\/\/snuipp86.fr\/wp-content\/spip\/cache-vignettes\/L8xH11\/puce-68c92.gif\" width='8' height='11' alt=\"-\" style='height:11px;width:8px;' class='' \/> Romagne<\/p>\n<p class=\"spip\"><img decoding=\"async\" src=\"https:\/\/snuipp86.fr\/wp-content\/spip\/cache-vignettes\/L8xH11\/puce-68c92.gif\" width='8' height='11' alt=\"-\" style='height:11px;width:8px;' class='' \/> Saint-Sauvant (situation annonc\u00e9e par l&rsquo;IA comme r\u00e9\u00e9tudi\u00e9e \u00e0 la rentr\u00e9e apr\u00e8s comptage des effectifs)<\/p>\n<p class=\"spip\"><img decoding=\"async\" src=\"https:\/\/snuipp86.fr\/wp-content\/spip\/cache-vignettes\/L8xH11\/puce-68c92.gif\" width='8' height='11' alt=\"-\" style='height:11px;width:8px;' class='' \/> Vaux sur Vienne<\/p>\n<p class=\"spip\"><img decoding=\"async\" src=\"https:\/\/snuipp86.fr\/wp-content\/spip\/cache-vignettes\/L8xH11\/puce-68c92.gif\" width='8' height='11' alt=\"-\" style='height:11px;width:8px;' class='' \/> Verri\u00e8res<\/p>\n<ul class=\"spip\">\n<li class=\"spip\"> R.P.I. (2)<\/li>\n<\/ul>\n<p class=\"spip\"><img decoding=\"async\" src=\"https:\/\/snuipp86.fr\/wp-content\/spip\/cache-vignettes\/L8xH11\/puce-68c92.gif\" width='8' height='11' alt=\"-\" style='height:11px;width:8px;' class='' \/> RPID Maupr\u00e9voir-Pressac (situation annonc\u00e9e par l&rsquo;IA comme r\u00e9\u00e9tudi\u00e9e \u00e0 la rentr\u00e9e apr\u00e8s comptage des effectifs)<\/p>\n<p class=\"spip\"><img decoding=\"async\" src=\"https:\/\/snuipp86.fr\/wp-content\/spip\/cache-vignettes\/L8xH11\/puce-68c92.gif\" width='8' height='11' alt=\"-\" style='height:11px;width:8px;' class='' \/> RPID Saint Sauveur-S\u00e9nill\u00e9<\/p>\n<h3 class=\"spip\" id=\"outil_sommaire_5\"><a title=\"Sommaire\" href=\"http:\/\/86.snuipp.fr\/spip.php?page=backend&#038;id_rubrique=#outil_sommaire\" class=\"sommaire_ancre\"> <\/a>OUVERTURES DEMANDEES PAR LE SNUIPP ET RESTANT SANS OUVERTURE A L&rsquo;ISSUE DU CTSD<\/h3>\n<ul class=\"spip\">\n<li class=\"spip\"> Maternelles<\/li>\n<\/ul>\n<p class=\"spip\"><img decoding=\"async\" src=\"https:\/\/snuipp86.fr\/wp-content\/spip\/cache-vignettes\/L8xH11\/puce-68c92.gif\" width='8' height='11' alt=\"-\" style='height:11px;width:8px;' class='' \/> Civray<\/p>\n<p class=\"spip\"><img decoding=\"async\" src=\"https:\/\/snuipp86.fr\/wp-content\/spip\/cache-vignettes\/L8xH11\/puce-68c92.gif\" width='8' height='11' alt=\"-\" style='height:11px;width:8px;' class='' \/> Poitiers \u00ab\u00a0J. Brel\u00a0\u00bb<\/p>\n<p class=\"spip\"><img decoding=\"async\" src=\"https:\/\/snuipp86.fr\/wp-content\/spip\/cache-vignettes\/L8xH11\/puce-68c92.gif\" width='8' height='11' alt=\"-\" style='height:11px;width:8px;' class='' \/> Chasseneuil du Poitou<\/p>\n<p class=\"spip\"><img decoding=\"async\" src=\"https:\/\/snuipp86.fr\/wp-content\/spip\/cache-vignettes\/L8xH11\/puce-68c92.gif\" width='8' height='11' alt=\"-\" style='height:11px;width:8px;' class='' \/> A surveiller : Poitiers Porte de Paris<\/p>\n<ul class=\"spip\">\n<li class=\"spip\"> Moins de 3 ans<\/li>\n<\/ul>\n<p class=\"spip\"><img decoding=\"async\" src=\"https:\/\/snuipp86.fr\/wp-content\/spip\/cache-vignettes\/L8xH11\/puce-68c92.gif\" width='8' height='11' alt=\"-\" style='height:11px;width:8px;' class='' \/> Poitiers \u00ab\u00a0Tony La\u00een\u00e9\u00a0\u00bb maternelle<\/p>\n<p class=\"spip\"><img decoding=\"async\" src=\"https:\/\/snuipp86.fr\/wp-content\/spip\/cache-vignettes\/L8xH11\/puce-68c92.gif\" width='8' height='11' alt=\"-\" style='height:11px;width:8px;' class='' \/> Loudun Lutins<\/p>\n<ul class=\"spip\">\n<li class=\"spip\"> El\u00e9mentaires<\/li>\n<\/ul>\n<p class=\"spip\"><img decoding=\"async\" src=\"https:\/\/snuipp86.fr\/wp-content\/spip\/cache-vignettes\/L8xH11\/puce-68c92.gif\" width='8' height='11' alt=\"-\" style='height:11px;width:8px;' class='' \/> Poitiers \u00ab\u00a0Andersen\u00a0\u00bb<\/p>\n<p class=\"spip\"><img decoding=\"async\" src=\"https:\/\/snuipp86.fr\/wp-content\/spip\/cache-vignettes\/L8xH11\/puce-68c92.gif\" width='8' height='11' alt=\"-\" style='height:11px;width:8px;' class='' \/> Latill\u00e9<\/p>\n<p class=\"spip\"><img decoding=\"async\" src=\"https:\/\/snuipp86.fr\/wp-content\/spip\/cache-vignettes\/L8xH11\/puce-68c92.gif\" width='8' height='11' alt=\"-\" style='height:11px;width:8px;' class='' \/> Roches-Pr\u00e9marie<\/p>\n<p class=\"spip\"><img decoding=\"async\" src=\"https:\/\/snuipp86.fr\/wp-content\/spip\/cache-vignettes\/L8xH11\/puce-68c92.gif\" width='8' height='11' alt=\"-\" style='height:11px;width:8px;' class='' \/> Vivonne (situation annonc\u00e9e par l&rsquo;IA comme r\u00e9\u00e9tudi\u00e9e en juin)<\/p>\n<p class=\"spip\"><img decoding=\"async\" src=\"https:\/\/snuipp86.fr\/wp-content\/spip\/cache-vignettes\/L8xH11\/puce-68c92.gif\" width='8' height='11' alt=\"-\" style='height:11px;width:8px;' class='' \/> Poitiers \u00ab\u00a0J. Brel\u00a0\u00bb<\/p>\n<p class=\"spip\"><img decoding=\"async\" src=\"https:\/\/snuipp86.fr\/wp-content\/spip\/cache-vignettes\/L8xH11\/puce-68c92.gif\" width='8' height='11' alt=\"-\" style='height:11px;width:8px;' class='' \/> Poitiers \u00ab\u00a0P. Bert\u00a0\u00bb<\/p>\n<p class=\"spip\"><img decoding=\"async\" src=\"https:\/\/snuipp86.fr\/wp-content\/spip\/cache-vignettes\/L8xH11\/puce-68c92.gif\" width='8' height='11' alt=\"-\" style='height:11px;width:8px;' class='' \/> Poitiers \u00ab\u00a0P. Blet\u00a0\u00bb<\/p>\n<ul class=\"spip\">\n<li class=\"spip\"> Primaires<\/li>\n<\/ul>\n<p class=\"spip\"><img decoding=\"async\" src=\"https:\/\/snuipp86.fr\/wp-content\/spip\/cache-vignettes\/L8xH11\/puce-68c92.gif\" width='8' height='11' alt=\"-\" style='height:11px;width:8px;' class='' \/> Poitiers Breuil-Mingot<\/p>\n<p class=\"spip\"><img decoding=\"async\" src=\"https:\/\/snuipp86.fr\/wp-content\/spip\/cache-vignettes\/L8xH11\/puce-68c92.gif\" width='8' height='11' alt=\"-\" style='height:11px;width:8px;' class='' \/> Savigny l&rsquo;Evescault<\/p>\n<p class=\"spip\"><img decoding=\"async\" src=\"https:\/\/snuipp86.fr\/wp-content\/spip\/cache-vignettes\/L8xH11\/puce-68c92.gif\" width='8' height='11' alt=\"-\" style='height:11px;width:8px;' class='' \/> Poitiers Perrault<\/p>\n<p class=\"spip\"><img decoding=\"async\" src=\"https:\/\/snuipp86.fr\/wp-content\/spip\/cache-vignettes\/L8xH11\/puce-68c92.gif\" width='8' height='11' alt=\"-\" style='height:11px;width:8px;' class='' \/> Civaux<\/p>\n<ul class=\"spip\">\n<li class=\"spip\"> R.P.I<\/li>\n<\/ul>\n<p class=\"spip\"><img decoding=\"async\" src=\"https:\/\/snuipp86.fr\/wp-content\/spip\/cache-vignettes\/L8xH11\/puce-68c92.gif\" width='8' height='11' alt=\"-\" style='height:11px;width:8px;' class='' \/> Ch\u00e2teau-Larcher \/ Marnay<\/p>\n<ul class=\"spip\">\n<li class=\"spip\"> Rased<\/li>\n<\/ul>\n<p class=\"spip\"><img decoding=\"async\" src=\"https:\/\/snuipp86.fr\/wp-content\/spip\/cache-vignettes\/L8xH11\/puce-68c92.gif\" width='8' height='11' alt=\"-\" style='height:11px;width:8px;' class='' \/> Ma\u00eetre G circo Lenclo\u00eetre<\/p>\n<p class=\"spip\"><img decoding=\"async\" src=\"https:\/\/snuipp86.fr\/wp-content\/spip\/cache-vignettes\/L8xH11\/puce-68c92.gif\" width='8' height='11' alt=\"-\" style='height:11px;width:8px;' class='' \/> Ma\u00eetre E circo Montmorillon<\/p>\n<ul class=\"spip\">\n<li class=\"spip\"> D\u00e9charges de direction<\/li>\n<\/ul>\n<p class=\"spip\"><img decoding=\"async\" src=\"https:\/\/snuipp86.fr\/wp-content\/spip\/cache-vignettes\/L8xH11\/puce-68c92.gif\" width='8' height='11' alt=\"-\" style='height:11px;width:8px;' class='' \/> D\u00e9charge suppl\u00e9mentaire pour toutes les \u00e9coles rentrant en Education Prioritaire<\/p>\n<p class=\"spip\"><img decoding=\"async\" src=\"https:\/\/snuipp86.fr\/wp-content\/spip\/cache-vignettes\/L8xH11\/puce-68c92.gif\" width='8' height='11' alt=\"-\" style='height:11px;width:8px;' class='' \/> D\u00e9charge suppl\u00e9mentaire pour les \u00e9coles relevant de la politique de la ville \u00ab\u00a0Microm\u00e9gas\u00a0\u00bb, \u00ab\u00a0Brassens\u00a0\u00bb , &#8230;<\/p>\n<ul class=\"spip\">\n<li class=\"spip\"> Ma\u00eetres en plus<\/li>\n<\/ul>\n<p class=\"spip\"><img decoding=\"async\" src=\"https:\/\/snuipp86.fr\/wp-content\/spip\/cache-vignettes\/L8xH11\/puce-68c92.gif\" width='8' height='11' alt=\"-\" style='height:11px;width:8px;' class='' \/> Buxerolles \u00ab\u00a0Planty\u00a0\u00bb<\/p>\n<p class=\"spip\"><img decoding=\"async\" src=\"https:\/\/snuipp86.fr\/wp-content\/spip\/cache-vignettes\/L8xH11\/puce-68c92.gif\" width='8' height='11' alt=\"-\" style='height:11px;width:8px;' class='' \/> Latill\u00e9<\/p>\n<p class=\"spip\"><img decoding=\"async\" src=\"https:\/\/snuipp86.fr\/wp-content\/spip\/cache-vignettes\/L8xH11\/puce-68c92.gif\" width='8' height='11' alt=\"-\" style='height:11px;width:8px;' class='' \/> Loudun Martray<\/p>\n<p class=\"spip\"><img decoding=\"async\" src=\"https:\/\/snuipp86.fr\/wp-content\/spip\/cache-vignettes\/L8xH11\/puce-68c92.gif\" width='8' height='11' alt=\"-\" style='height:11px;width:8px;' class='' \/> Civaux<\/p>\n<\/div>\n","protected":false},"excerpt":{"rendered":"<p>RENTREE 2015 : OUVERTURES ET FERMETURES <br \/>COMIT\u00c9 TECHNIQUE DU 8 AVRIL 2015 <br \/>compte rendu \u00e0 suivre <br \/>OUVERTURES (23,5) <br \/>Choix de l&rsquo;inspecteur d&rsquo;acad\u00e9mie sur les postes classe (14) <br \/>Maternelles (3) <br \/>Dissay \u00ab\u00a0Tony La\u00een\u00e9\u00a0\u00bb <br \/>Rouill\u00e9 <br \/>Saint-Beno\u00eet \u00ab\u00a0Irma Jouenne\u00a0\u00bb <br \/>Accueil moins de 3 ans <br \/>Poitiers \u00ab\u00a0Alphonse Daudet\u00a0\u00bb <br \/>El\u00e9mentaires (5) <br \/>Ligug\u00e9 \u00ab\u00a0Cl. P\u00e9ruchon\u00a0\u00bb <br \/>Mign\u00e9-Auxances \u00ab\u00a0Robert Desnos\u00a0\u00bb <br \/>Poitiers \u00ab\u00a0P. Neruda\u00a0\u00bb <br \/>Smarves \u00ab\u00a0R. Pain\u00a0\u00bb <br \/>Vouneuil-sous-Biard \u00ab\u00a0Camille Desmoulins\u00a0\u00bb <br \/>Primaires (3) (&#8230;)<br \/>\n&#8211;<br \/>\n<a href=\"http:\/\/86.snuipp.fr\/spip.php?rubrique36\" rel=\"directory\">CTSD<\/a><br \/>\n\/<br \/>\n<a href=\"http:\/\/86.snuipp.fr\/spip.php?mot293\" rel=\"tag\">Carte scolaire<\/a><\/p>\n","protected":false},"author":1,"featured_media":0,"comment_status":"open","ping_status":"open","sticky":false,"template":"","format":"standard","meta":{"footnotes":""},"categories":[14],"tags":[],"class_list":["post-819","post","type-post","status-publish","format-standard","hentry","category-a-la-une"],"yoast_head":"<!-- This site is optimized with the Yoast SEO plugin v26.6 - https:\/\/yoast.com\/wordpress\/plugins\/seo\/ -->\n<title>Carte Scolaire 2015 : ouvertures et fermetures de l&#039;IA au CTSD - FSU-SNUipp 86<\/title>\n<meta name=\"robots\" content=\"index, follow, max-snippet:-1, max-image-preview:large, max-video-preview:-1\" \/>\n<link rel=\"canonical\" href=\"https:\/\/snuipp86.fr\/index.php\/2015\/04\/08\/carte-scolaire-2015-ouvertures-et-fermetures-de-lia-au-ctsd\/\" \/>\n<meta property=\"og:locale\" content=\"fr_FR\" \/>\n<meta property=\"og:type\" content=\"article\" \/>\n<meta property=\"og:title\" content=\"Carte Scolaire 2015 : ouvertures et fermetures de l&#039;IA au CTSD - FSU-SNUipp 86\" \/>\n<meta property=\"og:description\" content=\"RENTREE 2015 : OUVERTURES ET FERMETURES COMIT\u00c9 TECHNIQUE DU 8 AVRIL 2015 compte rendu \u00e0 suivre OUVERTURES (23,5) Choix de l&#039;inspecteur d&#039;acad\u00e9mie sur les postes classe (14) Maternelles (3) Dissay &quot;Tony La\u00een\u00e9&quot; Rouill\u00e9 Saint-Beno\u00eet &quot;Irma Jouenne&quot; Accueil moins de 3 ans Poitiers &quot;Alphonse Daudet&quot; El\u00e9mentaires (5) Ligug\u00e9 &quot;Cl. P\u00e9ruchon&quot; Mign\u00e9-Auxances &quot;Robert Desnos&quot; Poitiers &quot;P. Neruda&quot; Smarves &quot;R. Pain&quot; Vouneuil-sous-Biard &quot;Camille Desmoulins&quot; Primaires (3) (...) - CTSD \/ Carte scolaire\" \/>\n<meta property=\"og:url\" content=\"https:\/\/snuipp86.fr\/index.php\/2015\/04\/08\/carte-scolaire-2015-ouvertures-et-fermetures-de-lia-au-ctsd\/\" \/>\n<meta property=\"og:site_name\" content=\"FSU-SNUipp 86\" \/>\n<meta property=\"article:published_time\" content=\"2015-04-08T16:21:00+00:00\" \/>\n<meta property=\"og:image\" content=\"http:\/\/snuipp86.fr\/wp-content\/spip\/IMG\/arton2814.jpg\" \/>\n<meta name=\"author\" content=\"WP86Admin\" \/>\n<meta name=\"twitter:card\" content=\"summary_large_image\" \/>\n<meta name=\"twitter:label1\" content=\"\u00c9crit par\" \/>\n\t<meta name=\"twitter:data1\" content=\"WP86Admin\" \/>\n\t<meta name=\"twitter:label2\" content=\"Dur\u00e9e de lecture estim\u00e9e\" \/>\n\t<meta name=\"twitter:data2\" content=\"2 minutes\" \/>\n<script type=\"application\/ld+json\" class=\"yoast-schema-graph\">{\"@context\":\"https:\/\/schema.org\",\"@graph\":[{\"@type\":\"WebPage\",\"@id\":\"https:\/\/snuipp86.fr\/index.php\/2015\/04\/08\/carte-scolaire-2015-ouvertures-et-fermetures-de-lia-au-ctsd\/\",\"url\":\"https:\/\/snuipp86.fr\/index.php\/2015\/04\/08\/carte-scolaire-2015-ouvertures-et-fermetures-de-lia-au-ctsd\/\",\"name\":\"Carte Scolaire 2015 : ouvertures et fermetures de l'IA au CTSD - FSU-SNUipp 86\",\"isPartOf\":{\"@id\":\"https:\/\/snuipp86.fr\/#website\"},\"primaryImageOfPage\":{\"@id\":\"https:\/\/snuipp86.fr\/index.php\/2015\/04\/08\/carte-scolaire-2015-ouvertures-et-fermetures-de-lia-au-ctsd\/#primaryimage\"},\"image\":{\"@id\":\"https:\/\/snuipp86.fr\/index.php\/2015\/04\/08\/carte-scolaire-2015-ouvertures-et-fermetures-de-lia-au-ctsd\/#primaryimage\"},\"thumbnailUrl\":\"http:\/\/snuipp86.fr\/wp-content\/spip\/IMG\/arton2814.jpg\",\"datePublished\":\"2015-04-08T16:21:00+00:00\",\"author\":{\"@id\":\"https:\/\/snuipp86.fr\/#\/schema\/person\/901b28b9ae1c7a63a6a940102e52a7a2\"},\"breadcrumb\":{\"@id\":\"https:\/\/snuipp86.fr\/index.php\/2015\/04\/08\/carte-scolaire-2015-ouvertures-et-fermetures-de-lia-au-ctsd\/#breadcrumb\"},\"inLanguage\":\"fr-FR\",\"potentialAction\":[{\"@type\":\"ReadAction\",\"target\":[\"https:\/\/snuipp86.fr\/index.php\/2015\/04\/08\/carte-scolaire-2015-ouvertures-et-fermetures-de-lia-au-ctsd\/\"]}]},{\"@type\":\"ImageObject\",\"inLanguage\":\"fr-FR\",\"@id\":\"https:\/\/snuipp86.fr\/index.php\/2015\/04\/08\/carte-scolaire-2015-ouvertures-et-fermetures-de-lia-au-ctsd\/#primaryimage\",\"url\":\"http:\/\/snuipp86.fr\/wp-content\/spip\/IMG\/arton2814.jpg\",\"contentUrl\":\"http:\/\/snuipp86.fr\/wp-content\/spip\/IMG\/arton2814.jpg\"},{\"@type\":\"BreadcrumbList\",\"@id\":\"https:\/\/snuipp86.fr\/index.php\/2015\/04\/08\/carte-scolaire-2015-ouvertures-et-fermetures-de-lia-au-ctsd\/#breadcrumb\",\"itemListElement\":[{\"@type\":\"ListItem\",\"position\":1,\"name\":\"Accueil\",\"item\":\"https:\/\/snuipp86.fr\/\"},{\"@type\":\"ListItem\",\"position\":2,\"name\":\"Carte Scolaire 2015 : ouvertures et fermetures de l&#8217;IA au CTSD\"}]},{\"@type\":\"WebSite\",\"@id\":\"https:\/\/snuipp86.fr\/#website\",\"url\":\"https:\/\/snuipp86.fr\/\",\"name\":\"FSU-SNUipp 86\",\"description\":\"Des id\u00e9es qui font l&#039;\u00e9cole\",\"potentialAction\":[{\"@type\":\"SearchAction\",\"target\":{\"@type\":\"EntryPoint\",\"urlTemplate\":\"https:\/\/snuipp86.fr\/?s={search_term_string}\"},\"query-input\":{\"@type\":\"PropertyValueSpecification\",\"valueRequired\":true,\"valueName\":\"search_term_string\"}}],\"inLanguage\":\"fr-FR\"},{\"@type\":\"Person\",\"@id\":\"https:\/\/snuipp86.fr\/#\/schema\/person\/901b28b9ae1c7a63a6a940102e52a7a2\",\"name\":\"WP86Admin\",\"image\":{\"@type\":\"ImageObject\",\"inLanguage\":\"fr-FR\",\"@id\":\"https:\/\/snuipp86.fr\/#\/schema\/person\/image\/\",\"url\":\"https:\/\/secure.gravatar.com\/avatar\/0099845c7ec05dc10d777d8ab4f5142c5ba316283821af2459738ad469a37a1a?s=96&d=mm&r=g\",\"contentUrl\":\"https:\/\/secure.gravatar.com\/avatar\/0099845c7ec05dc10d777d8ab4f5142c5ba316283821af2459738ad469a37a1a?s=96&d=mm&r=g\",\"caption\":\"WP86Admin\"},\"url\":\"https:\/\/snuipp86.fr\/index.php\/author\/wp86admin\/\"}]}<\/script>\n<!-- \/ Yoast SEO plugin. -->","yoast_head_json":{"title":"Carte Scolaire 2015 : ouvertures et fermetures de l'IA au CTSD - FSU-SNUipp 86","robots":{"index":"index","follow":"follow","max-snippet":"max-snippet:-1","max-image-preview":"max-image-preview:large","max-video-preview":"max-video-preview:-1"},"canonical":"https:\/\/snuipp86.fr\/index.php\/2015\/04\/08\/carte-scolaire-2015-ouvertures-et-fermetures-de-lia-au-ctsd\/","og_locale":"fr_FR","og_type":"article","og_title":"Carte Scolaire 2015 : ouvertures et fermetures de l'IA au CTSD - FSU-SNUipp 86","og_description":"RENTREE 2015 : OUVERTURES ET FERMETURES COMIT\u00c9 TECHNIQUE DU 8 AVRIL 2015 compte rendu \u00e0 suivre OUVERTURES (23,5) Choix de l'inspecteur d'acad\u00e9mie sur les postes classe (14) Maternelles (3) Dissay \"Tony La\u00een\u00e9\" Rouill\u00e9 Saint-Beno\u00eet \"Irma Jouenne\" Accueil moins de 3 ans Poitiers \"Alphonse Daudet\" El\u00e9mentaires (5) Ligug\u00e9 \"Cl. P\u00e9ruchon\" Mign\u00e9-Auxances \"Robert Desnos\" Poitiers \"P. Neruda\" Smarves \"R. Pain\" Vouneuil-sous-Biard \"Camille Desmoulins\" Primaires (3) (...) - CTSD \/ Carte scolaire","og_url":"https:\/\/snuipp86.fr\/index.php\/2015\/04\/08\/carte-scolaire-2015-ouvertures-et-fermetures-de-lia-au-ctsd\/","og_site_name":"FSU-SNUipp 86","article_published_time":"2015-04-08T16:21:00+00:00","og_image":[{"url":"http:\/\/snuipp86.fr\/wp-content\/spip\/IMG\/arton2814.jpg","type":"","width":"","height":""}],"author":"WP86Admin","twitter_card":"summary_large_image","twitter_misc":{"\u00c9crit par":"WP86Admin","Dur\u00e9e de lecture estim\u00e9e":"2 minutes"},"schema":{"@context":"https:\/\/schema.org","@graph":[{"@type":"WebPage","@id":"https:\/\/snuipp86.fr\/index.php\/2015\/04\/08\/carte-scolaire-2015-ouvertures-et-fermetures-de-lia-au-ctsd\/","url":"https:\/\/snuipp86.fr\/index.php\/2015\/04\/08\/carte-scolaire-2015-ouvertures-et-fermetures-de-lia-au-ctsd\/","name":"Carte Scolaire 2015 : ouvertures et fermetures de l'IA au CTSD - FSU-SNUipp 86","isPartOf":{"@id":"https:\/\/snuipp86.fr\/#website"},"primaryImageOfPage":{"@id":"https:\/\/snuipp86.fr\/index.php\/2015\/04\/08\/carte-scolaire-2015-ouvertures-et-fermetures-de-lia-au-ctsd\/#primaryimage"},"image":{"@id":"https:\/\/snuipp86.fr\/index.php\/2015\/04\/08\/carte-scolaire-2015-ouvertures-et-fermetures-de-lia-au-ctsd\/#primaryimage"},"thumbnailUrl":"http:\/\/snuipp86.fr\/wp-content\/spip\/IMG\/arton2814.jpg","datePublished":"2015-04-08T16:21:00+00:00","author":{"@id":"https:\/\/snuipp86.fr\/#\/schema\/person\/901b28b9ae1c7a63a6a940102e52a7a2"},"breadcrumb":{"@id":"https:\/\/snuipp86.fr\/index.php\/2015\/04\/08\/carte-scolaire-2015-ouvertures-et-fermetures-de-lia-au-ctsd\/#breadcrumb"},"inLanguage":"fr-FR","potentialAction":[{"@type":"ReadAction","target":["https:\/\/snuipp86.fr\/index.php\/2015\/04\/08\/carte-scolaire-2015-ouvertures-et-fermetures-de-lia-au-ctsd\/"]}]},{"@type":"ImageObject","inLanguage":"fr-FR","@id":"https:\/\/snuipp86.fr\/index.php\/2015\/04\/08\/carte-scolaire-2015-ouvertures-et-fermetures-de-lia-au-ctsd\/#primaryimage","url":"http:\/\/snuipp86.fr\/wp-content\/spip\/IMG\/arton2814.jpg","contentUrl":"http:\/\/snuipp86.fr\/wp-content\/spip\/IMG\/arton2814.jpg"},{"@type":"BreadcrumbList","@id":"https:\/\/snuipp86.fr\/index.php\/2015\/04\/08\/carte-scolaire-2015-ouvertures-et-fermetures-de-lia-au-ctsd\/#breadcrumb","itemListElement":[{"@type":"ListItem","position":1,"name":"Accueil","item":"https:\/\/snuipp86.fr\/"},{"@type":"ListItem","position":2,"name":"Carte Scolaire 2015 : ouvertures et fermetures de l&#8217;IA au CTSD"}]},{"@type":"WebSite","@id":"https:\/\/snuipp86.fr\/#website","url":"https:\/\/snuipp86.fr\/","name":"FSU-SNUipp 86","description":"Des id\u00e9es qui font l&#039;\u00e9cole","potentialAction":[{"@type":"SearchAction","target":{"@type":"EntryPoint","urlTemplate":"https:\/\/snuipp86.fr\/?s={search_term_string}"},"query-input":{"@type":"PropertyValueSpecification","valueRequired":true,"valueName":"search_term_string"}}],"inLanguage":"fr-FR"},{"@type":"Person","@id":"https:\/\/snuipp86.fr\/#\/schema\/person\/901b28b9ae1c7a63a6a940102e52a7a2","name":"WP86Admin","image":{"@type":"ImageObject","inLanguage":"fr-FR","@id":"https:\/\/snuipp86.fr\/#\/schema\/person\/image\/","url":"https:\/\/secure.gravatar.com\/avatar\/0099845c7ec05dc10d777d8ab4f5142c5ba316283821af2459738ad469a37a1a?s=96&d=mm&r=g","contentUrl":"https:\/\/secure.gravatar.com\/avatar\/0099845c7ec05dc10d777d8ab4f5142c5ba316283821af2459738ad469a37a1a?s=96&d=mm&r=g","caption":"WP86Admin"},"url":"https:\/\/snuipp86.fr\/index.php\/author\/wp86admin\/"}]}},"_links":{"self":[{"href":"https:\/\/snuipp86.fr\/index.php\/wp-json\/wp\/v2\/posts\/819","targetHints":{"allow":["GET"]}}],"collection":[{"href":"https:\/\/snuipp86.fr\/index.php\/wp-json\/wp\/v2\/posts"}],"about":[{"href":"https:\/\/snuipp86.fr\/index.php\/wp-json\/wp\/v2\/types\/post"}],"author":[{"embeddable":true,"href":"https:\/\/snuipp86.fr\/index.php\/wp-json\/wp\/v2\/users\/1"}],"replies":[{"embeddable":true,"href":"https:\/\/snuipp86.fr\/index.php\/wp-json\/wp\/v2\/comments?post=819"}],"version-history":[{"count":0,"href":"https:\/\/snuipp86.fr\/index.php\/wp-json\/wp\/v2\/posts\/819\/revisions"}],"wp:attachment":[{"href":"https:\/\/snuipp86.fr\/index.php\/wp-json\/wp\/v2\/media?parent=819"}],"wp:term":[{"taxonomy":"category","embeddable":true,"href":"https:\/\/snuipp86.fr\/index.php\/wp-json\/wp\/v2\/categories?post=819"},{"taxonomy":"post_tag","embeddable":true,"href":"https:\/\/snuipp86.fr\/index.php\/wp-json\/wp\/v2\/tags?post=819"}],"curies":[{"name":"wp","href":"https:\/\/api.w.org\/{rel}","templated":true}]}}