{"id":83,"date":"2018-12-19T09:50:06","date_gmt":"2018-12-19T09:50:06","guid":{"rendered":"http:\/\/localhost\/wordpress\/2018\/12\/19\/cest-quoi-un-statut-pour-la-direction\/"},"modified":"2018-12-19T09:50:06","modified_gmt":"2018-12-19T09:50:06","slug":"cest-quoi-un-statut-pour-la-direction","status":"publish","type":"post","link":"https:\/\/snuipp86.fr\/index.php\/2018\/12\/19\/cest-quoi-un-statut-pour-la-direction\/","title":{"rendered":"C&rsquo;est quoi un statut pour la direction ?"},"content":{"rendered":"<p><img decoding=\"async\" src=\"https:\/\/snuipp86.fr\/wp-content\/spip\/IMG\/arton4206.jpg\" alt=\"\" align=\"right\" width=\"300\" height=\"245\" class=\"spip_logos\" \/><\/p>\n<div class='rss_texte'>\n<p class=\"spip\">Courant janvier le ministre Blanquer a promis de pr\u00e9senter <i class=\"spip\">\u00ab une loi pour le changement de statut des directeurs d&rsquo;\u00e9cole \u00bb<\/i>&#8230;<\/p>\n<p class=\"spip\">Bah oui, ce serait dommage de conserver cette sp\u00e9cificit\u00e9 du 1er degr\u00e9 qui fonctionnait si bien : l&rsquo; \u00ab unit\u00e9 de travail \u00bb qui n&rsquo;a pas d&rsquo;autorit\u00e9 hi\u00e9rarchique de proximit\u00e9 et qui repose sur un travail collectif via ses conseils des ma\u00eetres et des ma\u00eetresses.<\/p>\n<p class=\"spip\"><strong class=\"spip\">Une commission direction et fonctionnement d&rsquo;\u00e9cole.<\/strong><\/p>\n<hr class=\"spip\" \/>\n<p class=\"spip\">Face aux difficult\u00e9s de plus en plus importantes du m\u00e9tier, \u00e0 la surcharge de travail, au manque de temps, mais aussi \u00e0 la multiplication des missions et des partenaires, des injonctions et des demandes multiples de services du rectorat, le SNUipp 86 a remis en place une commission \u00ab direction et fonctionnement d&rsquo;\u00e9cole \u00bb.<\/p>\n<p class=\"spip\">Nous avons r\u00e9uni des directeurs et directrices pour discuter de ce changement de statut voulu par le ministre. La volont\u00e9 n&rsquo;est pas tant dans la cr\u00e9ation d&rsquo;un nouveau maillon hi\u00e9rarchique (un statut de chef d&rsquo;\u00e9tablissement qui impliquerait mobilit\u00e9, responsabilit\u00e9, &#8230;) mais bien dans le passage de la notion de fonction \u00e0 celle de la reconnaissance d&rsquo;un r\u00e9el m\u00e9tier qui n\u00e9cessite du temps, de la formation, une grille de salaire\u2026<\/p>\n<p class=\"spip\"><strong class=\"spip\">La direction veut du concret<\/strong><\/p>\n<hr class=\"spip\" \/>\n<p class=\"spip\">Il est \u00e9vident que les demandes des directeurs et directrices ne seront pas entendues. Le groupe de travail \u00ab\u00a0simplification administrative\u00a0\u00bb annonc\u00e9 en grande pompe et comme la solution \u00e0 tous les maux a fait long feu &#8230; l&rsquo;ann\u00e9e derni\u00e8re : il n&rsquo;y a semble-t-il plus de \u00ab\u00a0moyens\u00a0\u00bb pour continuer \u00e0 y travailler. La cr\u00e9ation du statut r\u00e8glera-t-elle les probl\u00e8mes du quotidien, am\u00e9liorant d&rsquo;un coup les relations avec les partenaires de l&rsquo;\u00e9cole (parents, mairie notamment) ? Le temps de d\u00e9charge sera-t-il augment\u00e9 avec ce statut ou les heures passeront-elles \u00e0 80 minutes ?<\/p>\n<p class=\"spip\">Il faut compter avec l&rsquo;aberrant en attendant qu&rsquo;il soit vaincu.<\/p>\n<p class=\"spip\">\u00ab\u00a0En attendant\u00a0\u00bb, pour se faire entendre, pour d\u00e9noncer notre quotidien, voici donc les propositions d&rsquo;actions concr\u00e8tes, qui n&rsquo;attendent que vos id\u00e9es et vos propositions pour s&rsquo;\u00e9toffer :<\/p>\n<p class=\"spip\"><img decoding=\"async\" src=\"https:\/\/snuipp86.fr\/wp-content\/spip\/cache-vignettes\/L8xH11\/puce-68c92.gif\" width='8' height='11' alt=\"-\" style='height:11px;width:8px;' class='' \/> <strong class=\"spip\">ne plus r\u00e9pondre aux mails (provenant du rectorat<\/strong>) autres que ceux de votre IEN<br \/>\n<br \/><img decoding=\"async\" src=\"https:\/\/snuipp86.fr\/wp-content\/spip\/cache-vignettes\/L8xH11\/puce-68c92.gif\" width='8' height='11' alt=\"-\" style='height:11px;width:8px;' class='' \/> <strong class=\"spip\">arr\u00eater de renseigner les bases intranet<\/strong> qui ne servent \u00e0 rien ( pas adapt\u00e9es, pas d&rsquo;historique, comme \u00ab\u00a0intervenants ext\u00e9rieurs\u00a0\u00bb&#8230;) <br \/><img decoding=\"async\" src=\"https:\/\/snuipp86.fr\/wp-content\/spip\/cache-vignettes\/L8xH11\/puce-68c92.gif\" width='8' height='11' alt=\"-\" style='height:11px;width:8px;' class='' \/> <strong class=\"spip\">refuser de transmettre des documents<\/strong> (OM par exemple) que l&rsquo;administration peut envoyer directement, <strong class=\"spip\">ne pas signer les autorisations d&rsquo;absence \u2026<\/strong> <br \/><img decoding=\"async\" src=\"https:\/\/snuipp86.fr\/wp-content\/spip\/cache-vignettes\/L8xH11\/puce-68c92.gif\" width='8' height='11' alt=\"-\" style='height:11px;width:8px;' class='' \/> <strong class=\"spip\">refuser la refonte du PPMS chaque ann\u00e9e<\/strong>, en exigeant que le directeur assiste \u00e0 la conception et n&rsquo;en soit plus responsable<\/p>\n<p class=\"spip\">Une autre action pourrait \u00eatre envisag\u00e9e \u00e0 la rentr\u00e9e : la non organisation des \u00e9lections des repr\u00e9sentant-es des parents d&rsquo;\u00e9l\u00e8ves au conseil d&rsquo;\u00e9cole !<\/p>\n<p class=\"spip\"><strong class=\"spip\">La responsabilit\u00e9 en classe p\u00e8se lourd<\/strong><\/p>\n<hr class=\"spip\" \/>\n<p class=\"spip\">\u00ab\u00a0En attendant\u00a0\u00bb, le SNUipp\/FSU 86 poursuit <strong class=\"spip\">ses demandes d&rsquo;augmentation du temps de d\u00e9charge pour tous et toutes<\/strong>. Outre les demandes institutionnelles chronophages qui pourraient \u00eatre trait\u00e9es par un r\u00e9el poste administratif dans le 1er degr\u00e9, les directeurs\/trices d\u00e9noncent l&rsquo;impossibilit\u00e9 de mener leur m\u00e9tier avec la responsabilit\u00e9 d&rsquo;une classe. Une organisation diff\u00e9rente pourrait \u00eatre propos\u00e9e : <i class=\"spip\">le\/la directrice, en PE surnum\u00e9raire ou en compl\u00e9ment de service, garderait un pied dans la classe sans en avoir la pleine responsabilit\u00e9.<\/i><\/p>\n<p class=\"spip\">Il est \u00e9vident qu&rsquo;une r\u00e9flexion est \u00e0 engager concernant la direction et le fonctionnement de l&rsquo;\u00e9cole, et c&rsquo;est ce que le SNUipp ne cesse de faire. Notre commission, en permettant une remont\u00e9e directe du terrain, souligne des attentes diff\u00e9rentes de la profession derri\u00e8re ce mot de \u00ab\u00a0statut\u00a0\u00bb : Statut hi\u00e9rarchique ? Moyens ? Responsabilit\u00e9s ? Autorit\u00e9 ?<\/p>\n<p class=\"spip\">\u00ab\u00a0En attendant\u00a0\u00bb, les directeurs\/trices <strong class=\"spip\">affirment unanimement la n\u00e9cessit\u00e9 de maintenir le travail collectif,<\/strong> avec une direction ayant un pied dans les classe, <strong class=\"spip\">de p\u00e9renniser les emplois administratifs<\/strong> et <strong class=\"spip\">d&rsquo;octroyer du temps suppl\u00e9mentaire pour l&rsquo;indispensable gestion humaine de l&rsquo;\u00e9cole<\/strong>.<\/p>\n<p class=\"spip\">La commission \u00ab\u00a0direction et fonctionnement d&rsquo;\u00e9cole\u00a0\u00bb : Fr\u00e9d\u00e9ric Belly (dir Les Roches Pr\u00e9marie Andill\u00e9 \u00e9l\u00e9m), Herv\u00e9 Bernard (dir Iteuil \u00e9l\u00e9m), Fr\u00e9d\u00e9rique Delage (dir Poitiers Montmidi mat), Sylvie Jolas Collin(FF dir Poitiers Perochon mat), St\u00e9phanie Lancereau (dir Availles Limouzine), Olivier Saboureau (dir Poitiers Brassens \u00e9lem), Nicolas Sauze (dir les Roches Pr\u00e9marie Andill\u00e9 mat), Patricia Villain (dir Montamis\u00e9 mat), , S\u00e9bastien Villesange (dir Jaunay-Marigny P. Eluard \u00e9l\u00e9m)<\/p>\n<hr class=\"spip\" \/>\n<p class=\"spip\"><strong class=\"spip\">prochaine r\u00e9union :<\/strong> le mardi 19 mars 2019, nous poursuivons cette commission avec tou-tes les directeurs et directrices qui le souhaitent et nous ouvrirons aux adjoint-es !<\/p>\n<hr class=\"spip\" \/><\/div>\n","protected":false},"excerpt":{"rendered":"<p>Courant janvier le ministre Blanquer a promis de pr\u00e9senter \u00ab une loi pour le changement de statut des directeurs d&rsquo;\u00e9cole \u00bb&#8230; <br \/>Bah oui, ce serait dommage de conserver cette sp\u00e9cificit\u00e9 du 1er degr\u00e9 qui fonctionnait si bien : l&rsquo; \u00ab unit\u00e9 de travail \u00bb qui n&rsquo;a pas d&rsquo;autorit\u00e9 hi\u00e9rarchique de proximit\u00e9 et qui repose sur un travail collectif via ses conseils des ma\u00eetres et des ma\u00eetresses. <br \/>Une commission direction et fonctionnement d&rsquo;\u00e9cole. <br \/>Face aux difficult\u00e9s de (&#8230;)<br \/>\n&#8211;<br \/>\n<a href=\"http:\/\/86.snuipp.fr\/spip.php?rubrique296\" rel=\"directory\">Directions d&rsquo;\u00e9coles<\/a><br \/>\n\/<br \/>\n<a href=\"http:\/\/86.snuipp.fr\/spip.php?mot303\" rel=\"tag\">Directions d&rsquo;\u00e9coles<\/a><\/p>\n","protected":false},"author":1,"featured_media":0,"comment_status":"open","ping_status":"open","sticky":false,"template":"","format":"standard","meta":{"footnotes":""},"categories":[14],"tags":[],"class_list":["post-83","post","type-post","status-publish","format-standard","hentry","category-a-la-une"],"yoast_head":"<!-- This site is optimized with the Yoast SEO plugin v26.6 - https:\/\/yoast.com\/wordpress\/plugins\/seo\/ -->\n<title>C&#039;est quoi un statut pour la direction ? - FSU-SNUipp 86<\/title>\n<meta name=\"robots\" content=\"index, follow, max-snippet:-1, max-image-preview:large, max-video-preview:-1\" \/>\n<link rel=\"canonical\" href=\"https:\/\/snuipp86.fr\/index.php\/2018\/12\/19\/cest-quoi-un-statut-pour-la-direction\/\" \/>\n<meta property=\"og:locale\" content=\"fr_FR\" \/>\n<meta property=\"og:type\" content=\"article\" \/>\n<meta property=\"og:title\" content=\"C&#039;est quoi un statut pour la direction ? - FSU-SNUipp 86\" \/>\n<meta property=\"og:description\" content=\"Courant janvier le ministre Blanquer a promis de pr\u00e9senter \u00ab une loi pour le changement de statut des directeurs d&#039;\u00e9cole \u00bb... Bah oui, ce serait dommage de conserver cette sp\u00e9cificit\u00e9 du 1er degr\u00e9 qui fonctionnait si bien : l&#039; \u00ab unit\u00e9 de travail \u00bb qui n&#039;a pas d&#039;autorit\u00e9 hi\u00e9rarchique de proximit\u00e9 et qui repose sur un travail collectif via ses conseils des ma\u00eetres et des ma\u00eetresses. Une commission direction et fonctionnement d&#039;\u00e9cole. Face aux difficult\u00e9s de (...) - Directions d&#039;\u00e9coles \/ Directions d&#039;\u00e9coles\" \/>\n<meta property=\"og:url\" content=\"https:\/\/snuipp86.fr\/index.php\/2018\/12\/19\/cest-quoi-un-statut-pour-la-direction\/\" \/>\n<meta property=\"og:site_name\" content=\"FSU-SNUipp 86\" \/>\n<meta property=\"article:published_time\" content=\"2018-12-19T09:50:06+00:00\" \/>\n<meta property=\"og:image\" content=\"http:\/\/snuipp86.fr\/wp-content\/spip\/IMG\/arton4206.jpg\" \/>\n<meta name=\"author\" content=\"WP86Admin\" \/>\n<meta name=\"twitter:card\" content=\"summary_large_image\" \/>\n<meta name=\"twitter:label1\" content=\"\u00c9crit par\" \/>\n\t<meta name=\"twitter:data1\" content=\"WP86Admin\" \/>\n\t<meta name=\"twitter:label2\" content=\"Dur\u00e9e de lecture estim\u00e9e\" \/>\n\t<meta name=\"twitter:data2\" content=\"4 minutes\" \/>\n<script type=\"application\/ld+json\" class=\"yoast-schema-graph\">{\"@context\":\"https:\/\/schema.org\",\"@graph\":[{\"@type\":\"WebPage\",\"@id\":\"https:\/\/snuipp86.fr\/index.php\/2018\/12\/19\/cest-quoi-un-statut-pour-la-direction\/\",\"url\":\"https:\/\/snuipp86.fr\/index.php\/2018\/12\/19\/cest-quoi-un-statut-pour-la-direction\/\",\"name\":\"C'est quoi un statut pour la direction ? - FSU-SNUipp 86\",\"isPartOf\":{\"@id\":\"https:\/\/snuipp86.fr\/#website\"},\"primaryImageOfPage\":{\"@id\":\"https:\/\/snuipp86.fr\/index.php\/2018\/12\/19\/cest-quoi-un-statut-pour-la-direction\/#primaryimage\"},\"image\":{\"@id\":\"https:\/\/snuipp86.fr\/index.php\/2018\/12\/19\/cest-quoi-un-statut-pour-la-direction\/#primaryimage\"},\"thumbnailUrl\":\"http:\/\/snuipp86.fr\/wp-content\/spip\/IMG\/arton4206.jpg\",\"datePublished\":\"2018-12-19T09:50:06+00:00\",\"author\":{\"@id\":\"https:\/\/snuipp86.fr\/#\/schema\/person\/901b28b9ae1c7a63a6a940102e52a7a2\"},\"breadcrumb\":{\"@id\":\"https:\/\/snuipp86.fr\/index.php\/2018\/12\/19\/cest-quoi-un-statut-pour-la-direction\/#breadcrumb\"},\"inLanguage\":\"fr-FR\",\"potentialAction\":[{\"@type\":\"ReadAction\",\"target\":[\"https:\/\/snuipp86.fr\/index.php\/2018\/12\/19\/cest-quoi-un-statut-pour-la-direction\/\"]}]},{\"@type\":\"ImageObject\",\"inLanguage\":\"fr-FR\",\"@id\":\"https:\/\/snuipp86.fr\/index.php\/2018\/12\/19\/cest-quoi-un-statut-pour-la-direction\/#primaryimage\",\"url\":\"http:\/\/snuipp86.fr\/wp-content\/spip\/IMG\/arton4206.jpg\",\"contentUrl\":\"http:\/\/snuipp86.fr\/wp-content\/spip\/IMG\/arton4206.jpg\"},{\"@type\":\"BreadcrumbList\",\"@id\":\"https:\/\/snuipp86.fr\/index.php\/2018\/12\/19\/cest-quoi-un-statut-pour-la-direction\/#breadcrumb\",\"itemListElement\":[{\"@type\":\"ListItem\",\"position\":1,\"name\":\"Accueil\",\"item\":\"https:\/\/snuipp86.fr\/\"},{\"@type\":\"ListItem\",\"position\":2,\"name\":\"C&#8217;est quoi un statut pour la direction ?\"}]},{\"@type\":\"WebSite\",\"@id\":\"https:\/\/snuipp86.fr\/#website\",\"url\":\"https:\/\/snuipp86.fr\/\",\"name\":\"FSU-SNUipp 86\",\"description\":\"Des id\u00e9es qui font l&#039;\u00e9cole\",\"potentialAction\":[{\"@type\":\"SearchAction\",\"target\":{\"@type\":\"EntryPoint\",\"urlTemplate\":\"https:\/\/snuipp86.fr\/?s={search_term_string}\"},\"query-input\":{\"@type\":\"PropertyValueSpecification\",\"valueRequired\":true,\"valueName\":\"search_term_string\"}}],\"inLanguage\":\"fr-FR\"},{\"@type\":\"Person\",\"@id\":\"https:\/\/snuipp86.fr\/#\/schema\/person\/901b28b9ae1c7a63a6a940102e52a7a2\",\"name\":\"WP86Admin\",\"image\":{\"@type\":\"ImageObject\",\"inLanguage\":\"fr-FR\",\"@id\":\"https:\/\/snuipp86.fr\/#\/schema\/person\/image\/\",\"url\":\"https:\/\/secure.gravatar.com\/avatar\/0099845c7ec05dc10d777d8ab4f5142c5ba316283821af2459738ad469a37a1a?s=96&d=mm&r=g\",\"contentUrl\":\"https:\/\/secure.gravatar.com\/avatar\/0099845c7ec05dc10d777d8ab4f5142c5ba316283821af2459738ad469a37a1a?s=96&d=mm&r=g\",\"caption\":\"WP86Admin\"},\"url\":\"https:\/\/snuipp86.fr\/index.php\/author\/wp86admin\/\"}]}<\/script>\n<!-- \/ Yoast SEO plugin. -->","yoast_head_json":{"title":"C'est quoi un statut pour la direction ? - FSU-SNUipp 86","robots":{"index":"index","follow":"follow","max-snippet":"max-snippet:-1","max-image-preview":"max-image-preview:large","max-video-preview":"max-video-preview:-1"},"canonical":"https:\/\/snuipp86.fr\/index.php\/2018\/12\/19\/cest-quoi-un-statut-pour-la-direction\/","og_locale":"fr_FR","og_type":"article","og_title":"C'est quoi un statut pour la direction ? - FSU-SNUipp 86","og_description":"Courant janvier le ministre Blanquer a promis de pr\u00e9senter \u00ab une loi pour le changement de statut des directeurs d'\u00e9cole \u00bb... Bah oui, ce serait dommage de conserver cette sp\u00e9cificit\u00e9 du 1er degr\u00e9 qui fonctionnait si bien : l' \u00ab unit\u00e9 de travail \u00bb qui n'a pas d'autorit\u00e9 hi\u00e9rarchique de proximit\u00e9 et qui repose sur un travail collectif via ses conseils des ma\u00eetres et des ma\u00eetresses. Une commission direction et fonctionnement d'\u00e9cole. Face aux difficult\u00e9s de (...) - Directions d'\u00e9coles \/ Directions d'\u00e9coles","og_url":"https:\/\/snuipp86.fr\/index.php\/2018\/12\/19\/cest-quoi-un-statut-pour-la-direction\/","og_site_name":"FSU-SNUipp 86","article_published_time":"2018-12-19T09:50:06+00:00","og_image":[{"url":"http:\/\/snuipp86.fr\/wp-content\/spip\/IMG\/arton4206.jpg","type":"","width":"","height":""}],"author":"WP86Admin","twitter_card":"summary_large_image","twitter_misc":{"\u00c9crit par":"WP86Admin","Dur\u00e9e de lecture estim\u00e9e":"4 minutes"},"schema":{"@context":"https:\/\/schema.org","@graph":[{"@type":"WebPage","@id":"https:\/\/snuipp86.fr\/index.php\/2018\/12\/19\/cest-quoi-un-statut-pour-la-direction\/","url":"https:\/\/snuipp86.fr\/index.php\/2018\/12\/19\/cest-quoi-un-statut-pour-la-direction\/","name":"C'est quoi un statut pour la direction ? - FSU-SNUipp 86","isPartOf":{"@id":"https:\/\/snuipp86.fr\/#website"},"primaryImageOfPage":{"@id":"https:\/\/snuipp86.fr\/index.php\/2018\/12\/19\/cest-quoi-un-statut-pour-la-direction\/#primaryimage"},"image":{"@id":"https:\/\/snuipp86.fr\/index.php\/2018\/12\/19\/cest-quoi-un-statut-pour-la-direction\/#primaryimage"},"thumbnailUrl":"http:\/\/snuipp86.fr\/wp-content\/spip\/IMG\/arton4206.jpg","datePublished":"2018-12-19T09:50:06+00:00","author":{"@id":"https:\/\/snuipp86.fr\/#\/schema\/person\/901b28b9ae1c7a63a6a940102e52a7a2"},"breadcrumb":{"@id":"https:\/\/snuipp86.fr\/index.php\/2018\/12\/19\/cest-quoi-un-statut-pour-la-direction\/#breadcrumb"},"inLanguage":"fr-FR","potentialAction":[{"@type":"ReadAction","target":["https:\/\/snuipp86.fr\/index.php\/2018\/12\/19\/cest-quoi-un-statut-pour-la-direction\/"]}]},{"@type":"ImageObject","inLanguage":"fr-FR","@id":"https:\/\/snuipp86.fr\/index.php\/2018\/12\/19\/cest-quoi-un-statut-pour-la-direction\/#primaryimage","url":"http:\/\/snuipp86.fr\/wp-content\/spip\/IMG\/arton4206.jpg","contentUrl":"http:\/\/snuipp86.fr\/wp-content\/spip\/IMG\/arton4206.jpg"},{"@type":"BreadcrumbList","@id":"https:\/\/snuipp86.fr\/index.php\/2018\/12\/19\/cest-quoi-un-statut-pour-la-direction\/#breadcrumb","itemListElement":[{"@type":"ListItem","position":1,"name":"Accueil","item":"https:\/\/snuipp86.fr\/"},{"@type":"ListItem","position":2,"name":"C&#8217;est quoi un statut pour la direction ?"}]},{"@type":"WebSite","@id":"https:\/\/snuipp86.fr\/#website","url":"https:\/\/snuipp86.fr\/","name":"FSU-SNUipp 86","description":"Des id\u00e9es qui font l&#039;\u00e9cole","potentialAction":[{"@type":"SearchAction","target":{"@type":"EntryPoint","urlTemplate":"https:\/\/snuipp86.fr\/?s={search_term_string}"},"query-input":{"@type":"PropertyValueSpecification","valueRequired":true,"valueName":"search_term_string"}}],"inLanguage":"fr-FR"},{"@type":"Person","@id":"https:\/\/snuipp86.fr\/#\/schema\/person\/901b28b9ae1c7a63a6a940102e52a7a2","name":"WP86Admin","image":{"@type":"ImageObject","inLanguage":"fr-FR","@id":"https:\/\/snuipp86.fr\/#\/schema\/person\/image\/","url":"https:\/\/secure.gravatar.com\/avatar\/0099845c7ec05dc10d777d8ab4f5142c5ba316283821af2459738ad469a37a1a?s=96&d=mm&r=g","contentUrl":"https:\/\/secure.gravatar.com\/avatar\/0099845c7ec05dc10d777d8ab4f5142c5ba316283821af2459738ad469a37a1a?s=96&d=mm&r=g","caption":"WP86Admin"},"url":"https:\/\/snuipp86.fr\/index.php\/author\/wp86admin\/"}]}},"_links":{"self":[{"href":"https:\/\/snuipp86.fr\/index.php\/wp-json\/wp\/v2\/posts\/83","targetHints":{"allow":["GET"]}}],"collection":[{"href":"https:\/\/snuipp86.fr\/index.php\/wp-json\/wp\/v2\/posts"}],"about":[{"href":"https:\/\/snuipp86.fr\/index.php\/wp-json\/wp\/v2\/types\/post"}],"author":[{"embeddable":true,"href":"https:\/\/snuipp86.fr\/index.php\/wp-json\/wp\/v2\/users\/1"}],"replies":[{"embeddable":true,"href":"https:\/\/snuipp86.fr\/index.php\/wp-json\/wp\/v2\/comments?post=83"}],"version-history":[{"count":0,"href":"https:\/\/snuipp86.fr\/index.php\/wp-json\/wp\/v2\/posts\/83\/revisions"}],"wp:attachment":[{"href":"https:\/\/snuipp86.fr\/index.php\/wp-json\/wp\/v2\/media?parent=83"}],"wp:term":[{"taxonomy":"category","embeddable":true,"href":"https:\/\/snuipp86.fr\/index.php\/wp-json\/wp\/v2\/categories?post=83"},{"taxonomy":"post_tag","embeddable":true,"href":"https:\/\/snuipp86.fr\/index.php\/wp-json\/wp\/v2\/tags?post=83"}],"curies":[{"name":"wp","href":"https:\/\/api.w.org\/{rel}","templated":true}]}}