{"id":848,"date":"2015-02-06T08:20:52","date_gmt":"2015-02-06T08:20:52","guid":{"rendered":"http:\/\/localhost\/wordpress\/2015\/02\/06\/cesu-2015-modifications-et-modalits\/"},"modified":"2015-02-06T08:20:52","modified_gmt":"2015-02-06T08:20:52","slug":"cesu-2015-modifications-et-modalits","status":"publish","type":"post","link":"https:\/\/snuipp86.fr\/index.php\/2015\/02\/06\/cesu-2015-modifications-et-modalits\/","title":{"rendered":"CESU 2015 : modifications et modalit\u00e9s"},"content":{"rendered":"<p><img decoding=\"async\" src=\"https:\/\/snuipp86.fr\/wp-content\/spip\/IMG\/arton2784.png\" alt=\"\" align=\"right\" width=\"168\" height=\"60\" class=\"spip_logos\" \/><\/p>\n<div class='rss_texte'>\n<p class=\"spip\">Vous trouverez en pi\u00e8ce jointe la fiche technique FSU Action sociale concernant le ch\u00e8que emploi service universel (CESU), suite \u00e0 la parution de la nouvelle circulaire de r\u00e9f\u00e9rence (circulaire du 24 d\u00e9cembre 2014 relative \u00e0 la prestation d&rsquo;action sociale interminist\u00e9rielle CESU \u2013 garde d&rsquo;enfant 0\/6 ans).<\/p>\n<p class=\"spip\">En 2014, pour accompagner une baisse de + de 10% de ces cr\u00e9dits, la 3\u00b0 tranche (aide de 220 \u20ac) qui concernait 40% des b\u00e9n\u00e9ficiaires avait \u00e9t\u00e9 purement et simplement supprim\u00e9e, \u00e9cartant bon nombre de nos coll\u00e8gues b\u00e9n\u00e9ficiaires.<\/p>\n<p class=\"spip\">Pour 2015 nous avons obtenu du Minist\u00e8re de la Fonction Publique le maintien de l&rsquo;int\u00e9gralit\u00e9 du budget de l&rsquo;action sociale interminist\u00e9rielle qui a \u00e9chapp\u00e9 aux r\u00e9ductions de cr\u00e9dits g\u00e9n\u00e9ralis\u00e9es.<\/p>\n<p class=\"spip\">Suite aux interventions de la FSU et des organisations syndicales, nous avons obtenu la revalorisation des taux (avec effet r\u00e9troactif sur les b\u00e9n\u00e9ficiaires de 2014) et la r\u00e9introduction d&rsquo;une troisi\u00e8me tranche d&rsquo;aide \u00e0 265 \u20ac au b\u00e9n\u00e9fice des agents en situation monoparentale.<\/p>\n<p class=\"spip\">Enfin une vieille revendication est mise en \u0153uvre : une nouvelle mesure au profit des agents affect\u00e9s dans les d\u00e9partements d&rsquo;outre-mer (abattement de 20 % sur leur revenu fiscal de r\u00e9f\u00e9rence des demandeurs pour le calcul de leur droit \u00e0 prestation qui compense le fait que la prime de vie ch\u00e8re amenait \u00e0 d\u00e9passer rapidement les seuils).<\/p>\n<\/div>\n","protected":false},"excerpt":{"rendered":"<p>Vous trouverez en pi\u00e8ce jointe la fiche technique FSU Action sociale concernant le ch\u00e8que emploi service universel (CESU), suite \u00e0 la parution de la nouvelle circulaire de r\u00e9f\u00e9rence (circulaire du 24 d\u00e9cembre 2014 relative \u00e0 la prestation d&rsquo;action sociale interminist\u00e9rielle CESU \u2013 garde d&rsquo;enfant 0\/6 ans). <br \/>En 2014, pour accompagner une baisse de + de 10% de ces cr\u00e9dits, la 3\u00b0 tranche (aide de 220 \u20ac) qui concernait 40% des b\u00e9n\u00e9ficiaires avait \u00e9t\u00e9 purement et simplement (&#8230;)<br \/>\n&#8211;<br \/>\n<a href=\"http:\/\/86.snuipp.fr\/spip.php?rubrique194\" rel=\"directory\">Action Sociale &#8211; Prestations &#8211; <\/a><br \/>\n\/<br \/>\n<a href=\"http:\/\/86.snuipp.fr\/spip.php?mot309\" rel=\"tag\">Les textes disent&#8230;<\/a><\/p>\n","protected":false},"author":1,"featured_media":0,"comment_status":"open","ping_status":"open","sticky":false,"template":"","format":"standard","meta":{"footnotes":""},"categories":[14],"tags":[],"class_list":["post-848","post","type-post","status-publish","format-standard","hentry","category-a-la-une"],"yoast_head":"<!-- This site is optimized with the Yoast SEO plugin v26.6 - https:\/\/yoast.com\/wordpress\/plugins\/seo\/ -->\n<title>CESU 2015 : modifications et modalit\u00e9s - FSU-SNUipp 86<\/title>\n<meta name=\"robots\" content=\"index, follow, max-snippet:-1, max-image-preview:large, max-video-preview:-1\" \/>\n<link rel=\"canonical\" href=\"https:\/\/snuipp86.fr\/index.php\/2015\/02\/06\/cesu-2015-modifications-et-modalits\/\" \/>\n<meta property=\"og:locale\" content=\"fr_FR\" \/>\n<meta property=\"og:type\" content=\"article\" \/>\n<meta property=\"og:title\" content=\"CESU 2015 : modifications et modalit\u00e9s - FSU-SNUipp 86\" \/>\n<meta property=\"og:description\" content=\"Vous trouverez en pi\u00e8ce jointe la fiche technique FSU Action sociale concernant le ch\u00e8que emploi service universel (CESU), suite \u00e0 la parution de la nouvelle circulaire de r\u00e9f\u00e9rence (circulaire du 24 d\u00e9cembre 2014 relative \u00e0 la prestation d&#039;action sociale interminist\u00e9rielle CESU \u2013 garde d&#039;enfant 0\/6 ans). En 2014, pour accompagner une baisse de + de 10% de ces cr\u00e9dits, la 3\u00b0 tranche (aide de 220 \u20ac) qui concernait 40% des b\u00e9n\u00e9ficiaires avait \u00e9t\u00e9 purement et simplement (...) - Action Sociale - Prestations - \/ Les textes disent...\" \/>\n<meta property=\"og:url\" content=\"https:\/\/snuipp86.fr\/index.php\/2015\/02\/06\/cesu-2015-modifications-et-modalits\/\" \/>\n<meta property=\"og:site_name\" content=\"FSU-SNUipp 86\" \/>\n<meta property=\"article:published_time\" content=\"2015-02-06T08:20:52+00:00\" \/>\n<meta property=\"og:image\" content=\"http:\/\/snuipp86.fr\/wp-content\/spip\/IMG\/arton2784.png\" \/>\n<meta name=\"author\" content=\"WP86Admin\" \/>\n<meta name=\"twitter:card\" content=\"summary_large_image\" \/>\n<meta name=\"twitter:label1\" content=\"\u00c9crit par\" \/>\n\t<meta name=\"twitter:data1\" content=\"WP86Admin\" \/>\n\t<meta name=\"twitter:label2\" content=\"Dur\u00e9e de lecture estim\u00e9e\" \/>\n\t<meta name=\"twitter:data2\" content=\"1 minute\" \/>\n<script type=\"application\/ld+json\" class=\"yoast-schema-graph\">{\"@context\":\"https:\/\/schema.org\",\"@graph\":[{\"@type\":\"WebPage\",\"@id\":\"https:\/\/snuipp86.fr\/index.php\/2015\/02\/06\/cesu-2015-modifications-et-modalits\/\",\"url\":\"https:\/\/snuipp86.fr\/index.php\/2015\/02\/06\/cesu-2015-modifications-et-modalits\/\",\"name\":\"CESU 2015 : modifications et modalit\u00e9s - FSU-SNUipp 86\",\"isPartOf\":{\"@id\":\"https:\/\/snuipp86.fr\/#website\"},\"primaryImageOfPage\":{\"@id\":\"https:\/\/snuipp86.fr\/index.php\/2015\/02\/06\/cesu-2015-modifications-et-modalits\/#primaryimage\"},\"image\":{\"@id\":\"https:\/\/snuipp86.fr\/index.php\/2015\/02\/06\/cesu-2015-modifications-et-modalits\/#primaryimage\"},\"thumbnailUrl\":\"http:\/\/snuipp86.fr\/wp-content\/spip\/IMG\/arton2784.png\",\"datePublished\":\"2015-02-06T08:20:52+00:00\",\"author\":{\"@id\":\"https:\/\/snuipp86.fr\/#\/schema\/person\/901b28b9ae1c7a63a6a940102e52a7a2\"},\"breadcrumb\":{\"@id\":\"https:\/\/snuipp86.fr\/index.php\/2015\/02\/06\/cesu-2015-modifications-et-modalits\/#breadcrumb\"},\"inLanguage\":\"fr-FR\",\"potentialAction\":[{\"@type\":\"ReadAction\",\"target\":[\"https:\/\/snuipp86.fr\/index.php\/2015\/02\/06\/cesu-2015-modifications-et-modalits\/\"]}]},{\"@type\":\"ImageObject\",\"inLanguage\":\"fr-FR\",\"@id\":\"https:\/\/snuipp86.fr\/index.php\/2015\/02\/06\/cesu-2015-modifications-et-modalits\/#primaryimage\",\"url\":\"http:\/\/snuipp86.fr\/wp-content\/spip\/IMG\/arton2784.png\",\"contentUrl\":\"http:\/\/snuipp86.fr\/wp-content\/spip\/IMG\/arton2784.png\"},{\"@type\":\"BreadcrumbList\",\"@id\":\"https:\/\/snuipp86.fr\/index.php\/2015\/02\/06\/cesu-2015-modifications-et-modalits\/#breadcrumb\",\"itemListElement\":[{\"@type\":\"ListItem\",\"position\":1,\"name\":\"Accueil\",\"item\":\"https:\/\/snuipp86.fr\/\"},{\"@type\":\"ListItem\",\"position\":2,\"name\":\"CESU 2015 : modifications et modalit\u00e9s\"}]},{\"@type\":\"WebSite\",\"@id\":\"https:\/\/snuipp86.fr\/#website\",\"url\":\"https:\/\/snuipp86.fr\/\",\"name\":\"FSU-SNUipp 86\",\"description\":\"Des id\u00e9es qui font l&#039;\u00e9cole\",\"potentialAction\":[{\"@type\":\"SearchAction\",\"target\":{\"@type\":\"EntryPoint\",\"urlTemplate\":\"https:\/\/snuipp86.fr\/?s={search_term_string}\"},\"query-input\":{\"@type\":\"PropertyValueSpecification\",\"valueRequired\":true,\"valueName\":\"search_term_string\"}}],\"inLanguage\":\"fr-FR\"},{\"@type\":\"Person\",\"@id\":\"https:\/\/snuipp86.fr\/#\/schema\/person\/901b28b9ae1c7a63a6a940102e52a7a2\",\"name\":\"WP86Admin\",\"image\":{\"@type\":\"ImageObject\",\"inLanguage\":\"fr-FR\",\"@id\":\"https:\/\/snuipp86.fr\/#\/schema\/person\/image\/\",\"url\":\"https:\/\/secure.gravatar.com\/avatar\/0099845c7ec05dc10d777d8ab4f5142c5ba316283821af2459738ad469a37a1a?s=96&d=mm&r=g\",\"contentUrl\":\"https:\/\/secure.gravatar.com\/avatar\/0099845c7ec05dc10d777d8ab4f5142c5ba316283821af2459738ad469a37a1a?s=96&d=mm&r=g\",\"caption\":\"WP86Admin\"},\"url\":\"https:\/\/snuipp86.fr\/index.php\/author\/wp86admin\/\"}]}<\/script>\n<!-- \/ Yoast SEO plugin. -->","yoast_head_json":{"title":"CESU 2015 : modifications et modalit\u00e9s - FSU-SNUipp 86","robots":{"index":"index","follow":"follow","max-snippet":"max-snippet:-1","max-image-preview":"max-image-preview:large","max-video-preview":"max-video-preview:-1"},"canonical":"https:\/\/snuipp86.fr\/index.php\/2015\/02\/06\/cesu-2015-modifications-et-modalits\/","og_locale":"fr_FR","og_type":"article","og_title":"CESU 2015 : modifications et modalit\u00e9s - FSU-SNUipp 86","og_description":"Vous trouverez en pi\u00e8ce jointe la fiche technique FSU Action sociale concernant le ch\u00e8que emploi service universel (CESU), suite \u00e0 la parution de la nouvelle circulaire de r\u00e9f\u00e9rence (circulaire du 24 d\u00e9cembre 2014 relative \u00e0 la prestation d'action sociale interminist\u00e9rielle CESU \u2013 garde d'enfant 0\/6 ans). En 2014, pour accompagner une baisse de + de 10% de ces cr\u00e9dits, la 3\u00b0 tranche (aide de 220 \u20ac) qui concernait 40% des b\u00e9n\u00e9ficiaires avait \u00e9t\u00e9 purement et simplement (...) - Action Sociale - Prestations - \/ Les textes disent...","og_url":"https:\/\/snuipp86.fr\/index.php\/2015\/02\/06\/cesu-2015-modifications-et-modalits\/","og_site_name":"FSU-SNUipp 86","article_published_time":"2015-02-06T08:20:52+00:00","og_image":[{"url":"http:\/\/snuipp86.fr\/wp-content\/spip\/IMG\/arton2784.png","type":"","width":"","height":""}],"author":"WP86Admin","twitter_card":"summary_large_image","twitter_misc":{"\u00c9crit par":"WP86Admin","Dur\u00e9e de lecture estim\u00e9e":"1 minute"},"schema":{"@context":"https:\/\/schema.org","@graph":[{"@type":"WebPage","@id":"https:\/\/snuipp86.fr\/index.php\/2015\/02\/06\/cesu-2015-modifications-et-modalits\/","url":"https:\/\/snuipp86.fr\/index.php\/2015\/02\/06\/cesu-2015-modifications-et-modalits\/","name":"CESU 2015 : modifications et modalit\u00e9s - FSU-SNUipp 86","isPartOf":{"@id":"https:\/\/snuipp86.fr\/#website"},"primaryImageOfPage":{"@id":"https:\/\/snuipp86.fr\/index.php\/2015\/02\/06\/cesu-2015-modifications-et-modalits\/#primaryimage"},"image":{"@id":"https:\/\/snuipp86.fr\/index.php\/2015\/02\/06\/cesu-2015-modifications-et-modalits\/#primaryimage"},"thumbnailUrl":"http:\/\/snuipp86.fr\/wp-content\/spip\/IMG\/arton2784.png","datePublished":"2015-02-06T08:20:52+00:00","author":{"@id":"https:\/\/snuipp86.fr\/#\/schema\/person\/901b28b9ae1c7a63a6a940102e52a7a2"},"breadcrumb":{"@id":"https:\/\/snuipp86.fr\/index.php\/2015\/02\/06\/cesu-2015-modifications-et-modalits\/#breadcrumb"},"inLanguage":"fr-FR","potentialAction":[{"@type":"ReadAction","target":["https:\/\/snuipp86.fr\/index.php\/2015\/02\/06\/cesu-2015-modifications-et-modalits\/"]}]},{"@type":"ImageObject","inLanguage":"fr-FR","@id":"https:\/\/snuipp86.fr\/index.php\/2015\/02\/06\/cesu-2015-modifications-et-modalits\/#primaryimage","url":"http:\/\/snuipp86.fr\/wp-content\/spip\/IMG\/arton2784.png","contentUrl":"http:\/\/snuipp86.fr\/wp-content\/spip\/IMG\/arton2784.png"},{"@type":"BreadcrumbList","@id":"https:\/\/snuipp86.fr\/index.php\/2015\/02\/06\/cesu-2015-modifications-et-modalits\/#breadcrumb","itemListElement":[{"@type":"ListItem","position":1,"name":"Accueil","item":"https:\/\/snuipp86.fr\/"},{"@type":"ListItem","position":2,"name":"CESU 2015 : modifications et modalit\u00e9s"}]},{"@type":"WebSite","@id":"https:\/\/snuipp86.fr\/#website","url":"https:\/\/snuipp86.fr\/","name":"FSU-SNUipp 86","description":"Des id\u00e9es qui font l&#039;\u00e9cole","potentialAction":[{"@type":"SearchAction","target":{"@type":"EntryPoint","urlTemplate":"https:\/\/snuipp86.fr\/?s={search_term_string}"},"query-input":{"@type":"PropertyValueSpecification","valueRequired":true,"valueName":"search_term_string"}}],"inLanguage":"fr-FR"},{"@type":"Person","@id":"https:\/\/snuipp86.fr\/#\/schema\/person\/901b28b9ae1c7a63a6a940102e52a7a2","name":"WP86Admin","image":{"@type":"ImageObject","inLanguage":"fr-FR","@id":"https:\/\/snuipp86.fr\/#\/schema\/person\/image\/","url":"https:\/\/secure.gravatar.com\/avatar\/0099845c7ec05dc10d777d8ab4f5142c5ba316283821af2459738ad469a37a1a?s=96&d=mm&r=g","contentUrl":"https:\/\/secure.gravatar.com\/avatar\/0099845c7ec05dc10d777d8ab4f5142c5ba316283821af2459738ad469a37a1a?s=96&d=mm&r=g","caption":"WP86Admin"},"url":"https:\/\/snuipp86.fr\/index.php\/author\/wp86admin\/"}]}},"_links":{"self":[{"href":"https:\/\/snuipp86.fr\/index.php\/wp-json\/wp\/v2\/posts\/848","targetHints":{"allow":["GET"]}}],"collection":[{"href":"https:\/\/snuipp86.fr\/index.php\/wp-json\/wp\/v2\/posts"}],"about":[{"href":"https:\/\/snuipp86.fr\/index.php\/wp-json\/wp\/v2\/types\/post"}],"author":[{"embeddable":true,"href":"https:\/\/snuipp86.fr\/index.php\/wp-json\/wp\/v2\/users\/1"}],"replies":[{"embeddable":true,"href":"https:\/\/snuipp86.fr\/index.php\/wp-json\/wp\/v2\/comments?post=848"}],"version-history":[{"count":0,"href":"https:\/\/snuipp86.fr\/index.php\/wp-json\/wp\/v2\/posts\/848\/revisions"}],"wp:attachment":[{"href":"https:\/\/snuipp86.fr\/index.php\/wp-json\/wp\/v2\/media?parent=848"}],"wp:term":[{"taxonomy":"category","embeddable":true,"href":"https:\/\/snuipp86.fr\/index.php\/wp-json\/wp\/v2\/categories?post=848"},{"taxonomy":"post_tag","embeddable":true,"href":"https:\/\/snuipp86.fr\/index.php\/wp-json\/wp\/v2\/tags?post=848"}],"curies":[{"name":"wp","href":"https:\/\/api.w.org\/{rel}","templated":true}]}}