{"id":863,"date":"2014-12-30T10:41:11","date_gmt":"2014-12-30T10:41:11","guid":{"rendered":"http:\/\/localhost\/wordpress\/2014\/12\/30\/carte-scolaire-2015-seulement-4-postes-pour-lacadmie-de-poitiers\/"},"modified":"2014-12-30T10:41:11","modified_gmt":"2014-12-30T10:41:11","slug":"carte-scolaire-2015-seulement-4-postes-pour-lacadmie-de-poitiers","status":"publish","type":"post","link":"https:\/\/snuipp86.fr\/index.php\/2014\/12\/30\/carte-scolaire-2015-seulement-4-postes-pour-lacadmie-de-poitiers\/","title":{"rendered":"Carte scolaire 2015 : seulement 4 postes pour l&rsquo;acad\u00e9mie de Poitiers"},"content":{"rendered":"<p><img decoding=\"async\" src=\"https:\/\/snuipp86.fr\/wp-content\/spip\/IMG\/arton2767.jpg\" alt=\"\" align=\"right\" width=\"1200\" height=\"1039\" class=\"spip_logos\" \/><\/p>\n<div class='rss_texte'>\n<h3 class=\"spip\" id=\"outil_sommaire_0\"><a title=\"Sommaire\" href=\"http:\/\/86.snuipp.fr\/spip.php?page=backend&#038;id_rubrique=#outil_sommaire\" class=\"sommaire_ancre\"> <\/a>L&rsquo;acad\u00e9mie de Poitiers aurait 4 postes suppl\u00e9mentaires !<\/h3>\n<h3 class=\"spip\" id=\"outil_sommaire_1\"><a title=\"Sommaire\" href=\"http:\/\/86.snuipp.fr\/spip.php?page=backend&#038;id_rubrique=#outil_sommaire\" class=\"sommaire_ancre\"> <\/a>4 postes \u00e0 r\u00e9partir en 4 d\u00e9partements !<\/h3>\n<p class=\"spip\">Au Conseil Technique National, le Minist\u00e8re a pr\u00e9sent\u00e9 la r\u00e9partition acad\u00e9mique des 2 511 postes suppl\u00e9mentaires programm\u00e9s dans les \u00e9coles pour la rentr\u00e9e 2015. (<a href=\"http:\/\/www.snuipp.fr\/IMG\/jpg\/CARTE_DOTATIONS_ACADEMIQUES_GD_FORMAT_x1200.jpg\" class=\"spip_out\">cliquez ici pour retrouver l&rsquo;ensemble des dotations acad\u00e9miques<\/a>)<\/p>\n<p class=\"spip\">Apr\u00e8s les ann\u00e9es de coupes claires, le SNUipp-FSU s&rsquo;est f\u00e9licit\u00e9 de l&#8217;embellie des dotations mais force est de constater qu&rsquo;au fil des ann\u00e9es la dotation est cruellement sur la descente :<\/p>\n<p class=\"spip\"><img decoding=\"async\" src=\"https:\/\/snuipp86.fr\/wp-content\/spip\/cache-vignettes\/L8xH11\/puce-68c92.gif\" width='8' height='11' alt=\"-\" style='height:11px;width:8px;' class='' \/> Rentr\u00e9e 2013 : + 95 postes<br \/>\n<br \/><img decoding=\"async\" src=\"https:\/\/snuipp86.fr\/wp-content\/spip\/cache-vignettes\/L8xH11\/puce-68c92.gif\" width='8' height='11' alt=\"-\" style='height:11px;width:8px;' class='' \/> Rentr\u00e9e 2014 : + 16 postes<br \/>\n<br \/><img decoding=\"async\" src=\"https:\/\/snuipp86.fr\/wp-content\/spip\/cache-vignettes\/L8xH11\/puce-68c92.gif\" width='8' height='11' alt=\"-\" style='height:11px;width:8px;' class='' \/> Rentr\u00e8e 2015 : + 4 postes<\/p>\n<p class=\"spip\">Sachant qu&rsquo;il va falloir apporter des moyens suppl\u00e9mentaires dans les REP : maitres en plus, moins de 3 ans, effectifs r\u00e9duits, plus les d\u00e9charges pour les heures de concertation dans les REP+, il est facile de comprendre qui va payer la note !<\/p>\n<p class=\"spip\">Dire que cette dotation est insuffisante est un euph\u00e9misme !<\/p>\n<p class=\"spip\">Selon l&rsquo;administration, par rapport \u00e0 la rentr\u00e9e 2014, <strong class=\"spip\">99 \u00e9l\u00e8ves suppl\u00e9mentaires sont annonc\u00e9s dans le 1er degr\u00e9 en Vienne pour la rentr\u00e9e 2015<\/strong> avec une baisse en maternelle (-53) et une augmentation en \u00e9l\u00e9mentaire (+139). Au niveau acad\u00e9mique les nombre d&rsquo;\u00e9l\u00e8ves en primaire lui est annonc\u00e9 en baisse (-109) par rapport \u00e0 la rentr\u00e9e 2014.<\/p>\n<p class=\"spip\">La pr\u00e9paration de la rentr\u00e9e 2015 s&rsquo;annonce donc encore d\u00e9licate. Le SNUipp-FSU estime qu&rsquo;il faut \u00e0 la fois rattraper le grand retard de postes dont souffre le primaire, mais aussi absorber la hausse d\u00e9mographique,<br \/>\ntout en assurant le d\u00e9veloppement des dispositifs \u00ab plus de maitres que de classes \u00bb, \u00ab moins de trois ans \u00bb, l&rsquo;\u00c9ducation Prioritaire, la reconstruction des RASED et des brigades de rempla\u00e7ants<br \/>\n,<br \/>\nafin de relancer s\u00e9rieusement la formation continue.<br \/>\nToutes ces demandes l\u00e9gitimes ne pourront pas \u00eatre satisfaites.<\/p>\n<p class=\"spip\">La refondation de l&rsquo;Ecole sans les moyens en regard, reste \u00e0 l&rsquo;\u00e9tat de bonnes intentions et pendant ce temps, dans les \u00e9coles aucune am\u00e9lioration n&rsquo;est visible et le m\u00e9tier se complexifie.<\/p>\n<p class=\"spip\">\u200bLe SNUipp-FSU, avec vous, s&rsquo;engage d&rsquo;ores et d\u00e9j\u00e0 dans un bras de fer pour que l&rsquo;Ecole soit vraiment la priorit\u00e9 ! \u200b<\/p>\n<p class=\"spip\"><a href=\"http:\/\/www.snuipp.fr\/Repartition-academique-des-postes\" class=\"spip_out\"><br \/>\ncliquez ici pour lire communiqu\u00e9 de presse national<\/a><\/p>\n<\/div>\n","protected":false},"excerpt":{"rendered":"<p>L&rsquo;acad\u00e9mie de Poitiers aurait 4 postes suppl\u00e9mentaires ! <br \/>4 postes \u00e0 r\u00e9partir en 4 d\u00e9partements ! <br \/>Au Conseil Technique National, le Minist\u00e8re a pr\u00e9sent\u00e9 la r\u00e9partition acad\u00e9mique des 2 511 postes suppl\u00e9mentaires programm\u00e9s dans les \u00e9coles pour la rentr\u00e9e 2015. (cliquez ici pour retrouver l&rsquo;ensemble des dotations acad\u00e9miques) <br \/>Apr\u00e8s les ann\u00e9es de coupes claires, le SNUipp-FSU s&rsquo;est f\u00e9licit\u00e9 de l&#8217;embellie des dotations mais force est de constater qu&rsquo;au fil des ann\u00e9es la dotation est (&#8230;)<br \/>\n&#8211;<br \/>\n<a href=\"http:\/\/86.snuipp.fr\/spip.php?rubrique159\" rel=\"directory\">Carte scolaire<\/a><br \/>\n\/<br \/>\n<a href=\"http:\/\/86.snuipp.fr\/spip.php?mot293\" rel=\"tag\">Carte scolaire<\/a><\/p>\n","protected":false},"author":1,"featured_media":0,"comment_status":"open","ping_status":"open","sticky":false,"template":"","format":"standard","meta":{"footnotes":""},"categories":[14],"tags":[],"class_list":["post-863","post","type-post","status-publish","format-standard","hentry","category-a-la-une"],"yoast_head":"<!-- This site is optimized with the Yoast SEO plugin v26.6 - https:\/\/yoast.com\/wordpress\/plugins\/seo\/ -->\n<title>Carte scolaire 2015 : seulement 4 postes pour l&#039;acad\u00e9mie de Poitiers - FSU-SNUipp 86<\/title>\n<meta name=\"robots\" content=\"index, follow, max-snippet:-1, max-image-preview:large, max-video-preview:-1\" \/>\n<link rel=\"canonical\" href=\"https:\/\/snuipp86.fr\/index.php\/2014\/12\/30\/carte-scolaire-2015-seulement-4-postes-pour-lacadmie-de-poitiers\/\" \/>\n<meta property=\"og:locale\" content=\"fr_FR\" \/>\n<meta property=\"og:type\" content=\"article\" \/>\n<meta property=\"og:title\" content=\"Carte scolaire 2015 : seulement 4 postes pour l&#039;acad\u00e9mie de Poitiers - FSU-SNUipp 86\" \/>\n<meta property=\"og:description\" content=\"L&#039;acad\u00e9mie de Poitiers aurait 4 postes suppl\u00e9mentaires ! 4 postes \u00e0 r\u00e9partir en 4 d\u00e9partements ! Au Conseil Technique National, le Minist\u00e8re a pr\u00e9sent\u00e9 la r\u00e9partition acad\u00e9mique des 2 511 postes suppl\u00e9mentaires programm\u00e9s dans les \u00e9coles pour la rentr\u00e9e 2015. (cliquez ici pour retrouver l&#039;ensemble des dotations acad\u00e9miques) Apr\u00e8s les ann\u00e9es de coupes claires, le SNUipp-FSU s&#039;est f\u00e9licit\u00e9 de l&#039;embellie des dotations mais force est de constater qu&#039;au fil des ann\u00e9es la dotation est (...) - Carte scolaire \/ Carte scolaire\" \/>\n<meta property=\"og:url\" content=\"https:\/\/snuipp86.fr\/index.php\/2014\/12\/30\/carte-scolaire-2015-seulement-4-postes-pour-lacadmie-de-poitiers\/\" \/>\n<meta property=\"og:site_name\" content=\"FSU-SNUipp 86\" \/>\n<meta property=\"article:published_time\" content=\"2014-12-30T10:41:11+00:00\" \/>\n<meta property=\"og:image\" content=\"http:\/\/snuipp86.fr\/wp-content\/spip\/IMG\/arton2767.jpg\" \/>\n<meta name=\"author\" content=\"WP86Admin\" \/>\n<meta name=\"twitter:card\" content=\"summary_large_image\" \/>\n<meta name=\"twitter:label1\" content=\"\u00c9crit par\" \/>\n\t<meta name=\"twitter:data1\" content=\"WP86Admin\" \/>\n\t<meta name=\"twitter:label2\" content=\"Dur\u00e9e de lecture estim\u00e9e\" \/>\n\t<meta name=\"twitter:data2\" content=\"2 minutes\" \/>\n<script type=\"application\/ld+json\" class=\"yoast-schema-graph\">{\"@context\":\"https:\/\/schema.org\",\"@graph\":[{\"@type\":\"WebPage\",\"@id\":\"https:\/\/snuipp86.fr\/index.php\/2014\/12\/30\/carte-scolaire-2015-seulement-4-postes-pour-lacadmie-de-poitiers\/\",\"url\":\"https:\/\/snuipp86.fr\/index.php\/2014\/12\/30\/carte-scolaire-2015-seulement-4-postes-pour-lacadmie-de-poitiers\/\",\"name\":\"Carte scolaire 2015 : seulement 4 postes pour l'acad\u00e9mie de Poitiers - FSU-SNUipp 86\",\"isPartOf\":{\"@id\":\"https:\/\/snuipp86.fr\/#website\"},\"primaryImageOfPage\":{\"@id\":\"https:\/\/snuipp86.fr\/index.php\/2014\/12\/30\/carte-scolaire-2015-seulement-4-postes-pour-lacadmie-de-poitiers\/#primaryimage\"},\"image\":{\"@id\":\"https:\/\/snuipp86.fr\/index.php\/2014\/12\/30\/carte-scolaire-2015-seulement-4-postes-pour-lacadmie-de-poitiers\/#primaryimage\"},\"thumbnailUrl\":\"http:\/\/snuipp86.fr\/wp-content\/spip\/IMG\/arton2767.jpg\",\"datePublished\":\"2014-12-30T10:41:11+00:00\",\"author\":{\"@id\":\"https:\/\/snuipp86.fr\/#\/schema\/person\/901b28b9ae1c7a63a6a940102e52a7a2\"},\"breadcrumb\":{\"@id\":\"https:\/\/snuipp86.fr\/index.php\/2014\/12\/30\/carte-scolaire-2015-seulement-4-postes-pour-lacadmie-de-poitiers\/#breadcrumb\"},\"inLanguage\":\"fr-FR\",\"potentialAction\":[{\"@type\":\"ReadAction\",\"target\":[\"https:\/\/snuipp86.fr\/index.php\/2014\/12\/30\/carte-scolaire-2015-seulement-4-postes-pour-lacadmie-de-poitiers\/\"]}]},{\"@type\":\"ImageObject\",\"inLanguage\":\"fr-FR\",\"@id\":\"https:\/\/snuipp86.fr\/index.php\/2014\/12\/30\/carte-scolaire-2015-seulement-4-postes-pour-lacadmie-de-poitiers\/#primaryimage\",\"url\":\"http:\/\/snuipp86.fr\/wp-content\/spip\/IMG\/arton2767.jpg\",\"contentUrl\":\"http:\/\/snuipp86.fr\/wp-content\/spip\/IMG\/arton2767.jpg\"},{\"@type\":\"BreadcrumbList\",\"@id\":\"https:\/\/snuipp86.fr\/index.php\/2014\/12\/30\/carte-scolaire-2015-seulement-4-postes-pour-lacadmie-de-poitiers\/#breadcrumb\",\"itemListElement\":[{\"@type\":\"ListItem\",\"position\":1,\"name\":\"Accueil\",\"item\":\"https:\/\/snuipp86.fr\/\"},{\"@type\":\"ListItem\",\"position\":2,\"name\":\"Carte scolaire 2015 : seulement 4 postes pour l&#8217;acad\u00e9mie de Poitiers\"}]},{\"@type\":\"WebSite\",\"@id\":\"https:\/\/snuipp86.fr\/#website\",\"url\":\"https:\/\/snuipp86.fr\/\",\"name\":\"FSU-SNUipp 86\",\"description\":\"Des id\u00e9es qui font l&#039;\u00e9cole\",\"potentialAction\":[{\"@type\":\"SearchAction\",\"target\":{\"@type\":\"EntryPoint\",\"urlTemplate\":\"https:\/\/snuipp86.fr\/?s={search_term_string}\"},\"query-input\":{\"@type\":\"PropertyValueSpecification\",\"valueRequired\":true,\"valueName\":\"search_term_string\"}}],\"inLanguage\":\"fr-FR\"},{\"@type\":\"Person\",\"@id\":\"https:\/\/snuipp86.fr\/#\/schema\/person\/901b28b9ae1c7a63a6a940102e52a7a2\",\"name\":\"WP86Admin\",\"image\":{\"@type\":\"ImageObject\",\"inLanguage\":\"fr-FR\",\"@id\":\"https:\/\/snuipp86.fr\/#\/schema\/person\/image\/\",\"url\":\"https:\/\/secure.gravatar.com\/avatar\/0099845c7ec05dc10d777d8ab4f5142c5ba316283821af2459738ad469a37a1a?s=96&d=mm&r=g\",\"contentUrl\":\"https:\/\/secure.gravatar.com\/avatar\/0099845c7ec05dc10d777d8ab4f5142c5ba316283821af2459738ad469a37a1a?s=96&d=mm&r=g\",\"caption\":\"WP86Admin\"},\"url\":\"https:\/\/snuipp86.fr\/index.php\/author\/wp86admin\/\"}]}<\/script>\n<!-- \/ Yoast SEO plugin. -->","yoast_head_json":{"title":"Carte scolaire 2015 : seulement 4 postes pour l'acad\u00e9mie de Poitiers - FSU-SNUipp 86","robots":{"index":"index","follow":"follow","max-snippet":"max-snippet:-1","max-image-preview":"max-image-preview:large","max-video-preview":"max-video-preview:-1"},"canonical":"https:\/\/snuipp86.fr\/index.php\/2014\/12\/30\/carte-scolaire-2015-seulement-4-postes-pour-lacadmie-de-poitiers\/","og_locale":"fr_FR","og_type":"article","og_title":"Carte scolaire 2015 : seulement 4 postes pour l'acad\u00e9mie de Poitiers - FSU-SNUipp 86","og_description":"L'acad\u00e9mie de Poitiers aurait 4 postes suppl\u00e9mentaires ! 4 postes \u00e0 r\u00e9partir en 4 d\u00e9partements ! Au Conseil Technique National, le Minist\u00e8re a pr\u00e9sent\u00e9 la r\u00e9partition acad\u00e9mique des 2 511 postes suppl\u00e9mentaires programm\u00e9s dans les \u00e9coles pour la rentr\u00e9e 2015. (cliquez ici pour retrouver l'ensemble des dotations acad\u00e9miques) Apr\u00e8s les ann\u00e9es de coupes claires, le SNUipp-FSU s'est f\u00e9licit\u00e9 de l'embellie des dotations mais force est de constater qu'au fil des ann\u00e9es la dotation est (...) - Carte scolaire \/ Carte scolaire","og_url":"https:\/\/snuipp86.fr\/index.php\/2014\/12\/30\/carte-scolaire-2015-seulement-4-postes-pour-lacadmie-de-poitiers\/","og_site_name":"FSU-SNUipp 86","article_published_time":"2014-12-30T10:41:11+00:00","og_image":[{"url":"http:\/\/snuipp86.fr\/wp-content\/spip\/IMG\/arton2767.jpg","type":"","width":"","height":""}],"author":"WP86Admin","twitter_card":"summary_large_image","twitter_misc":{"\u00c9crit par":"WP86Admin","Dur\u00e9e de lecture estim\u00e9e":"2 minutes"},"schema":{"@context":"https:\/\/schema.org","@graph":[{"@type":"WebPage","@id":"https:\/\/snuipp86.fr\/index.php\/2014\/12\/30\/carte-scolaire-2015-seulement-4-postes-pour-lacadmie-de-poitiers\/","url":"https:\/\/snuipp86.fr\/index.php\/2014\/12\/30\/carte-scolaire-2015-seulement-4-postes-pour-lacadmie-de-poitiers\/","name":"Carte scolaire 2015 : seulement 4 postes pour l'acad\u00e9mie de Poitiers - FSU-SNUipp 86","isPartOf":{"@id":"https:\/\/snuipp86.fr\/#website"},"primaryImageOfPage":{"@id":"https:\/\/snuipp86.fr\/index.php\/2014\/12\/30\/carte-scolaire-2015-seulement-4-postes-pour-lacadmie-de-poitiers\/#primaryimage"},"image":{"@id":"https:\/\/snuipp86.fr\/index.php\/2014\/12\/30\/carte-scolaire-2015-seulement-4-postes-pour-lacadmie-de-poitiers\/#primaryimage"},"thumbnailUrl":"http:\/\/snuipp86.fr\/wp-content\/spip\/IMG\/arton2767.jpg","datePublished":"2014-12-30T10:41:11+00:00","author":{"@id":"https:\/\/snuipp86.fr\/#\/schema\/person\/901b28b9ae1c7a63a6a940102e52a7a2"},"breadcrumb":{"@id":"https:\/\/snuipp86.fr\/index.php\/2014\/12\/30\/carte-scolaire-2015-seulement-4-postes-pour-lacadmie-de-poitiers\/#breadcrumb"},"inLanguage":"fr-FR","potentialAction":[{"@type":"ReadAction","target":["https:\/\/snuipp86.fr\/index.php\/2014\/12\/30\/carte-scolaire-2015-seulement-4-postes-pour-lacadmie-de-poitiers\/"]}]},{"@type":"ImageObject","inLanguage":"fr-FR","@id":"https:\/\/snuipp86.fr\/index.php\/2014\/12\/30\/carte-scolaire-2015-seulement-4-postes-pour-lacadmie-de-poitiers\/#primaryimage","url":"http:\/\/snuipp86.fr\/wp-content\/spip\/IMG\/arton2767.jpg","contentUrl":"http:\/\/snuipp86.fr\/wp-content\/spip\/IMG\/arton2767.jpg"},{"@type":"BreadcrumbList","@id":"https:\/\/snuipp86.fr\/index.php\/2014\/12\/30\/carte-scolaire-2015-seulement-4-postes-pour-lacadmie-de-poitiers\/#breadcrumb","itemListElement":[{"@type":"ListItem","position":1,"name":"Accueil","item":"https:\/\/snuipp86.fr\/"},{"@type":"ListItem","position":2,"name":"Carte scolaire 2015 : seulement 4 postes pour l&#8217;acad\u00e9mie de Poitiers"}]},{"@type":"WebSite","@id":"https:\/\/snuipp86.fr\/#website","url":"https:\/\/snuipp86.fr\/","name":"FSU-SNUipp 86","description":"Des id\u00e9es qui font l&#039;\u00e9cole","potentialAction":[{"@type":"SearchAction","target":{"@type":"EntryPoint","urlTemplate":"https:\/\/snuipp86.fr\/?s={search_term_string}"},"query-input":{"@type":"PropertyValueSpecification","valueRequired":true,"valueName":"search_term_string"}}],"inLanguage":"fr-FR"},{"@type":"Person","@id":"https:\/\/snuipp86.fr\/#\/schema\/person\/901b28b9ae1c7a63a6a940102e52a7a2","name":"WP86Admin","image":{"@type":"ImageObject","inLanguage":"fr-FR","@id":"https:\/\/snuipp86.fr\/#\/schema\/person\/image\/","url":"https:\/\/secure.gravatar.com\/avatar\/0099845c7ec05dc10d777d8ab4f5142c5ba316283821af2459738ad469a37a1a?s=96&d=mm&r=g","contentUrl":"https:\/\/secure.gravatar.com\/avatar\/0099845c7ec05dc10d777d8ab4f5142c5ba316283821af2459738ad469a37a1a?s=96&d=mm&r=g","caption":"WP86Admin"},"url":"https:\/\/snuipp86.fr\/index.php\/author\/wp86admin\/"}]}},"_links":{"self":[{"href":"https:\/\/snuipp86.fr\/index.php\/wp-json\/wp\/v2\/posts\/863","targetHints":{"allow":["GET"]}}],"collection":[{"href":"https:\/\/snuipp86.fr\/index.php\/wp-json\/wp\/v2\/posts"}],"about":[{"href":"https:\/\/snuipp86.fr\/index.php\/wp-json\/wp\/v2\/types\/post"}],"author":[{"embeddable":true,"href":"https:\/\/snuipp86.fr\/index.php\/wp-json\/wp\/v2\/users\/1"}],"replies":[{"embeddable":true,"href":"https:\/\/snuipp86.fr\/index.php\/wp-json\/wp\/v2\/comments?post=863"}],"version-history":[{"count":0,"href":"https:\/\/snuipp86.fr\/index.php\/wp-json\/wp\/v2\/posts\/863\/revisions"}],"wp:attachment":[{"href":"https:\/\/snuipp86.fr\/index.php\/wp-json\/wp\/v2\/media?parent=863"}],"wp:term":[{"taxonomy":"category","embeddable":true,"href":"https:\/\/snuipp86.fr\/index.php\/wp-json\/wp\/v2\/categories?post=863"},{"taxonomy":"post_tag","embeddable":true,"href":"https:\/\/snuipp86.fr\/index.php\/wp-json\/wp\/v2\/tags?post=863"}],"curies":[{"name":"wp","href":"https:\/\/api.w.org\/{rel}","templated":true}]}}