{"id":880,"date":"2014-11-14T08:32:19","date_gmt":"2014-11-14T08:32:19","guid":{"rendered":"http:\/\/localhost\/wordpress\/2014\/11\/14\/espe-ptition-pour-redresser-la-barre\/"},"modified":"2014-11-14T08:32:19","modified_gmt":"2014-11-14T08:32:19","slug":"espe-ptition-pour-redresser-la-barre","status":"publish","type":"post","link":"https:\/\/snuipp86.fr\/index.php\/2014\/11\/14\/espe-ptition-pour-redresser-la-barre\/","title":{"rendered":"ESPE : p\u00e9tition pour redresser la barre"},"content":{"rendered":"<p><img decoding=\"async\" src=\"https:\/\/snuipp86.fr\/wp-content\/spip\/IMG\/arton2748.jpg\" alt=\"\" align=\"right\" width=\"300\" height=\"300\" class=\"spip_logos\" \/><\/p>\n","protected":false},"excerpt":{"rendered":"<p>Le 19 novembre, le SNUipp avec la FSU lancent une journ\u00e9e nationale dans les ESPE et appellent \u00e0 signer et faire signer la p\u00e9tition pour l&rsquo;am\u00e9lioration de la formation initiale et des conditions de formations des stagiaires.<br \/>\n&#8211;<br \/>\n<a href=\"http:\/\/86.snuipp.fr\/spip.php?rubrique306\" rel=\"directory\">ESPE<\/a><br \/>\n\/<br \/>\n<a href=\"http:\/\/86.snuipp.fr\/spip.php?mot288\" rel=\"tag\">I.U.F.M<\/a>,<br \/>\n<a href=\"http:\/\/86.snuipp.fr\/spip.php?mot289\" rel=\"tag\">Formation<\/a>,<br \/>\n<a href=\"http:\/\/86.snuipp.fr\/spip.php?mot313\" rel=\"tag\">Fonctionnaires .Stagiaires .1<\/a><\/p>\n","protected":false},"author":1,"featured_media":0,"comment_status":"open","ping_status":"open","sticky":false,"template":"","format":"standard","meta":{"footnotes":""},"categories":[14],"tags":[],"class_list":["post-880","post","type-post","status-publish","format-standard","hentry","category-a-la-une"],"yoast_head":"<!-- This site is optimized with the Yoast SEO plugin v26.6 - https:\/\/yoast.com\/wordpress\/plugins\/seo\/ -->\n<title>ESPE : p\u00e9tition pour redresser la barre - FSU-SNUipp 86<\/title>\n<meta name=\"robots\" content=\"index, follow, max-snippet:-1, max-image-preview:large, max-video-preview:-1\" \/>\n<link rel=\"canonical\" href=\"https:\/\/snuipp86.fr\/index.php\/2014\/11\/14\/espe-ptition-pour-redresser-la-barre\/\" \/>\n<meta property=\"og:locale\" content=\"fr_FR\" \/>\n<meta property=\"og:type\" content=\"article\" \/>\n<meta property=\"og:title\" content=\"ESPE : p\u00e9tition pour redresser la barre - FSU-SNUipp 86\" \/>\n<meta property=\"og:description\" content=\"Le 19 novembre, le SNUipp avec la FSU lancent une journ\u00e9e nationale dans les ESPE et appellent \u00e0 signer et faire signer la p\u00e9tition pour l&#039;am\u00e9lioration de la formation initiale et des conditions de formations des stagiaires. - ESPE \/ I.U.F.M, Formation, Fonctionnaires .Stagiaires .1\" \/>\n<meta property=\"og:url\" content=\"https:\/\/snuipp86.fr\/index.php\/2014\/11\/14\/espe-ptition-pour-redresser-la-barre\/\" \/>\n<meta property=\"og:site_name\" content=\"FSU-SNUipp 86\" \/>\n<meta property=\"article:published_time\" content=\"2014-11-14T08:32:19+00:00\" \/>\n<meta property=\"og:image\" content=\"http:\/\/snuipp86.fr\/wp-content\/spip\/IMG\/arton2748.jpg\" \/>\n<meta name=\"author\" content=\"WP86Admin\" \/>\n<meta name=\"twitter:card\" content=\"summary_large_image\" \/>\n<meta name=\"twitter:label1\" content=\"\u00c9crit par\" \/>\n\t<meta name=\"twitter:data1\" content=\"WP86Admin\" \/>\n<script type=\"application\/ld+json\" class=\"yoast-schema-graph\">{\"@context\":\"https:\/\/schema.org\",\"@graph\":[{\"@type\":\"WebPage\",\"@id\":\"https:\/\/snuipp86.fr\/index.php\/2014\/11\/14\/espe-ptition-pour-redresser-la-barre\/\",\"url\":\"https:\/\/snuipp86.fr\/index.php\/2014\/11\/14\/espe-ptition-pour-redresser-la-barre\/\",\"name\":\"ESPE : p\u00e9tition pour redresser la barre - FSU-SNUipp 86\",\"isPartOf\":{\"@id\":\"https:\/\/snuipp86.fr\/#website\"},\"primaryImageOfPage\":{\"@id\":\"https:\/\/snuipp86.fr\/index.php\/2014\/11\/14\/espe-ptition-pour-redresser-la-barre\/#primaryimage\"},\"image\":{\"@id\":\"https:\/\/snuipp86.fr\/index.php\/2014\/11\/14\/espe-ptition-pour-redresser-la-barre\/#primaryimage\"},\"thumbnailUrl\":\"http:\/\/snuipp86.fr\/wp-content\/spip\/IMG\/arton2748.jpg\",\"datePublished\":\"2014-11-14T08:32:19+00:00\",\"author\":{\"@id\":\"https:\/\/snuipp86.fr\/#\/schema\/person\/901b28b9ae1c7a63a6a940102e52a7a2\"},\"breadcrumb\":{\"@id\":\"https:\/\/snuipp86.fr\/index.php\/2014\/11\/14\/espe-ptition-pour-redresser-la-barre\/#breadcrumb\"},\"inLanguage\":\"fr-FR\",\"potentialAction\":[{\"@type\":\"ReadAction\",\"target\":[\"https:\/\/snuipp86.fr\/index.php\/2014\/11\/14\/espe-ptition-pour-redresser-la-barre\/\"]}]},{\"@type\":\"ImageObject\",\"inLanguage\":\"fr-FR\",\"@id\":\"https:\/\/snuipp86.fr\/index.php\/2014\/11\/14\/espe-ptition-pour-redresser-la-barre\/#primaryimage\",\"url\":\"http:\/\/snuipp86.fr\/wp-content\/spip\/IMG\/arton2748.jpg\",\"contentUrl\":\"http:\/\/snuipp86.fr\/wp-content\/spip\/IMG\/arton2748.jpg\"},{\"@type\":\"BreadcrumbList\",\"@id\":\"https:\/\/snuipp86.fr\/index.php\/2014\/11\/14\/espe-ptition-pour-redresser-la-barre\/#breadcrumb\",\"itemListElement\":[{\"@type\":\"ListItem\",\"position\":1,\"name\":\"Accueil\",\"item\":\"https:\/\/snuipp86.fr\/\"},{\"@type\":\"ListItem\",\"position\":2,\"name\":\"ESPE : p\u00e9tition pour redresser la barre\"}]},{\"@type\":\"WebSite\",\"@id\":\"https:\/\/snuipp86.fr\/#website\",\"url\":\"https:\/\/snuipp86.fr\/\",\"name\":\"FSU-SNUipp 86\",\"description\":\"Des id\u00e9es qui font l&#039;\u00e9cole\",\"potentialAction\":[{\"@type\":\"SearchAction\",\"target\":{\"@type\":\"EntryPoint\",\"urlTemplate\":\"https:\/\/snuipp86.fr\/?s={search_term_string}\"},\"query-input\":{\"@type\":\"PropertyValueSpecification\",\"valueRequired\":true,\"valueName\":\"search_term_string\"}}],\"inLanguage\":\"fr-FR\"},{\"@type\":\"Person\",\"@id\":\"https:\/\/snuipp86.fr\/#\/schema\/person\/901b28b9ae1c7a63a6a940102e52a7a2\",\"name\":\"WP86Admin\",\"image\":{\"@type\":\"ImageObject\",\"inLanguage\":\"fr-FR\",\"@id\":\"https:\/\/snuipp86.fr\/#\/schema\/person\/image\/\",\"url\":\"https:\/\/secure.gravatar.com\/avatar\/0099845c7ec05dc10d777d8ab4f5142c5ba316283821af2459738ad469a37a1a?s=96&d=mm&r=g\",\"contentUrl\":\"https:\/\/secure.gravatar.com\/avatar\/0099845c7ec05dc10d777d8ab4f5142c5ba316283821af2459738ad469a37a1a?s=96&d=mm&r=g\",\"caption\":\"WP86Admin\"},\"url\":\"https:\/\/snuipp86.fr\/index.php\/author\/wp86admin\/\"}]}<\/script>\n<!-- \/ Yoast SEO plugin. -->","yoast_head_json":{"title":"ESPE : p\u00e9tition pour redresser la barre - FSU-SNUipp 86","robots":{"index":"index","follow":"follow","max-snippet":"max-snippet:-1","max-image-preview":"max-image-preview:large","max-video-preview":"max-video-preview:-1"},"canonical":"https:\/\/snuipp86.fr\/index.php\/2014\/11\/14\/espe-ptition-pour-redresser-la-barre\/","og_locale":"fr_FR","og_type":"article","og_title":"ESPE : p\u00e9tition pour redresser la barre - FSU-SNUipp 86","og_description":"Le 19 novembre, le SNUipp avec la FSU lancent une journ\u00e9e nationale dans les ESPE et appellent \u00e0 signer et faire signer la p\u00e9tition pour l'am\u00e9lioration de la formation initiale et des conditions de formations des stagiaires. - ESPE \/ I.U.F.M, Formation, Fonctionnaires .Stagiaires .1","og_url":"https:\/\/snuipp86.fr\/index.php\/2014\/11\/14\/espe-ptition-pour-redresser-la-barre\/","og_site_name":"FSU-SNUipp 86","article_published_time":"2014-11-14T08:32:19+00:00","og_image":[{"url":"http:\/\/snuipp86.fr\/wp-content\/spip\/IMG\/arton2748.jpg","type":"","width":"","height":""}],"author":"WP86Admin","twitter_card":"summary_large_image","twitter_misc":{"\u00c9crit par":"WP86Admin"},"schema":{"@context":"https:\/\/schema.org","@graph":[{"@type":"WebPage","@id":"https:\/\/snuipp86.fr\/index.php\/2014\/11\/14\/espe-ptition-pour-redresser-la-barre\/","url":"https:\/\/snuipp86.fr\/index.php\/2014\/11\/14\/espe-ptition-pour-redresser-la-barre\/","name":"ESPE : p\u00e9tition pour redresser la barre - FSU-SNUipp 86","isPartOf":{"@id":"https:\/\/snuipp86.fr\/#website"},"primaryImageOfPage":{"@id":"https:\/\/snuipp86.fr\/index.php\/2014\/11\/14\/espe-ptition-pour-redresser-la-barre\/#primaryimage"},"image":{"@id":"https:\/\/snuipp86.fr\/index.php\/2014\/11\/14\/espe-ptition-pour-redresser-la-barre\/#primaryimage"},"thumbnailUrl":"http:\/\/snuipp86.fr\/wp-content\/spip\/IMG\/arton2748.jpg","datePublished":"2014-11-14T08:32:19+00:00","author":{"@id":"https:\/\/snuipp86.fr\/#\/schema\/person\/901b28b9ae1c7a63a6a940102e52a7a2"},"breadcrumb":{"@id":"https:\/\/snuipp86.fr\/index.php\/2014\/11\/14\/espe-ptition-pour-redresser-la-barre\/#breadcrumb"},"inLanguage":"fr-FR","potentialAction":[{"@type":"ReadAction","target":["https:\/\/snuipp86.fr\/index.php\/2014\/11\/14\/espe-ptition-pour-redresser-la-barre\/"]}]},{"@type":"ImageObject","inLanguage":"fr-FR","@id":"https:\/\/snuipp86.fr\/index.php\/2014\/11\/14\/espe-ptition-pour-redresser-la-barre\/#primaryimage","url":"http:\/\/snuipp86.fr\/wp-content\/spip\/IMG\/arton2748.jpg","contentUrl":"http:\/\/snuipp86.fr\/wp-content\/spip\/IMG\/arton2748.jpg"},{"@type":"BreadcrumbList","@id":"https:\/\/snuipp86.fr\/index.php\/2014\/11\/14\/espe-ptition-pour-redresser-la-barre\/#breadcrumb","itemListElement":[{"@type":"ListItem","position":1,"name":"Accueil","item":"https:\/\/snuipp86.fr\/"},{"@type":"ListItem","position":2,"name":"ESPE : p\u00e9tition pour redresser la barre"}]},{"@type":"WebSite","@id":"https:\/\/snuipp86.fr\/#website","url":"https:\/\/snuipp86.fr\/","name":"FSU-SNUipp 86","description":"Des id\u00e9es qui font l&#039;\u00e9cole","potentialAction":[{"@type":"SearchAction","target":{"@type":"EntryPoint","urlTemplate":"https:\/\/snuipp86.fr\/?s={search_term_string}"},"query-input":{"@type":"PropertyValueSpecification","valueRequired":true,"valueName":"search_term_string"}}],"inLanguage":"fr-FR"},{"@type":"Person","@id":"https:\/\/snuipp86.fr\/#\/schema\/person\/901b28b9ae1c7a63a6a940102e52a7a2","name":"WP86Admin","image":{"@type":"ImageObject","inLanguage":"fr-FR","@id":"https:\/\/snuipp86.fr\/#\/schema\/person\/image\/","url":"https:\/\/secure.gravatar.com\/avatar\/0099845c7ec05dc10d777d8ab4f5142c5ba316283821af2459738ad469a37a1a?s=96&d=mm&r=g","contentUrl":"https:\/\/secure.gravatar.com\/avatar\/0099845c7ec05dc10d777d8ab4f5142c5ba316283821af2459738ad469a37a1a?s=96&d=mm&r=g","caption":"WP86Admin"},"url":"https:\/\/snuipp86.fr\/index.php\/author\/wp86admin\/"}]}},"_links":{"self":[{"href":"https:\/\/snuipp86.fr\/index.php\/wp-json\/wp\/v2\/posts\/880","targetHints":{"allow":["GET"]}}],"collection":[{"href":"https:\/\/snuipp86.fr\/index.php\/wp-json\/wp\/v2\/posts"}],"about":[{"href":"https:\/\/snuipp86.fr\/index.php\/wp-json\/wp\/v2\/types\/post"}],"author":[{"embeddable":true,"href":"https:\/\/snuipp86.fr\/index.php\/wp-json\/wp\/v2\/users\/1"}],"replies":[{"embeddable":true,"href":"https:\/\/snuipp86.fr\/index.php\/wp-json\/wp\/v2\/comments?post=880"}],"version-history":[{"count":0,"href":"https:\/\/snuipp86.fr\/index.php\/wp-json\/wp\/v2\/posts\/880\/revisions"}],"wp:attachment":[{"href":"https:\/\/snuipp86.fr\/index.php\/wp-json\/wp\/v2\/media?parent=880"}],"wp:term":[{"taxonomy":"category","embeddable":true,"href":"https:\/\/snuipp86.fr\/index.php\/wp-json\/wp\/v2\/categories?post=880"},{"taxonomy":"post_tag","embeddable":true,"href":"https:\/\/snuipp86.fr\/index.php\/wp-json\/wp\/v2\/tags?post=880"}],"curies":[{"name":"wp","href":"https:\/\/api.w.org\/{rel}","templated":true}]}}