{"id":905,"date":"2014-09-26T08:13:39","date_gmt":"2014-09-26T08:13:39","guid":{"rendered":"http:\/\/localhost\/wordpress\/2014\/09\/26\/consultation-socle-et-maternelle-les-outils-du-snuipp-fsu\/"},"modified":"2014-09-26T08:13:39","modified_gmt":"2014-09-26T08:13:39","slug":"consultation-socle-et-maternelle-les-outils-du-snuipp-fsu","status":"publish","type":"post","link":"https:\/\/snuipp86.fr\/index.php\/2014\/09\/26\/consultation-socle-et-maternelle-les-outils-du-snuipp-fsu\/","title":{"rendered":"Consultation socle et maternelle : les outils du SNUipp-FSU"},"content":{"rendered":"<p><img decoding=\"async\" src=\"https:\/\/snuipp86.fr\/wp-content\/spip\/IMG\/arton2723.jpg\" alt=\"\" align=\"right\" width=\"225\" height=\"224\" class=\"spip_logos\" \/><\/p>\n<div class='rss_texte'>\n<h3 class=\"spip\" id=\"outil_sommaire_0\"><a title=\"Sommaire\" href=\"http:\/\/86.snuipp.fr\/spip.php?page=backend&#038;id_rubrique=#outil_sommaire\" class=\"sommaire_ancre\"> <\/a>Socle : un outil pour la consultation<\/h3>\n<p class=\"spip\">Le SNUipp-FSU propose aux enseignants des \u00e9coles \u00e9l\u00e9mentaires un document pour les accompagner dans la consultation sur le socle. Inspir\u00e9es des derni\u00e8res recherches en \u00e9ducation, des r\u00e9cents rapports et de l&rsquo;expertise du syndicat, quelques pistes pour alimenter la r\u00e9flexion.<\/p>\n<p class=\"spip\">Que penser du nouveau socle commun de connaissances, de comp\u00e9tences et de culture d\u00e9finissant \u00ab ce que les \u00e9l\u00e8ves doivent ma\u00eetriser \u00e0 l&rsquo;issue du coll\u00e8ge \u00bb\u2009et qui doit leur permettre de poursuivre leurs \u00e9tudes dans les trois voies du lyc\u00e9e ? Le SNUipp-FSU propose aux \u00e9quipes d&rsquo;\u00e9coles un premier d\u00e9cryptage sur un texte qui doit notamment servir de cap pour la r\u00e9daction des futurs programmes de cycle 2 et 3 annonc\u00e9s pour la rentr\u00e9e 2016.<\/p>\n<p class=\"spip\">en pi\u00e8ce jointe ou <a href=\"https:\/\/snuipp86.fr\/wp-content\/spip\/IMG\/pdf\/Consultation_socle.pdf\" class=\"spip_out\">sur ce lien<\/a><\/p>\n<h3 class=\"spip\" id=\"outil_sommaire_1\"><a title=\"Sommaire\" href=\"http:\/\/86.snuipp.fr\/spip.php?page=backend&#038;id_rubrique=#outil_sommaire\" class=\"sommaire_ancre\"> <\/a>Maternelle<\/h3>\n<p class=\"spip\">Le SNUipp-FSU propose aux \u00e9quipes des \u00e9coles maternelles un document pour les accompagner lors de la consultation sur les programmes. Inspir\u00e9es des derni\u00e8res recherches en \u00e9ducation, des r\u00e9cents rapports et de l&rsquo;expertise du syndicat : quelques pistes pour alimenter la r\u00e9flexion.<\/p>\n<p class=\"spip\">L&rsquo;enjeu des nouveaux programmes de l&rsquo;\u00e9cole maternelle est connu et a \u00e9t\u00e9 clairement exprim\u00e9 en 2011 dans le rapport de l&rsquo;Inspection g\u00e9n\u00e9rale. L&rsquo;\u00e9cole maternelle s&rsquo;est trop focalis\u00e9e sur les r\u00e9sultats attendus \u00e0 la fin de la grande section, en important parfois jusqu&rsquo;aux petites classes le mod\u00e8le de l&rsquo;\u00e9cole \u00e9l\u00e9mentaire. Il faut dire que nombre d&rsquo;injonctions ont conduit \u00e0 cette d\u00e9rive. C&rsquo;est dire si les programmes \u00e0 venir doivent mettre un terme \u00e0 cette logique de \u00ab \u2009primarisation\u2009 \u00bbqui profite toujours aux plus avanc\u00e9s et jamais aux plus fragiles. Ils se doivent \u00e9galement de donner les cl\u00e9s d&rsquo;une \u00e9cole maternelle bienveillante mais exigeante, soucieuse de d\u00e9velopper l&rsquo;envie d&rsquo;apprendre, de valoriser, de r\u00e9ussir. Or, les deux versions propos\u00e9es des nouveaux programmes, l&rsquo;une courte de 23 pages soumise \u00e0 la consultation, l&rsquo;autre longue de 70 pages ne sont pas, en l&rsquo;\u00e9tat, des outils pertinents et adapt\u00e9s aux enseignants.<\/p>\n<p class=\"spip\"><strong class=\"spip\">Pour des programmes op\u00e9rationnels et stables<\/strong><\/p>\n<p class=\"spip\">Ce projet, \u00e9labor\u00e9 par le CSP, est int\u00e9ressant \u00e0 bien des \u00e9gards. Il offre une vision positive de l&rsquo;\u00e9cole maternelle et de ses enseignants. C&rsquo;est un bon point. Mais au-del\u00e0, il ne met pas suffisamment en lumi\u00e8re les \u00e9l\u00e9ments de progressivit\u00e9 indispensables \u00e0 la prise en compte de jeunes enfants entre 2 et 5 ans. Comment ces programmes peuvent-ils construire une \u00e9cole maternelle adapt\u00e9e \u00e0 ce public sp\u00e9cifique, apprenant au long de ce cycle \u00e0 devenir de jeunes \u00e9l\u00e8ves ? Si tout ne peut \u00eatre dit dans les programmes, il faut n\u00e9anmoins qu&rsquo;ils balisent suffisamment les 3 \u00e0 4 ann\u00e9es de l&rsquo;\u00e9cole maternelle pour constituer un parcours favorisant le d\u00e9veloppement et les apprentissages d&rsquo;enfants aux besoins vari\u00e9s. Il faut qu&rsquo;ils constituent une r\u00e9f\u00e9rence professionnelle explicite et utilisable pour le travail des enseignants et qu&rsquo;ils soient accompagn\u00e9s de documents p\u00e9dagogiques de mise en \u0153uvre et de formation continue<\/p>\n<p class=\"spip\">en pi\u00e8ce jointe ou <a href=\"https:\/\/snuipp86.fr\/wp-content\/spip\/IMG\/pdf\/Consultation_maternelle.pdf\" class=\"spip_out\">sur ce lien<\/a><\/p>\n<\/div>\n","protected":false},"excerpt":{"rendered":"<p>Socle : un outil pour la consultation <br \/>Le SNUipp-FSU propose aux enseignants des \u00e9coles \u00e9l\u00e9mentaires un document pour les accompagner dans la consultation sur le socle. Inspir\u00e9es des derni\u00e8res recherches en \u00e9ducation, des r\u00e9cents rapports et de l&rsquo;expertise du syndicat, quelques pistes pour alimenter la r\u00e9flexion. <br \/>Que penser du nouveau socle commun de connaissances, de comp\u00e9tences et de culture d\u00e9finissant \u00ab ce que les \u00e9l\u00e8ves doivent ma\u00eetriser \u00e0 l&rsquo;issue du coll\u00e8ge \u00bb\u2009et qui (&#8230;)<br \/>\n&#8211;<br \/>\n<a href=\"http:\/\/86.snuipp.fr\/spip.php?rubrique122\" rel=\"directory\">Des outils de r\u00e9flexion<\/a><br \/>\n\/<br \/>\n<a href=\"http:\/\/86.snuipp.fr\/spip.php?mot310\" rel=\"tag\">Les r\u00e9formes<\/a><\/p>\n","protected":false},"author":1,"featured_media":0,"comment_status":"open","ping_status":"open","sticky":false,"template":"","format":"standard","meta":{"footnotes":""},"categories":[14],"tags":[],"class_list":["post-905","post","type-post","status-publish","format-standard","hentry","category-a-la-une"],"yoast_head":"<!-- This site is optimized with the Yoast SEO plugin v26.6 - https:\/\/yoast.com\/wordpress\/plugins\/seo\/ -->\n<title>Consultation socle et maternelle : les outils du SNUipp-FSU - FSU-SNUipp 86<\/title>\n<meta name=\"robots\" content=\"index, follow, max-snippet:-1, max-image-preview:large, max-video-preview:-1\" \/>\n<link rel=\"canonical\" href=\"https:\/\/snuipp86.fr\/index.php\/2014\/09\/26\/consultation-socle-et-maternelle-les-outils-du-snuipp-fsu\/\" \/>\n<meta property=\"og:locale\" content=\"fr_FR\" \/>\n<meta property=\"og:type\" content=\"article\" \/>\n<meta property=\"og:title\" content=\"Consultation socle et maternelle : les outils du SNUipp-FSU - FSU-SNUipp 86\" \/>\n<meta property=\"og:description\" content=\"Socle : un outil pour la consultation Le SNUipp-FSU propose aux enseignants des \u00e9coles \u00e9l\u00e9mentaires un document pour les accompagner dans la consultation sur le socle. Inspir\u00e9es des derni\u00e8res recherches en \u00e9ducation, des r\u00e9cents rapports et de l&#039;expertise du syndicat, quelques pistes pour alimenter la r\u00e9flexion. Que penser du nouveau socle commun de connaissances, de comp\u00e9tences et de culture d\u00e9finissant \u00ab ce que les \u00e9l\u00e8ves doivent ma\u00eetriser \u00e0 l&#039;issue du coll\u00e8ge \u00bb\u2009et qui (...) - Des outils de r\u00e9flexion \/ Les r\u00e9formes\" \/>\n<meta property=\"og:url\" content=\"https:\/\/snuipp86.fr\/index.php\/2014\/09\/26\/consultation-socle-et-maternelle-les-outils-du-snuipp-fsu\/\" \/>\n<meta property=\"og:site_name\" content=\"FSU-SNUipp 86\" \/>\n<meta property=\"article:published_time\" content=\"2014-09-26T08:13:39+00:00\" \/>\n<meta property=\"og:image\" content=\"http:\/\/snuipp86.fr\/wp-content\/spip\/IMG\/arton2723.jpg\" \/>\n<meta name=\"author\" content=\"WP86Admin\" \/>\n<meta name=\"twitter:card\" content=\"summary_large_image\" \/>\n<meta name=\"twitter:label1\" content=\"\u00c9crit par\" \/>\n\t<meta name=\"twitter:data1\" content=\"WP86Admin\" \/>\n\t<meta name=\"twitter:label2\" content=\"Dur\u00e9e de lecture estim\u00e9e\" \/>\n\t<meta name=\"twitter:data2\" content=\"3 minutes\" \/>\n<script type=\"application\/ld+json\" class=\"yoast-schema-graph\">{\"@context\":\"https:\/\/schema.org\",\"@graph\":[{\"@type\":\"WebPage\",\"@id\":\"https:\/\/snuipp86.fr\/index.php\/2014\/09\/26\/consultation-socle-et-maternelle-les-outils-du-snuipp-fsu\/\",\"url\":\"https:\/\/snuipp86.fr\/index.php\/2014\/09\/26\/consultation-socle-et-maternelle-les-outils-du-snuipp-fsu\/\",\"name\":\"Consultation socle et maternelle : les outils du SNUipp-FSU - FSU-SNUipp 86\",\"isPartOf\":{\"@id\":\"https:\/\/snuipp86.fr\/#website\"},\"primaryImageOfPage\":{\"@id\":\"https:\/\/snuipp86.fr\/index.php\/2014\/09\/26\/consultation-socle-et-maternelle-les-outils-du-snuipp-fsu\/#primaryimage\"},\"image\":{\"@id\":\"https:\/\/snuipp86.fr\/index.php\/2014\/09\/26\/consultation-socle-et-maternelle-les-outils-du-snuipp-fsu\/#primaryimage\"},\"thumbnailUrl\":\"http:\/\/snuipp86.fr\/wp-content\/spip\/IMG\/arton2723.jpg\",\"datePublished\":\"2014-09-26T08:13:39+00:00\",\"author\":{\"@id\":\"https:\/\/snuipp86.fr\/#\/schema\/person\/901b28b9ae1c7a63a6a940102e52a7a2\"},\"breadcrumb\":{\"@id\":\"https:\/\/snuipp86.fr\/index.php\/2014\/09\/26\/consultation-socle-et-maternelle-les-outils-du-snuipp-fsu\/#breadcrumb\"},\"inLanguage\":\"fr-FR\",\"potentialAction\":[{\"@type\":\"ReadAction\",\"target\":[\"https:\/\/snuipp86.fr\/index.php\/2014\/09\/26\/consultation-socle-et-maternelle-les-outils-du-snuipp-fsu\/\"]}]},{\"@type\":\"ImageObject\",\"inLanguage\":\"fr-FR\",\"@id\":\"https:\/\/snuipp86.fr\/index.php\/2014\/09\/26\/consultation-socle-et-maternelle-les-outils-du-snuipp-fsu\/#primaryimage\",\"url\":\"http:\/\/snuipp86.fr\/wp-content\/spip\/IMG\/arton2723.jpg\",\"contentUrl\":\"http:\/\/snuipp86.fr\/wp-content\/spip\/IMG\/arton2723.jpg\"},{\"@type\":\"BreadcrumbList\",\"@id\":\"https:\/\/snuipp86.fr\/index.php\/2014\/09\/26\/consultation-socle-et-maternelle-les-outils-du-snuipp-fsu\/#breadcrumb\",\"itemListElement\":[{\"@type\":\"ListItem\",\"position\":1,\"name\":\"Accueil\",\"item\":\"https:\/\/snuipp86.fr\/\"},{\"@type\":\"ListItem\",\"position\":2,\"name\":\"Consultation socle et maternelle : les outils du SNUipp-FSU\"}]},{\"@type\":\"WebSite\",\"@id\":\"https:\/\/snuipp86.fr\/#website\",\"url\":\"https:\/\/snuipp86.fr\/\",\"name\":\"FSU-SNUipp 86\",\"description\":\"Des id\u00e9es qui font l&#039;\u00e9cole\",\"potentialAction\":[{\"@type\":\"SearchAction\",\"target\":{\"@type\":\"EntryPoint\",\"urlTemplate\":\"https:\/\/snuipp86.fr\/?s={search_term_string}\"},\"query-input\":{\"@type\":\"PropertyValueSpecification\",\"valueRequired\":true,\"valueName\":\"search_term_string\"}}],\"inLanguage\":\"fr-FR\"},{\"@type\":\"Person\",\"@id\":\"https:\/\/snuipp86.fr\/#\/schema\/person\/901b28b9ae1c7a63a6a940102e52a7a2\",\"name\":\"WP86Admin\",\"image\":{\"@type\":\"ImageObject\",\"inLanguage\":\"fr-FR\",\"@id\":\"https:\/\/snuipp86.fr\/#\/schema\/person\/image\/\",\"url\":\"https:\/\/secure.gravatar.com\/avatar\/0099845c7ec05dc10d777d8ab4f5142c5ba316283821af2459738ad469a37a1a?s=96&d=mm&r=g\",\"contentUrl\":\"https:\/\/secure.gravatar.com\/avatar\/0099845c7ec05dc10d777d8ab4f5142c5ba316283821af2459738ad469a37a1a?s=96&d=mm&r=g\",\"caption\":\"WP86Admin\"},\"url\":\"https:\/\/snuipp86.fr\/index.php\/author\/wp86admin\/\"}]}<\/script>\n<!-- \/ Yoast SEO plugin. -->","yoast_head_json":{"title":"Consultation socle et maternelle : les outils du SNUipp-FSU - FSU-SNUipp 86","robots":{"index":"index","follow":"follow","max-snippet":"max-snippet:-1","max-image-preview":"max-image-preview:large","max-video-preview":"max-video-preview:-1"},"canonical":"https:\/\/snuipp86.fr\/index.php\/2014\/09\/26\/consultation-socle-et-maternelle-les-outils-du-snuipp-fsu\/","og_locale":"fr_FR","og_type":"article","og_title":"Consultation socle et maternelle : les outils du SNUipp-FSU - FSU-SNUipp 86","og_description":"Socle : un outil pour la consultation Le SNUipp-FSU propose aux enseignants des \u00e9coles \u00e9l\u00e9mentaires un document pour les accompagner dans la consultation sur le socle. Inspir\u00e9es des derni\u00e8res recherches en \u00e9ducation, des r\u00e9cents rapports et de l'expertise du syndicat, quelques pistes pour alimenter la r\u00e9flexion. Que penser du nouveau socle commun de connaissances, de comp\u00e9tences et de culture d\u00e9finissant \u00ab ce que les \u00e9l\u00e8ves doivent ma\u00eetriser \u00e0 l'issue du coll\u00e8ge \u00bb\u2009et qui (...) - Des outils de r\u00e9flexion \/ Les r\u00e9formes","og_url":"https:\/\/snuipp86.fr\/index.php\/2014\/09\/26\/consultation-socle-et-maternelle-les-outils-du-snuipp-fsu\/","og_site_name":"FSU-SNUipp 86","article_published_time":"2014-09-26T08:13:39+00:00","og_image":[{"url":"http:\/\/snuipp86.fr\/wp-content\/spip\/IMG\/arton2723.jpg","type":"","width":"","height":""}],"author":"WP86Admin","twitter_card":"summary_large_image","twitter_misc":{"\u00c9crit par":"WP86Admin","Dur\u00e9e de lecture estim\u00e9e":"3 minutes"},"schema":{"@context":"https:\/\/schema.org","@graph":[{"@type":"WebPage","@id":"https:\/\/snuipp86.fr\/index.php\/2014\/09\/26\/consultation-socle-et-maternelle-les-outils-du-snuipp-fsu\/","url":"https:\/\/snuipp86.fr\/index.php\/2014\/09\/26\/consultation-socle-et-maternelle-les-outils-du-snuipp-fsu\/","name":"Consultation socle et maternelle : les outils du SNUipp-FSU - FSU-SNUipp 86","isPartOf":{"@id":"https:\/\/snuipp86.fr\/#website"},"primaryImageOfPage":{"@id":"https:\/\/snuipp86.fr\/index.php\/2014\/09\/26\/consultation-socle-et-maternelle-les-outils-du-snuipp-fsu\/#primaryimage"},"image":{"@id":"https:\/\/snuipp86.fr\/index.php\/2014\/09\/26\/consultation-socle-et-maternelle-les-outils-du-snuipp-fsu\/#primaryimage"},"thumbnailUrl":"http:\/\/snuipp86.fr\/wp-content\/spip\/IMG\/arton2723.jpg","datePublished":"2014-09-26T08:13:39+00:00","author":{"@id":"https:\/\/snuipp86.fr\/#\/schema\/person\/901b28b9ae1c7a63a6a940102e52a7a2"},"breadcrumb":{"@id":"https:\/\/snuipp86.fr\/index.php\/2014\/09\/26\/consultation-socle-et-maternelle-les-outils-du-snuipp-fsu\/#breadcrumb"},"inLanguage":"fr-FR","potentialAction":[{"@type":"ReadAction","target":["https:\/\/snuipp86.fr\/index.php\/2014\/09\/26\/consultation-socle-et-maternelle-les-outils-du-snuipp-fsu\/"]}]},{"@type":"ImageObject","inLanguage":"fr-FR","@id":"https:\/\/snuipp86.fr\/index.php\/2014\/09\/26\/consultation-socle-et-maternelle-les-outils-du-snuipp-fsu\/#primaryimage","url":"http:\/\/snuipp86.fr\/wp-content\/spip\/IMG\/arton2723.jpg","contentUrl":"http:\/\/snuipp86.fr\/wp-content\/spip\/IMG\/arton2723.jpg"},{"@type":"BreadcrumbList","@id":"https:\/\/snuipp86.fr\/index.php\/2014\/09\/26\/consultation-socle-et-maternelle-les-outils-du-snuipp-fsu\/#breadcrumb","itemListElement":[{"@type":"ListItem","position":1,"name":"Accueil","item":"https:\/\/snuipp86.fr\/"},{"@type":"ListItem","position":2,"name":"Consultation socle et maternelle : les outils du SNUipp-FSU"}]},{"@type":"WebSite","@id":"https:\/\/snuipp86.fr\/#website","url":"https:\/\/snuipp86.fr\/","name":"FSU-SNUipp 86","description":"Des id\u00e9es qui font l&#039;\u00e9cole","potentialAction":[{"@type":"SearchAction","target":{"@type":"EntryPoint","urlTemplate":"https:\/\/snuipp86.fr\/?s={search_term_string}"},"query-input":{"@type":"PropertyValueSpecification","valueRequired":true,"valueName":"search_term_string"}}],"inLanguage":"fr-FR"},{"@type":"Person","@id":"https:\/\/snuipp86.fr\/#\/schema\/person\/901b28b9ae1c7a63a6a940102e52a7a2","name":"WP86Admin","image":{"@type":"ImageObject","inLanguage":"fr-FR","@id":"https:\/\/snuipp86.fr\/#\/schema\/person\/image\/","url":"https:\/\/secure.gravatar.com\/avatar\/0099845c7ec05dc10d777d8ab4f5142c5ba316283821af2459738ad469a37a1a?s=96&d=mm&r=g","contentUrl":"https:\/\/secure.gravatar.com\/avatar\/0099845c7ec05dc10d777d8ab4f5142c5ba316283821af2459738ad469a37a1a?s=96&d=mm&r=g","caption":"WP86Admin"},"url":"https:\/\/snuipp86.fr\/index.php\/author\/wp86admin\/"}]}},"_links":{"self":[{"href":"https:\/\/snuipp86.fr\/index.php\/wp-json\/wp\/v2\/posts\/905","targetHints":{"allow":["GET"]}}],"collection":[{"href":"https:\/\/snuipp86.fr\/index.php\/wp-json\/wp\/v2\/posts"}],"about":[{"href":"https:\/\/snuipp86.fr\/index.php\/wp-json\/wp\/v2\/types\/post"}],"author":[{"embeddable":true,"href":"https:\/\/snuipp86.fr\/index.php\/wp-json\/wp\/v2\/users\/1"}],"replies":[{"embeddable":true,"href":"https:\/\/snuipp86.fr\/index.php\/wp-json\/wp\/v2\/comments?post=905"}],"version-history":[{"count":0,"href":"https:\/\/snuipp86.fr\/index.php\/wp-json\/wp\/v2\/posts\/905\/revisions"}],"wp:attachment":[{"href":"https:\/\/snuipp86.fr\/index.php\/wp-json\/wp\/v2\/media?parent=905"}],"wp:term":[{"taxonomy":"category","embeddable":true,"href":"https:\/\/snuipp86.fr\/index.php\/wp-json\/wp\/v2\/categories?post=905"},{"taxonomy":"post_tag","embeddable":true,"href":"https:\/\/snuipp86.fr\/index.php\/wp-json\/wp\/v2\/tags?post=905"}],"curies":[{"name":"wp","href":"https:\/\/api.w.org\/{rel}","templated":true}]}}