{"id":92,"date":"2018-11-13T16:08:16","date_gmt":"2018-11-13T16:08:16","guid":{"rendered":"http:\/\/localhost\/wordpress\/2018\/11\/13\/modification-des-circonscriptions-groupe-de-travail-ce-15-novembre-2018\/"},"modified":"2018-11-13T16:08:16","modified_gmt":"2018-11-13T16:08:16","slug":"modification-des-circonscriptions-groupe-de-travail-ce-15-novembre-2018","status":"publish","type":"post","link":"https:\/\/snuipp86.fr\/index.php\/2018\/11\/13\/modification-des-circonscriptions-groupe-de-travail-ce-15-novembre-2018\/","title":{"rendered":"Modification des circonscriptions : groupe de travail ce 15 novembre 2018"},"content":{"rendered":"<p><img decoding=\"async\" src=\"https:\/\/snuipp86.fr\/wp-content\/spip\/IMG\/arton4178.jpg\" alt=\"\" align=\"right\" width=\"189\" height=\"267\" class=\"spip_logos\" \/><\/p>\n<div class='rss_texte'>\n<p class=\"spip\">Les circonscriptions doivent changer \u00e0 la rentr\u00e9e 2019, l&rsquo;IA a pr\u00e9vu un groupe de travail ce jeudi 15 novembre apr\u00e8m sur les postes qui seraient impact\u00e9s et les \u00e9ventuelles d\u00e9cisions de carte scolaire qui en d\u00e9couleraient.<\/p>\n<p class=\"spip\"><span style=\"color:red;\">Le SNUipp-FSU 86 portera l&rsquo;ensemble des situations qui lui seront remont\u00e9es donc n&rsquo;h\u00e9sitez pas \u00e0 nous faire part de tes remarques, questionnements, souhaits &#8230;<\/span style=\"color:red;\"><\/p>\n<p class=\"spip\">Ci-dessous, les modifs annonc\u00e9es et non encore officielles, car valid\u00e9es par l&rsquo;IA et le recteur, mais pas encore pas le minist\u00e8re. Le SNUipp-FSU 86 s&rsquo;est oppos\u00e9 aux choix retenus par l&rsquo;IA : de grandes circos rurales, une circo de Ch\u00e2tellerault avec REP\/REP+ qui reste importante &#8230; Le SNUipp-FSU 86 avait port\u00e9 des propositions qui n&rsquo;ont pas \u00e9t\u00e9 retenues par l&rsquo;IA qui ne souhaitait pas avoir 2 IEN sur Ch\u00e2tellerault ou plus d&rsquo;IEN sur Poitiers.<\/p>\n<p class=\"spip\"><img decoding=\"async\" src=\"https:\/\/snuipp86.fr\/wp-content\/spip\/cache-vignettes\/L8xH11\/puce-68c92.gif\" width='8' height='11' alt=\"-\" style='height:11px;width:8px;' class='' \/> <strong class=\"spip\">Circo de Lenclo\u00eetre<\/strong> : perte de Neuville et son secteur de coll\u00e8ge qui est enlev\u00e9 pour \u00eatre remplac\u00e9 par le secteur de Latill\u00e9 et celui de St gervais les 3 Clochers &#8211; <br \/><img decoding=\"async\" src=\"https:\/\/snuipp86.fr\/wp-content\/spip\/cache-vignettes\/L8xH11\/puce-68c92.gif\" width='8' height='11' alt=\"-\" style='height:11px;width:8px;' class='' \/> <strong class=\"spip\">Circo de Montmorillon Sud Vienne<\/strong> : Ajout des secteurs de Charroux et Civray \u00e0 la circo existante qui perd certaines communes rattach\u00e9es aux coll\u00e8ges de Poitiers par le jeu de la nouvelle sectorisation coll\u00e8ge ( Fleur\u00e9, Nieuil, S\u00e8vres-Anxaumont &#8230;) <br \/><img decoding=\"async\" src=\"https:\/\/snuipp86.fr\/wp-content\/spip\/cache-vignettes\/L8xH11\/puce-68c92.gif\" width='8' height='11' alt=\"-\" style='height:11px;width:8px;' class='' \/> <strong class=\"spip\">Circo de Poitiers Nord<\/strong> : A la circonscription actuelle se rajoutent le secteur de Neuville et le secteur du nouveau 35\u00e8me coll\u00e8ge qui comprend Mign\u00e9-Auxances, Chasseneuil et Vouneuil\/Biard. <br \/><img decoding=\"async\" src=\"https:\/\/snuipp86.fr\/wp-content\/spip\/cache-vignettes\/L8xH11\/puce-68c92.gif\" width='8' height='11' alt=\"-\" style='height:11px;width:8px;' class='' \/> <strong class=\"spip\">Circo de Ch\u00e2tellerault<\/strong> : Si la circonscription perd le secteur de St Gervais les 3 Clochers, elle r\u00e9cup\u00e8re, par le jeu de la sectorisation coll\u00e8ge, les communes de Cenon et toutes celles rattach\u00e9es \u00e0 La Roche Posay. <br \/><img decoding=\"async\" src=\"https:\/\/snuipp86.fr\/wp-content\/spip\/cache-vignettes\/L8xH11\/puce-68c92.gif\" width='8' height='11' alt=\"-\" style='height:11px;width:8px;' class='' \/> C<strong class=\"spip\">irco de Poitiers Sud<\/strong> : La circonscription de Poitiers Sud perd les secteurs de Charroux et Civray , mais r\u00e9cup\u00e8re le secteur du coll\u00e8ge REP de Ronsard \u00e0 Poitiers (Tony Lain\u00e9, Jacques Brel, Nouaill\u00e9 Maupertuis, Les Roches Pr\u00e9maries &#8230;. et peut \u00eatre Smarves, d\u00e9cision en 2020). <br \/><img decoding=\"async\" src=\"https:\/\/snuipp86.fr\/wp-content\/spip\/cache-vignettes\/L8xH11\/puce-68c92.gif\" width='8' height='11' alt=\"-\" style='height:11px;width:8px;' class='' \/> <strong class=\"spip\">Circo de Poitiers Est<\/strong> : 3 secteurs de coll\u00e8ges : Buxerolles Jules Verne, Poitiers Jean Moulin (avec S\u00e8vres Anxaumont, Savigny, Fleur\u00e9, St Julien..) Poitiers France Bloch-Serazin (avec Nieuil l&rsquo;Espoir, Lavoux, Liniers) \u2026 Poitiers Condorcet, Poitiers La Grange St Pierre, St Benoit, Fontaine et Ligug\u00e9 passe sur Poitiers Ouest.<br \/>\n<br \/><img decoding=\"async\" src=\"https:\/\/snuipp86.fr\/wp-content\/spip\/cache-vignettes\/L8xH11\/puce-68c92.gif\" width='8' height='11' alt=\"-\" style='height:11px;width:8px;' class='' \/> <strong class=\"spip\">Circo de Poitiers Ouest<\/strong> : fin du coll\u00e8ge REP &#8211; 4 secteurs de coll\u00e8ge composeront la circo : Poitiers Henri IV, Poitiers Jardin des Plantes (avec Poitiers Perrault en 2021), Poitiers Rabelais, Poitiers Camille Gu\u00e9rin, St Benoit Renaudot \u2026 donc perte des \u00e9coles des 3 Cit\u00e9s (Brel et Tony Lain\u00e9) et d&rsquo;une grande partie de la circo (secteur Latill\u00e9, secteur 35\u00e8me coll\u00e8ge) .<\/p>\n<\/div>\n","protected":false},"excerpt":{"rendered":"<p>Les circonscriptions doivent changer \u00e0 la rentr\u00e9e 2019, l&rsquo;IA a pr\u00e9vu un groupe de travail ce jeudi 15 novembre apr\u00e8m sur les postes qui seraient impact\u00e9s et les \u00e9ventuelles d\u00e9cisions de carte scolaire qui en d\u00e9couleraient. <br \/>Le SNUipp-FSU 86 portera l&rsquo;ensemble des situations qui lui seront remont\u00e9es donc n&rsquo;h\u00e9sitez pas \u00e0 nous faire part de tes remarques, questionnements, souhaits &#8230; <br \/>Ci-dessous, les modifs annonc\u00e9es et non encore officielles, car valid\u00e9es par l&rsquo;IA et le recteur, mais pas (&#8230;)<br \/>\n&#8211;<br \/>\n<a href=\"http:\/\/86.snuipp.fr\/spip.php?rubrique159\" rel=\"directory\">Carte scolaire<\/a><br \/>\n\/<br \/>\n<a href=\"http:\/\/86.snuipp.fr\/spip.php?mot293\" rel=\"tag\">Carte scolaire<\/a><\/p>\n","protected":false},"author":1,"featured_media":0,"comment_status":"open","ping_status":"open","sticky":false,"template":"","format":"standard","meta":{"footnotes":""},"categories":[14],"tags":[],"class_list":["post-92","post","type-post","status-publish","format-standard","hentry","category-a-la-une"],"yoast_head":"<!-- This site is optimized with the Yoast SEO plugin v26.6 - https:\/\/yoast.com\/wordpress\/plugins\/seo\/ -->\n<title>Modification des circonscriptions : groupe de travail ce 15 novembre 2018 - FSU-SNUipp 86<\/title>\n<meta name=\"robots\" content=\"index, follow, max-snippet:-1, max-image-preview:large, max-video-preview:-1\" \/>\n<link rel=\"canonical\" href=\"https:\/\/snuipp86.fr\/index.php\/2018\/11\/13\/modification-des-circonscriptions-groupe-de-travail-ce-15-novembre-2018\/\" \/>\n<meta property=\"og:locale\" content=\"fr_FR\" \/>\n<meta property=\"og:type\" content=\"article\" \/>\n<meta property=\"og:title\" content=\"Modification des circonscriptions : groupe de travail ce 15 novembre 2018 - FSU-SNUipp 86\" \/>\n<meta property=\"og:description\" content=\"Les circonscriptions doivent changer \u00e0 la rentr\u00e9e 2019, l&#039;IA a pr\u00e9vu un groupe de travail ce jeudi 15 novembre apr\u00e8m sur les postes qui seraient impact\u00e9s et les \u00e9ventuelles d\u00e9cisions de carte scolaire qui en d\u00e9couleraient. Le SNUipp-FSU 86 portera l&#039;ensemble des situations qui lui seront remont\u00e9es donc n&#039;h\u00e9sitez pas \u00e0 nous faire part de tes remarques, questionnements, souhaits ... Ci-dessous, les modifs annonc\u00e9es et non encore officielles, car valid\u00e9es par l&#039;IA et le recteur, mais pas (...) - Carte scolaire \/ Carte scolaire\" \/>\n<meta property=\"og:url\" content=\"https:\/\/snuipp86.fr\/index.php\/2018\/11\/13\/modification-des-circonscriptions-groupe-de-travail-ce-15-novembre-2018\/\" \/>\n<meta property=\"og:site_name\" content=\"FSU-SNUipp 86\" \/>\n<meta property=\"article:published_time\" content=\"2018-11-13T16:08:16+00:00\" \/>\n<meta property=\"og:image\" content=\"http:\/\/snuipp86.fr\/wp-content\/spip\/IMG\/arton4178.jpg\" \/>\n<meta name=\"author\" content=\"WP86Admin\" \/>\n<meta name=\"twitter:card\" content=\"summary_large_image\" \/>\n<meta name=\"twitter:label1\" content=\"\u00c9crit par\" \/>\n\t<meta name=\"twitter:data1\" content=\"WP86Admin\" \/>\n\t<meta name=\"twitter:label2\" content=\"Dur\u00e9e de lecture estim\u00e9e\" \/>\n\t<meta name=\"twitter:data2\" content=\"2 minutes\" \/>\n<script type=\"application\/ld+json\" class=\"yoast-schema-graph\">{\"@context\":\"https:\/\/schema.org\",\"@graph\":[{\"@type\":\"WebPage\",\"@id\":\"https:\/\/snuipp86.fr\/index.php\/2018\/11\/13\/modification-des-circonscriptions-groupe-de-travail-ce-15-novembre-2018\/\",\"url\":\"https:\/\/snuipp86.fr\/index.php\/2018\/11\/13\/modification-des-circonscriptions-groupe-de-travail-ce-15-novembre-2018\/\",\"name\":\"Modification des circonscriptions : groupe de travail ce 15 novembre 2018 - FSU-SNUipp 86\",\"isPartOf\":{\"@id\":\"https:\/\/snuipp86.fr\/#website\"},\"primaryImageOfPage\":{\"@id\":\"https:\/\/snuipp86.fr\/index.php\/2018\/11\/13\/modification-des-circonscriptions-groupe-de-travail-ce-15-novembre-2018\/#primaryimage\"},\"image\":{\"@id\":\"https:\/\/snuipp86.fr\/index.php\/2018\/11\/13\/modification-des-circonscriptions-groupe-de-travail-ce-15-novembre-2018\/#primaryimage\"},\"thumbnailUrl\":\"http:\/\/snuipp86.fr\/wp-content\/spip\/IMG\/arton4178.jpg\",\"datePublished\":\"2018-11-13T16:08:16+00:00\",\"author\":{\"@id\":\"https:\/\/snuipp86.fr\/#\/schema\/person\/901b28b9ae1c7a63a6a940102e52a7a2\"},\"breadcrumb\":{\"@id\":\"https:\/\/snuipp86.fr\/index.php\/2018\/11\/13\/modification-des-circonscriptions-groupe-de-travail-ce-15-novembre-2018\/#breadcrumb\"},\"inLanguage\":\"fr-FR\",\"potentialAction\":[{\"@type\":\"ReadAction\",\"target\":[\"https:\/\/snuipp86.fr\/index.php\/2018\/11\/13\/modification-des-circonscriptions-groupe-de-travail-ce-15-novembre-2018\/\"]}]},{\"@type\":\"ImageObject\",\"inLanguage\":\"fr-FR\",\"@id\":\"https:\/\/snuipp86.fr\/index.php\/2018\/11\/13\/modification-des-circonscriptions-groupe-de-travail-ce-15-novembre-2018\/#primaryimage\",\"url\":\"http:\/\/snuipp86.fr\/wp-content\/spip\/IMG\/arton4178.jpg\",\"contentUrl\":\"http:\/\/snuipp86.fr\/wp-content\/spip\/IMG\/arton4178.jpg\"},{\"@type\":\"BreadcrumbList\",\"@id\":\"https:\/\/snuipp86.fr\/index.php\/2018\/11\/13\/modification-des-circonscriptions-groupe-de-travail-ce-15-novembre-2018\/#breadcrumb\",\"itemListElement\":[{\"@type\":\"ListItem\",\"position\":1,\"name\":\"Accueil\",\"item\":\"https:\/\/snuipp86.fr\/\"},{\"@type\":\"ListItem\",\"position\":2,\"name\":\"Modification des circonscriptions : groupe de travail ce 15 novembre 2018\"}]},{\"@type\":\"WebSite\",\"@id\":\"https:\/\/snuipp86.fr\/#website\",\"url\":\"https:\/\/snuipp86.fr\/\",\"name\":\"FSU-SNUipp 86\",\"description\":\"Des id\u00e9es qui font l&#039;\u00e9cole\",\"potentialAction\":[{\"@type\":\"SearchAction\",\"target\":{\"@type\":\"EntryPoint\",\"urlTemplate\":\"https:\/\/snuipp86.fr\/?s={search_term_string}\"},\"query-input\":{\"@type\":\"PropertyValueSpecification\",\"valueRequired\":true,\"valueName\":\"search_term_string\"}}],\"inLanguage\":\"fr-FR\"},{\"@type\":\"Person\",\"@id\":\"https:\/\/snuipp86.fr\/#\/schema\/person\/901b28b9ae1c7a63a6a940102e52a7a2\",\"name\":\"WP86Admin\",\"image\":{\"@type\":\"ImageObject\",\"inLanguage\":\"fr-FR\",\"@id\":\"https:\/\/snuipp86.fr\/#\/schema\/person\/image\/\",\"url\":\"https:\/\/secure.gravatar.com\/avatar\/0099845c7ec05dc10d777d8ab4f5142c5ba316283821af2459738ad469a37a1a?s=96&d=mm&r=g\",\"contentUrl\":\"https:\/\/secure.gravatar.com\/avatar\/0099845c7ec05dc10d777d8ab4f5142c5ba316283821af2459738ad469a37a1a?s=96&d=mm&r=g\",\"caption\":\"WP86Admin\"},\"url\":\"https:\/\/snuipp86.fr\/index.php\/author\/wp86admin\/\"}]}<\/script>\n<!-- \/ Yoast SEO plugin. -->","yoast_head_json":{"title":"Modification des circonscriptions : groupe de travail ce 15 novembre 2018 - FSU-SNUipp 86","robots":{"index":"index","follow":"follow","max-snippet":"max-snippet:-1","max-image-preview":"max-image-preview:large","max-video-preview":"max-video-preview:-1"},"canonical":"https:\/\/snuipp86.fr\/index.php\/2018\/11\/13\/modification-des-circonscriptions-groupe-de-travail-ce-15-novembre-2018\/","og_locale":"fr_FR","og_type":"article","og_title":"Modification des circonscriptions : groupe de travail ce 15 novembre 2018 - FSU-SNUipp 86","og_description":"Les circonscriptions doivent changer \u00e0 la rentr\u00e9e 2019, l'IA a pr\u00e9vu un groupe de travail ce jeudi 15 novembre apr\u00e8m sur les postes qui seraient impact\u00e9s et les \u00e9ventuelles d\u00e9cisions de carte scolaire qui en d\u00e9couleraient. Le SNUipp-FSU 86 portera l'ensemble des situations qui lui seront remont\u00e9es donc n'h\u00e9sitez pas \u00e0 nous faire part de tes remarques, questionnements, souhaits ... Ci-dessous, les modifs annonc\u00e9es et non encore officielles, car valid\u00e9es par l'IA et le recteur, mais pas (...) - Carte scolaire \/ Carte scolaire","og_url":"https:\/\/snuipp86.fr\/index.php\/2018\/11\/13\/modification-des-circonscriptions-groupe-de-travail-ce-15-novembre-2018\/","og_site_name":"FSU-SNUipp 86","article_published_time":"2018-11-13T16:08:16+00:00","og_image":[{"url":"http:\/\/snuipp86.fr\/wp-content\/spip\/IMG\/arton4178.jpg","type":"","width":"","height":""}],"author":"WP86Admin","twitter_card":"summary_large_image","twitter_misc":{"\u00c9crit par":"WP86Admin","Dur\u00e9e de lecture estim\u00e9e":"2 minutes"},"schema":{"@context":"https:\/\/schema.org","@graph":[{"@type":"WebPage","@id":"https:\/\/snuipp86.fr\/index.php\/2018\/11\/13\/modification-des-circonscriptions-groupe-de-travail-ce-15-novembre-2018\/","url":"https:\/\/snuipp86.fr\/index.php\/2018\/11\/13\/modification-des-circonscriptions-groupe-de-travail-ce-15-novembre-2018\/","name":"Modification des circonscriptions : groupe de travail ce 15 novembre 2018 - FSU-SNUipp 86","isPartOf":{"@id":"https:\/\/snuipp86.fr\/#website"},"primaryImageOfPage":{"@id":"https:\/\/snuipp86.fr\/index.php\/2018\/11\/13\/modification-des-circonscriptions-groupe-de-travail-ce-15-novembre-2018\/#primaryimage"},"image":{"@id":"https:\/\/snuipp86.fr\/index.php\/2018\/11\/13\/modification-des-circonscriptions-groupe-de-travail-ce-15-novembre-2018\/#primaryimage"},"thumbnailUrl":"http:\/\/snuipp86.fr\/wp-content\/spip\/IMG\/arton4178.jpg","datePublished":"2018-11-13T16:08:16+00:00","author":{"@id":"https:\/\/snuipp86.fr\/#\/schema\/person\/901b28b9ae1c7a63a6a940102e52a7a2"},"breadcrumb":{"@id":"https:\/\/snuipp86.fr\/index.php\/2018\/11\/13\/modification-des-circonscriptions-groupe-de-travail-ce-15-novembre-2018\/#breadcrumb"},"inLanguage":"fr-FR","potentialAction":[{"@type":"ReadAction","target":["https:\/\/snuipp86.fr\/index.php\/2018\/11\/13\/modification-des-circonscriptions-groupe-de-travail-ce-15-novembre-2018\/"]}]},{"@type":"ImageObject","inLanguage":"fr-FR","@id":"https:\/\/snuipp86.fr\/index.php\/2018\/11\/13\/modification-des-circonscriptions-groupe-de-travail-ce-15-novembre-2018\/#primaryimage","url":"http:\/\/snuipp86.fr\/wp-content\/spip\/IMG\/arton4178.jpg","contentUrl":"http:\/\/snuipp86.fr\/wp-content\/spip\/IMG\/arton4178.jpg"},{"@type":"BreadcrumbList","@id":"https:\/\/snuipp86.fr\/index.php\/2018\/11\/13\/modification-des-circonscriptions-groupe-de-travail-ce-15-novembre-2018\/#breadcrumb","itemListElement":[{"@type":"ListItem","position":1,"name":"Accueil","item":"https:\/\/snuipp86.fr\/"},{"@type":"ListItem","position":2,"name":"Modification des circonscriptions : groupe de travail ce 15 novembre 2018"}]},{"@type":"WebSite","@id":"https:\/\/snuipp86.fr\/#website","url":"https:\/\/snuipp86.fr\/","name":"FSU-SNUipp 86","description":"Des id\u00e9es qui font l&#039;\u00e9cole","potentialAction":[{"@type":"SearchAction","target":{"@type":"EntryPoint","urlTemplate":"https:\/\/snuipp86.fr\/?s={search_term_string}"},"query-input":{"@type":"PropertyValueSpecification","valueRequired":true,"valueName":"search_term_string"}}],"inLanguage":"fr-FR"},{"@type":"Person","@id":"https:\/\/snuipp86.fr\/#\/schema\/person\/901b28b9ae1c7a63a6a940102e52a7a2","name":"WP86Admin","image":{"@type":"ImageObject","inLanguage":"fr-FR","@id":"https:\/\/snuipp86.fr\/#\/schema\/person\/image\/","url":"https:\/\/secure.gravatar.com\/avatar\/0099845c7ec05dc10d777d8ab4f5142c5ba316283821af2459738ad469a37a1a?s=96&d=mm&r=g","contentUrl":"https:\/\/secure.gravatar.com\/avatar\/0099845c7ec05dc10d777d8ab4f5142c5ba316283821af2459738ad469a37a1a?s=96&d=mm&r=g","caption":"WP86Admin"},"url":"https:\/\/snuipp86.fr\/index.php\/author\/wp86admin\/"}]}},"_links":{"self":[{"href":"https:\/\/snuipp86.fr\/index.php\/wp-json\/wp\/v2\/posts\/92","targetHints":{"allow":["GET"]}}],"collection":[{"href":"https:\/\/snuipp86.fr\/index.php\/wp-json\/wp\/v2\/posts"}],"about":[{"href":"https:\/\/snuipp86.fr\/index.php\/wp-json\/wp\/v2\/types\/post"}],"author":[{"embeddable":true,"href":"https:\/\/snuipp86.fr\/index.php\/wp-json\/wp\/v2\/users\/1"}],"replies":[{"embeddable":true,"href":"https:\/\/snuipp86.fr\/index.php\/wp-json\/wp\/v2\/comments?post=92"}],"version-history":[{"count":0,"href":"https:\/\/snuipp86.fr\/index.php\/wp-json\/wp\/v2\/posts\/92\/revisions"}],"wp:attachment":[{"href":"https:\/\/snuipp86.fr\/index.php\/wp-json\/wp\/v2\/media?parent=92"}],"wp:term":[{"taxonomy":"category","embeddable":true,"href":"https:\/\/snuipp86.fr\/index.php\/wp-json\/wp\/v2\/categories?post=92"},{"taxonomy":"post_tag","embeddable":true,"href":"https:\/\/snuipp86.fr\/index.php\/wp-json\/wp\/v2\/tags?post=92"}],"curies":[{"name":"wp","href":"https:\/\/api.w.org\/{rel}","templated":true}]}}