{"id":945,"date":"2014-06-19T17:13:00","date_gmt":"2014-06-19T17:13:00","guid":{"rendered":"http:\/\/localhost\/wordpress\/2014\/06\/19\/direction-simplification-administrative-en-vue\/"},"modified":"2014-06-19T17:13:00","modified_gmt":"2014-06-19T17:13:00","slug":"direction-simplification-administrative-en-vue","status":"publish","type":"post","link":"https:\/\/snuipp86.fr\/index.php\/2014\/06\/19\/direction-simplification-administrative-en-vue\/","title":{"rendered":"Direction : simplification administrative en vue ?"},"content":{"rendered":"<p><img decoding=\"async\" src=\"https:\/\/snuipp86.fr\/wp-content\/spip\/IMG\/arton2679.jpg\" alt=\"\" align=\"right\" width=\"300\" height=\"225\" class=\"spip_logos\" \/><\/p>\n<div class='rss_texte'>\n<p class=\"spip\"><strong class=\"spip\"><br \/>\nUn premier groupe de travail sur la simplification des t\u00e2ches administratives pour la direction d&rsquo;\u00e9cole se tiendra le 27 juin prochain. Il est grand temps, pour des mesures qui doivent \u00eatre effectives d\u00e8s la rentr\u00e9e prochaine.<\/strong><\/p>\n<p class=\"spip\">Le minist\u00e8re vient enfin de programmer le groupe de travail sur la simplification des t\u00e2ches administratives li\u00e9es \u00e0 la direction d&rsquo;\u00e9cole. La premi\u00e8re r\u00e9union aura lieu le 27 juin avec l&rsquo;objectif de d\u00e9boucher sur des mesures effectives d\u00e8s la rentr\u00e9e 2014. D&rsquo;autres dispositions d&rsquo;all\u00e9gement sont attendues et le travail se poursuivra sur l&rsquo;ann\u00e9e 2014-2015 au niveau d\u00e9partemental comme national. \u00c0 cet effet, un calendrier de travail devrait \u00eatre pr\u00e9sent\u00e9 par le minist\u00e8re.<\/p>\n<h3 class=\"spip\" id=\"outil_sommaire_0\"><a title=\"Sommaire\" href=\"http:\/\/86.snuipp.fr\/spip.php?page=backend&#038;id_rubrique=#outil_sommaire\" class=\"sommaire_ancre\"> <\/a>Des engagements minist\u00e9riels \u00e0 concr\u00e9tiser<\/h3>\n<p class=\"spip\">Tout reste donc \u00e0 faire sur ce dossier laiss\u00e9 en suspens depuis janvier dernier mais que le SNUipp-FSU a r\u00e9activ\u00e9 en alertant directement le ministre. Beaucoup de temps a \u00e9t\u00e9 perdu alors que des mesures concr\u00e8tes sont attendues d\u00e8s la rentr\u00e9e. Pour le syndicat, il s&rsquo;agit de respecter l&rsquo;engagement inscrit dans les fiches m\u00e9tiers \u00e0 savoir \u00ab all\u00e9ger ces t\u00e2ches [administratives] soit en les simplifiant, soit en les supprimant \u00bb. C&rsquo;est en poursuivant ces objectifs que le SNUipp-FSU va avancer dans les discussions.<a href=\"http:\/\/www.snuipp.fr\/IMG\/pdf\/Allegement_des_taches_administratives.pdf\" class=\"spip_out\"> D&rsquo;ores et d\u00e9j\u00e0, il a r\u00e9pertori\u00e9 un certain nombre de t\u00e2ches qui doivent faire l&rsquo;objet de mesures significatives de simplification, de suppression ou de modification<\/a> : Base \u00e9l\u00e8ves, fichier centralis\u00e9 dont la gestion est lourde et peu ergonomique, courriels redondants, sollicitations et enqu\u00eates administratives (tableaux de bord 108H, AFFELNET, format impos\u00e9 des projets d&rsquo;\u00e9cole, documents \u00e0 imprimer sur les cr\u00e9dits p\u00e9dagogiques de l&rsquo;\u00e9cole, logiciels incompatibles&#8230;)<\/p>\n<p class=\"spip\">Dans un contexte marqu\u00e9 par des r\u00e9ponses insuffisantes en termes de d\u00e9charges et de pr\u00e9carit\u00e9 de l&rsquo;aide administrative, l&rsquo;all\u00e9gement des t\u00e2ches administratives est indispensable pour permettre aux directrices et aux directeurs de se consacrer enfin aux missions d&rsquo;animation p\u00e9dagogique. Dans le cas contraire, le SNUipp a averti le ministre qu&rsquo;il lancerait avec et pour les directeurs sa propre consigne de simplification administrative.<\/p>\n<h3 class=\"spip\" id=\"outil_sommaire_1\"><a title=\"Sommaire\" href=\"http:\/\/86.snuipp.fr\/spip.php?page=backend&#038;id_rubrique=#outil_sommaire\" class=\"sommaire_ancre\"> <\/a>D\u00e9charge de service et revalorisation indemnitaire<\/h3>\n<p class=\"spip\">D&rsquo;autre part, le SNUipp a interpell\u00e9 le minist\u00e8re pour que les timides premi\u00e8res mesures sur les d\u00e9charges de service et la revalorisation indemnitaire, act\u00e9es en janvier, soient bien mises en \u0153uvre \u00e0 la rentr\u00e9e. Il a obtenu qu&rsquo;un texte paraisse d&rsquo;ici juillet et que des indications soient donn\u00e9es officiellement aux Inspections acad\u00e9miques pour une application d\u00e8s septembre.<\/p>\n<p class=\"spip\"><strong class=\"spip\"><br \/>\nPour rappel : mesures rentr\u00e9e 2014 sur la direction<\/strong><\/p>\n<p class=\"spip\">1) Volume de d\u00e9charge passant de 2 \u00e0 4 journ\u00e9es par an pour les directions de 1 \u00e0 3 classes<\/p>\n<p class=\"spip\">2) Exon\u00e9ration de l&rsquo;APC (6h pour 1 \u00e0 2 classes, 18h pour 3 et 4 classes, 36h \u00e0 partir de 5 classes)<\/p>\n<p class=\"spip\">3) Revalorisation de l&rsquo;indemnit\u00e9 (ISS)<\/p>\n<p class=\"spip\"><img decoding=\"async\" src=\"https:\/\/snuipp86.fr\/wp-content\/spip\/cache-vignettes\/L8xH11\/puce-68c92.gif\" width='8' height='11' alt=\"-\" style='height:11px;width:8px;' class='' \/> de 300 \u00e0 500 euros de 1 \u00e0 3 classes<br \/>\n<br \/><img decoding=\"async\" src=\"https:\/\/snuipp86.fr\/wp-content\/spip\/cache-vignettes\/L8xH11\/puce-68c92.gif\" width='8' height='11' alt=\"-\" style='height:11px;width:8px;' class='' \/> de 300 \u00e0 700 euros pour 4 classes<br \/>\n<br \/><img decoding=\"async\" src=\"https:\/\/snuipp86.fr\/wp-content\/spip\/cache-vignettes\/L8xH11\/puce-68c92.gif\" width='8' height='11' alt=\"-\" style='height:11px;width:8px;' class='' \/> de 600 \u00e0 700 euros pour 5 \u00e0 9 classes<\/p>\n<p class=\"spip\">Lire :<\/p>\n<p class=\"spip\"><img decoding=\"async\" src=\"https:\/\/snuipp86.fr\/wp-content\/spip\/cache-vignettes\/L8xH11\/puce-68c92.gif\" width='8' height='11' alt=\"-\" style='height:11px;width:8px;' class='' \/> l<a href=\"http:\/\/www.snuipp.fr\/IMG\/pdf\/Allegement_des_taches_administratives.pdf\" class=\"spip_out\">es propositions du SNUipp-FSU en mati\u00e8re de simplification<\/a><\/p>\n<\/div>\n","protected":false},"excerpt":{"rendered":"<p>Un premier groupe de travail sur la simplification des t\u00e2ches administratives pour la direction d&rsquo;\u00e9cole se tiendra le 27 juin prochain. Il est grand temps, pour des mesures qui doivent \u00eatre effectives d\u00e8s la rentr\u00e9e prochaine. <br \/>Le minist\u00e8re vient enfin de programmer le groupe de travail sur la simplification des t\u00e2ches administratives li\u00e9es \u00e0 la direction d&rsquo;\u00e9cole. La premi\u00e8re r\u00e9union aura lieu le 27 juin avec l&rsquo;objectif de d\u00e9boucher sur des mesures effectives d\u00e8s la (&#8230;)<br \/>\n&#8211;<br \/>\n<a href=\"http:\/\/86.snuipp.fr\/spip.php?rubrique296\" rel=\"directory\">Directions d&rsquo;\u00e9coles<\/a><br \/>\n\/<br \/>\n<a href=\"http:\/\/86.snuipp.fr\/spip.php?mot303\" rel=\"tag\">Directions d&rsquo;\u00e9coles<\/a>,<br \/>\n<a href=\"http:\/\/86.snuipp.fr\/spip.php?mot310\" rel=\"tag\">Les r\u00e9formes<\/a><\/p>\n","protected":false},"author":1,"featured_media":0,"comment_status":"open","ping_status":"open","sticky":false,"template":"","format":"standard","meta":{"footnotes":""},"categories":[14],"tags":[],"class_list":["post-945","post","type-post","status-publish","format-standard","hentry","category-a-la-une"],"yoast_head":"<!-- This site is optimized with the Yoast SEO plugin v26.6 - https:\/\/yoast.com\/wordpress\/plugins\/seo\/ -->\n<title>Direction : simplification administrative en vue ? - FSU-SNUipp 86<\/title>\n<meta name=\"robots\" content=\"index, follow, max-snippet:-1, max-image-preview:large, max-video-preview:-1\" \/>\n<link rel=\"canonical\" href=\"https:\/\/snuipp86.fr\/index.php\/2014\/06\/19\/direction-simplification-administrative-en-vue\/\" \/>\n<meta property=\"og:locale\" content=\"fr_FR\" \/>\n<meta property=\"og:type\" content=\"article\" \/>\n<meta property=\"og:title\" content=\"Direction : simplification administrative en vue ? - FSU-SNUipp 86\" \/>\n<meta property=\"og:description\" content=\"Un premier groupe de travail sur la simplification des t\u00e2ches administratives pour la direction d&#039;\u00e9cole se tiendra le 27 juin prochain. Il est grand temps, pour des mesures qui doivent \u00eatre effectives d\u00e8s la rentr\u00e9e prochaine. Le minist\u00e8re vient enfin de programmer le groupe de travail sur la simplification des t\u00e2ches administratives li\u00e9es \u00e0 la direction d&#039;\u00e9cole. La premi\u00e8re r\u00e9union aura lieu le 27 juin avec l&#039;objectif de d\u00e9boucher sur des mesures effectives d\u00e8s la (...) - Directions d&#039;\u00e9coles \/ Directions d&#039;\u00e9coles, Les r\u00e9formes\" \/>\n<meta property=\"og:url\" content=\"https:\/\/snuipp86.fr\/index.php\/2014\/06\/19\/direction-simplification-administrative-en-vue\/\" \/>\n<meta property=\"og:site_name\" content=\"FSU-SNUipp 86\" \/>\n<meta property=\"article:published_time\" content=\"2014-06-19T17:13:00+00:00\" \/>\n<meta property=\"og:image\" content=\"http:\/\/snuipp86.fr\/wp-content\/spip\/IMG\/arton2679.jpg\" \/>\n<meta name=\"author\" content=\"WP86Admin\" \/>\n<meta name=\"twitter:card\" content=\"summary_large_image\" \/>\n<meta name=\"twitter:label1\" content=\"\u00c9crit par\" \/>\n\t<meta name=\"twitter:data1\" content=\"WP86Admin\" \/>\n\t<meta name=\"twitter:label2\" content=\"Dur\u00e9e de lecture estim\u00e9e\" \/>\n\t<meta name=\"twitter:data2\" content=\"2 minutes\" \/>\n<script type=\"application\/ld+json\" class=\"yoast-schema-graph\">{\"@context\":\"https:\/\/schema.org\",\"@graph\":[{\"@type\":\"WebPage\",\"@id\":\"https:\/\/snuipp86.fr\/index.php\/2014\/06\/19\/direction-simplification-administrative-en-vue\/\",\"url\":\"https:\/\/snuipp86.fr\/index.php\/2014\/06\/19\/direction-simplification-administrative-en-vue\/\",\"name\":\"Direction : simplification administrative en vue ? - FSU-SNUipp 86\",\"isPartOf\":{\"@id\":\"https:\/\/snuipp86.fr\/#website\"},\"primaryImageOfPage\":{\"@id\":\"https:\/\/snuipp86.fr\/index.php\/2014\/06\/19\/direction-simplification-administrative-en-vue\/#primaryimage\"},\"image\":{\"@id\":\"https:\/\/snuipp86.fr\/index.php\/2014\/06\/19\/direction-simplification-administrative-en-vue\/#primaryimage\"},\"thumbnailUrl\":\"http:\/\/snuipp86.fr\/wp-content\/spip\/IMG\/arton2679.jpg\",\"datePublished\":\"2014-06-19T17:13:00+00:00\",\"author\":{\"@id\":\"https:\/\/snuipp86.fr\/#\/schema\/person\/901b28b9ae1c7a63a6a940102e52a7a2\"},\"breadcrumb\":{\"@id\":\"https:\/\/snuipp86.fr\/index.php\/2014\/06\/19\/direction-simplification-administrative-en-vue\/#breadcrumb\"},\"inLanguage\":\"fr-FR\",\"potentialAction\":[{\"@type\":\"ReadAction\",\"target\":[\"https:\/\/snuipp86.fr\/index.php\/2014\/06\/19\/direction-simplification-administrative-en-vue\/\"]}]},{\"@type\":\"ImageObject\",\"inLanguage\":\"fr-FR\",\"@id\":\"https:\/\/snuipp86.fr\/index.php\/2014\/06\/19\/direction-simplification-administrative-en-vue\/#primaryimage\",\"url\":\"http:\/\/snuipp86.fr\/wp-content\/spip\/IMG\/arton2679.jpg\",\"contentUrl\":\"http:\/\/snuipp86.fr\/wp-content\/spip\/IMG\/arton2679.jpg\"},{\"@type\":\"BreadcrumbList\",\"@id\":\"https:\/\/snuipp86.fr\/index.php\/2014\/06\/19\/direction-simplification-administrative-en-vue\/#breadcrumb\",\"itemListElement\":[{\"@type\":\"ListItem\",\"position\":1,\"name\":\"Accueil\",\"item\":\"https:\/\/snuipp86.fr\/\"},{\"@type\":\"ListItem\",\"position\":2,\"name\":\"Direction : simplification administrative en vue ?\"}]},{\"@type\":\"WebSite\",\"@id\":\"https:\/\/snuipp86.fr\/#website\",\"url\":\"https:\/\/snuipp86.fr\/\",\"name\":\"FSU-SNUipp 86\",\"description\":\"Des id\u00e9es qui font l&#039;\u00e9cole\",\"potentialAction\":[{\"@type\":\"SearchAction\",\"target\":{\"@type\":\"EntryPoint\",\"urlTemplate\":\"https:\/\/snuipp86.fr\/?s={search_term_string}\"},\"query-input\":{\"@type\":\"PropertyValueSpecification\",\"valueRequired\":true,\"valueName\":\"search_term_string\"}}],\"inLanguage\":\"fr-FR\"},{\"@type\":\"Person\",\"@id\":\"https:\/\/snuipp86.fr\/#\/schema\/person\/901b28b9ae1c7a63a6a940102e52a7a2\",\"name\":\"WP86Admin\",\"image\":{\"@type\":\"ImageObject\",\"inLanguage\":\"fr-FR\",\"@id\":\"https:\/\/snuipp86.fr\/#\/schema\/person\/image\/\",\"url\":\"https:\/\/secure.gravatar.com\/avatar\/0099845c7ec05dc10d777d8ab4f5142c5ba316283821af2459738ad469a37a1a?s=96&d=mm&r=g\",\"contentUrl\":\"https:\/\/secure.gravatar.com\/avatar\/0099845c7ec05dc10d777d8ab4f5142c5ba316283821af2459738ad469a37a1a?s=96&d=mm&r=g\",\"caption\":\"WP86Admin\"},\"url\":\"https:\/\/snuipp86.fr\/index.php\/author\/wp86admin\/\"}]}<\/script>\n<!-- \/ Yoast SEO plugin. -->","yoast_head_json":{"title":"Direction : simplification administrative en vue ? - FSU-SNUipp 86","robots":{"index":"index","follow":"follow","max-snippet":"max-snippet:-1","max-image-preview":"max-image-preview:large","max-video-preview":"max-video-preview:-1"},"canonical":"https:\/\/snuipp86.fr\/index.php\/2014\/06\/19\/direction-simplification-administrative-en-vue\/","og_locale":"fr_FR","og_type":"article","og_title":"Direction : simplification administrative en vue ? - FSU-SNUipp 86","og_description":"Un premier groupe de travail sur la simplification des t\u00e2ches administratives pour la direction d'\u00e9cole se tiendra le 27 juin prochain. Il est grand temps, pour des mesures qui doivent \u00eatre effectives d\u00e8s la rentr\u00e9e prochaine. Le minist\u00e8re vient enfin de programmer le groupe de travail sur la simplification des t\u00e2ches administratives li\u00e9es \u00e0 la direction d'\u00e9cole. La premi\u00e8re r\u00e9union aura lieu le 27 juin avec l'objectif de d\u00e9boucher sur des mesures effectives d\u00e8s la (...) - Directions d'\u00e9coles \/ Directions d'\u00e9coles, Les r\u00e9formes","og_url":"https:\/\/snuipp86.fr\/index.php\/2014\/06\/19\/direction-simplification-administrative-en-vue\/","og_site_name":"FSU-SNUipp 86","article_published_time":"2014-06-19T17:13:00+00:00","og_image":[{"url":"http:\/\/snuipp86.fr\/wp-content\/spip\/IMG\/arton2679.jpg","type":"","width":"","height":""}],"author":"WP86Admin","twitter_card":"summary_large_image","twitter_misc":{"\u00c9crit par":"WP86Admin","Dur\u00e9e de lecture estim\u00e9e":"2 minutes"},"schema":{"@context":"https:\/\/schema.org","@graph":[{"@type":"WebPage","@id":"https:\/\/snuipp86.fr\/index.php\/2014\/06\/19\/direction-simplification-administrative-en-vue\/","url":"https:\/\/snuipp86.fr\/index.php\/2014\/06\/19\/direction-simplification-administrative-en-vue\/","name":"Direction : simplification administrative en vue ? - FSU-SNUipp 86","isPartOf":{"@id":"https:\/\/snuipp86.fr\/#website"},"primaryImageOfPage":{"@id":"https:\/\/snuipp86.fr\/index.php\/2014\/06\/19\/direction-simplification-administrative-en-vue\/#primaryimage"},"image":{"@id":"https:\/\/snuipp86.fr\/index.php\/2014\/06\/19\/direction-simplification-administrative-en-vue\/#primaryimage"},"thumbnailUrl":"http:\/\/snuipp86.fr\/wp-content\/spip\/IMG\/arton2679.jpg","datePublished":"2014-06-19T17:13:00+00:00","author":{"@id":"https:\/\/snuipp86.fr\/#\/schema\/person\/901b28b9ae1c7a63a6a940102e52a7a2"},"breadcrumb":{"@id":"https:\/\/snuipp86.fr\/index.php\/2014\/06\/19\/direction-simplification-administrative-en-vue\/#breadcrumb"},"inLanguage":"fr-FR","potentialAction":[{"@type":"ReadAction","target":["https:\/\/snuipp86.fr\/index.php\/2014\/06\/19\/direction-simplification-administrative-en-vue\/"]}]},{"@type":"ImageObject","inLanguage":"fr-FR","@id":"https:\/\/snuipp86.fr\/index.php\/2014\/06\/19\/direction-simplification-administrative-en-vue\/#primaryimage","url":"http:\/\/snuipp86.fr\/wp-content\/spip\/IMG\/arton2679.jpg","contentUrl":"http:\/\/snuipp86.fr\/wp-content\/spip\/IMG\/arton2679.jpg"},{"@type":"BreadcrumbList","@id":"https:\/\/snuipp86.fr\/index.php\/2014\/06\/19\/direction-simplification-administrative-en-vue\/#breadcrumb","itemListElement":[{"@type":"ListItem","position":1,"name":"Accueil","item":"https:\/\/snuipp86.fr\/"},{"@type":"ListItem","position":2,"name":"Direction : simplification administrative en vue ?"}]},{"@type":"WebSite","@id":"https:\/\/snuipp86.fr\/#website","url":"https:\/\/snuipp86.fr\/","name":"FSU-SNUipp 86","description":"Des id\u00e9es qui font l&#039;\u00e9cole","potentialAction":[{"@type":"SearchAction","target":{"@type":"EntryPoint","urlTemplate":"https:\/\/snuipp86.fr\/?s={search_term_string}"},"query-input":{"@type":"PropertyValueSpecification","valueRequired":true,"valueName":"search_term_string"}}],"inLanguage":"fr-FR"},{"@type":"Person","@id":"https:\/\/snuipp86.fr\/#\/schema\/person\/901b28b9ae1c7a63a6a940102e52a7a2","name":"WP86Admin","image":{"@type":"ImageObject","inLanguage":"fr-FR","@id":"https:\/\/snuipp86.fr\/#\/schema\/person\/image\/","url":"https:\/\/secure.gravatar.com\/avatar\/0099845c7ec05dc10d777d8ab4f5142c5ba316283821af2459738ad469a37a1a?s=96&d=mm&r=g","contentUrl":"https:\/\/secure.gravatar.com\/avatar\/0099845c7ec05dc10d777d8ab4f5142c5ba316283821af2459738ad469a37a1a?s=96&d=mm&r=g","caption":"WP86Admin"},"url":"https:\/\/snuipp86.fr\/index.php\/author\/wp86admin\/"}]}},"_links":{"self":[{"href":"https:\/\/snuipp86.fr\/index.php\/wp-json\/wp\/v2\/posts\/945","targetHints":{"allow":["GET"]}}],"collection":[{"href":"https:\/\/snuipp86.fr\/index.php\/wp-json\/wp\/v2\/posts"}],"about":[{"href":"https:\/\/snuipp86.fr\/index.php\/wp-json\/wp\/v2\/types\/post"}],"author":[{"embeddable":true,"href":"https:\/\/snuipp86.fr\/index.php\/wp-json\/wp\/v2\/users\/1"}],"replies":[{"embeddable":true,"href":"https:\/\/snuipp86.fr\/index.php\/wp-json\/wp\/v2\/comments?post=945"}],"version-history":[{"count":0,"href":"https:\/\/snuipp86.fr\/index.php\/wp-json\/wp\/v2\/posts\/945\/revisions"}],"wp:attachment":[{"href":"https:\/\/snuipp86.fr\/index.php\/wp-json\/wp\/v2\/media?parent=945"}],"wp:term":[{"taxonomy":"category","embeddable":true,"href":"https:\/\/snuipp86.fr\/index.php\/wp-json\/wp\/v2\/categories?post=945"},{"taxonomy":"post_tag","embeddable":true,"href":"https:\/\/snuipp86.fr\/index.php\/wp-json\/wp\/v2\/tags?post=945"}],"curies":[{"name":"wp","href":"https:\/\/api.w.org\/{rel}","templated":true}]}}