{"id":96,"date":"2018-10-25T17:15:10","date_gmt":"2018-10-25T17:15:10","guid":{"rendered":"http:\/\/localhost\/wordpress\/2018\/10\/25\/elections-appel-soutien-de-la-liste-du-snuipp-fsu-86\/"},"modified":"2018-10-25T17:15:10","modified_gmt":"2018-10-25T17:15:10","slug":"elections-appel-soutien-de-la-liste-du-snuipp-fsu-86","status":"publish","type":"post","link":"https:\/\/snuipp86.fr\/index.php\/2018\/10\/25\/elections-appel-soutien-de-la-liste-du-snuipp-fsu-86\/","title":{"rendered":"Elections : appel \u00e0 soutien de la liste du SNUipp-FSU 86"},"content":{"rendered":"<p><img decoding=\"async\" src=\"https:\/\/snuipp86.fr\/wp-content\/spip\/IMG\/arton4162.png\" alt=\"\" align=\"right\" width=\"858\" height=\"328\" class=\"spip_logos\" \/><\/p>\n<div class='rss_texte'>\n<dl class='spip_document_3772 spip_documents spip_documents_center' >\n<dt><img src='https:\/\/snuipp86.fr\/wp-content\/spip\/IMG\/png\/candidats86.png' width='520' height='199' alt='PNG - 487.4 ko' style='height:199px;width:520px;' class=' format_png' \/><\/dt>\n<dt class='spip_doc_titre' style='width:350px;'><strong>candidats86<\/strong><\/dt>\n<\/dl>\n<dl class='spip_document_3774 spip_documents spip_documents_center' >\n<dt><img src='https:\/\/snuipp86.fr\/wp-content\/spip\/cache-vignettes\/L265xH190\/vote-53a7a.png' width='265' height='190' alt='PNG - 12.1 ko' style='height:190px;width:265px;' class=' format_png' \/><\/dt>\n<dt class='spip_doc_titre' style='width:265px;'><strong>vote<\/strong><\/dt>\n<\/dl>\n<p class=\"spip\">Nous vous proposons de soutenir la liste du SNUipp-FSU 86 en appelant \u00e0 voter pour elle. La liste des coll\u00e8gues qui appellent \u00e0 voter sera publi\u00e9e dans le bulletin qui partira apr\u00e8s les vacances d&rsquo;automne.<br \/>\nMerci pour votre aide et votre soutien.<\/p>\n<p class=\"spip\">cliquer sur ce lien pour soutenir la liste : <a href=\"https:\/\/docs.google.com\/forms\/d\/e\/1FAIpQLSfHbxdbIpJHNjfu8ACVQHQhQzMWUfWXtbJoe9EOQFpmHybuKQ\/viewform?fbclid=IwAR1IAbPuR_GuHAutKhgmFfId0vvS1Tkmf6jyHnoyhWLM6fDw_BBgTuinvmA\" class=\"spip_out\">https:\/\/docs.google.com\/forms\/d\/e\/1FAIpQLSfHbxdbIpJHNjfu8ACVQHQhQzMWUfWXtbJoe9EOQFpmHybuKQ\/viewform ?fbclid=IwAR1IAbPuR_GuHAutKhgmFfId0vvS1Tkmf6jyHnoyhWLM6fDw_BBgTuinvmA<\/a><\/p>\n<\/div>\n","protected":false},"excerpt":{"rendered":"<p>Nous vous proposons de soutenir la liste du SNUipp-FSU 86 en appelant \u00e0 voter pour elle. La liste des coll\u00e8gues qui appellent \u00e0 voter sera publi\u00e9e dans le bulletin qui partira apr\u00e8s les vacances d&rsquo;automne. Merci pour votre aide et votre soutien. <br \/>cliquer sur ce lien pour soutenir la liste : https:\/\/docs.google.com\/forms\/d\/e\/1FAIpQLSfHbxdbIpJHNjfu8ACVQHQhQzMWUfWXtbJoe9EOQFpmHybuKQ\/viewform ?fbclid=IwAR1IAbPuR_GuHAutKhgmFfId0vvS1Tkmf6jyHnoyhWLM6fDw_BBgTuinvmA<br \/>\n&#8211;<br \/>\n<a href=\"http:\/\/86.snuipp.fr\/spip.php?rubrique316\" rel=\"directory\">Elections professionnelles 2018<\/a><br \/>\n\/<br \/>\n<a href=\"http:\/\/86.snuipp.fr\/spip.php?mot287\" rel=\"tag\">\u00e9lections<\/a><\/p>\n","protected":false},"author":1,"featured_media":0,"comment_status":"open","ping_status":"open","sticky":false,"template":"","format":"standard","meta":{"footnotes":""},"categories":[14],"tags":[],"class_list":["post-96","post","type-post","status-publish","format-standard","hentry","category-a-la-une"],"yoast_head":"<!-- This site is optimized with the Yoast SEO plugin v26.6 - https:\/\/yoast.com\/wordpress\/plugins\/seo\/ -->\n<title>Elections : appel \u00e0 soutien de la liste du SNUipp-FSU 86 - FSU-SNUipp 86<\/title>\n<meta name=\"robots\" content=\"index, follow, max-snippet:-1, max-image-preview:large, max-video-preview:-1\" \/>\n<link rel=\"canonical\" href=\"https:\/\/snuipp86.fr\/index.php\/2018\/10\/25\/elections-appel-soutien-de-la-liste-du-snuipp-fsu-86\/\" \/>\n<meta property=\"og:locale\" content=\"fr_FR\" \/>\n<meta property=\"og:type\" content=\"article\" \/>\n<meta property=\"og:title\" content=\"Elections : appel \u00e0 soutien de la liste du SNUipp-FSU 86 - FSU-SNUipp 86\" \/>\n<meta property=\"og:description\" content=\"Nous vous proposons de soutenir la liste du SNUipp-FSU 86 en appelant \u00e0 voter pour elle. La liste des coll\u00e8gues qui appellent \u00e0 voter sera publi\u00e9e dans le bulletin qui partira apr\u00e8s les vacances d&#039;automne. Merci pour votre aide et votre soutien. cliquer sur ce lien pour soutenir la liste : https:\/\/docs.google.com\/forms\/d\/e\/1FAIpQLSfHbxdbIpJHNjfu8ACVQHQhQzMWUfWXtbJoe9EOQFpmHybuKQ\/viewform ?fbclid=IwAR1IAbPuR_GuHAutKhgmFfId0vvS1Tkmf6jyHnoyhWLM6fDw_BBgTuinvmA - Elections professionnelles 2018 \/ \u00e9lections\" \/>\n<meta property=\"og:url\" content=\"https:\/\/snuipp86.fr\/index.php\/2018\/10\/25\/elections-appel-soutien-de-la-liste-du-snuipp-fsu-86\/\" \/>\n<meta property=\"og:site_name\" content=\"FSU-SNUipp 86\" \/>\n<meta property=\"article:published_time\" content=\"2018-10-25T17:15:10+00:00\" \/>\n<meta property=\"og:image\" content=\"http:\/\/snuipp86.fr\/wp-content\/spip\/IMG\/arton4162.png\" \/>\n<meta name=\"author\" content=\"WP86Admin\" \/>\n<meta name=\"twitter:card\" content=\"summary_large_image\" \/>\n<meta name=\"twitter:label1\" content=\"\u00c9crit par\" \/>\n\t<meta name=\"twitter:data1\" content=\"WP86Admin\" \/>\n<script type=\"application\/ld+json\" class=\"yoast-schema-graph\">{\"@context\":\"https:\/\/schema.org\",\"@graph\":[{\"@type\":\"WebPage\",\"@id\":\"https:\/\/snuipp86.fr\/index.php\/2018\/10\/25\/elections-appel-soutien-de-la-liste-du-snuipp-fsu-86\/\",\"url\":\"https:\/\/snuipp86.fr\/index.php\/2018\/10\/25\/elections-appel-soutien-de-la-liste-du-snuipp-fsu-86\/\",\"name\":\"Elections : appel \u00e0 soutien de la liste du SNUipp-FSU 86 - FSU-SNUipp 86\",\"isPartOf\":{\"@id\":\"https:\/\/snuipp86.fr\/#website\"},\"primaryImageOfPage\":{\"@id\":\"https:\/\/snuipp86.fr\/index.php\/2018\/10\/25\/elections-appel-soutien-de-la-liste-du-snuipp-fsu-86\/#primaryimage\"},\"image\":{\"@id\":\"https:\/\/snuipp86.fr\/index.php\/2018\/10\/25\/elections-appel-soutien-de-la-liste-du-snuipp-fsu-86\/#primaryimage\"},\"thumbnailUrl\":\"http:\/\/snuipp86.fr\/wp-content\/spip\/IMG\/arton4162.png\",\"datePublished\":\"2018-10-25T17:15:10+00:00\",\"author\":{\"@id\":\"https:\/\/snuipp86.fr\/#\/schema\/person\/901b28b9ae1c7a63a6a940102e52a7a2\"},\"breadcrumb\":{\"@id\":\"https:\/\/snuipp86.fr\/index.php\/2018\/10\/25\/elections-appel-soutien-de-la-liste-du-snuipp-fsu-86\/#breadcrumb\"},\"inLanguage\":\"fr-FR\",\"potentialAction\":[{\"@type\":\"ReadAction\",\"target\":[\"https:\/\/snuipp86.fr\/index.php\/2018\/10\/25\/elections-appel-soutien-de-la-liste-du-snuipp-fsu-86\/\"]}]},{\"@type\":\"ImageObject\",\"inLanguage\":\"fr-FR\",\"@id\":\"https:\/\/snuipp86.fr\/index.php\/2018\/10\/25\/elections-appel-soutien-de-la-liste-du-snuipp-fsu-86\/#primaryimage\",\"url\":\"http:\/\/snuipp86.fr\/wp-content\/spip\/IMG\/arton4162.png\",\"contentUrl\":\"http:\/\/snuipp86.fr\/wp-content\/spip\/IMG\/arton4162.png\"},{\"@type\":\"BreadcrumbList\",\"@id\":\"https:\/\/snuipp86.fr\/index.php\/2018\/10\/25\/elections-appel-soutien-de-la-liste-du-snuipp-fsu-86\/#breadcrumb\",\"itemListElement\":[{\"@type\":\"ListItem\",\"position\":1,\"name\":\"Accueil\",\"item\":\"https:\/\/snuipp86.fr\/\"},{\"@type\":\"ListItem\",\"position\":2,\"name\":\"Elections : appel \u00e0 soutien de la liste du SNUipp-FSU 86\"}]},{\"@type\":\"WebSite\",\"@id\":\"https:\/\/snuipp86.fr\/#website\",\"url\":\"https:\/\/snuipp86.fr\/\",\"name\":\"FSU-SNUipp 86\",\"description\":\"Des id\u00e9es qui font l&#039;\u00e9cole\",\"potentialAction\":[{\"@type\":\"SearchAction\",\"target\":{\"@type\":\"EntryPoint\",\"urlTemplate\":\"https:\/\/snuipp86.fr\/?s={search_term_string}\"},\"query-input\":{\"@type\":\"PropertyValueSpecification\",\"valueRequired\":true,\"valueName\":\"search_term_string\"}}],\"inLanguage\":\"fr-FR\"},{\"@type\":\"Person\",\"@id\":\"https:\/\/snuipp86.fr\/#\/schema\/person\/901b28b9ae1c7a63a6a940102e52a7a2\",\"name\":\"WP86Admin\",\"image\":{\"@type\":\"ImageObject\",\"inLanguage\":\"fr-FR\",\"@id\":\"https:\/\/snuipp86.fr\/#\/schema\/person\/image\/\",\"url\":\"https:\/\/secure.gravatar.com\/avatar\/0099845c7ec05dc10d777d8ab4f5142c5ba316283821af2459738ad469a37a1a?s=96&d=mm&r=g\",\"contentUrl\":\"https:\/\/secure.gravatar.com\/avatar\/0099845c7ec05dc10d777d8ab4f5142c5ba316283821af2459738ad469a37a1a?s=96&d=mm&r=g\",\"caption\":\"WP86Admin\"},\"url\":\"https:\/\/snuipp86.fr\/index.php\/author\/wp86admin\/\"}]}<\/script>\n<!-- \/ Yoast SEO plugin. -->","yoast_head_json":{"title":"Elections : appel \u00e0 soutien de la liste du SNUipp-FSU 86 - FSU-SNUipp 86","robots":{"index":"index","follow":"follow","max-snippet":"max-snippet:-1","max-image-preview":"max-image-preview:large","max-video-preview":"max-video-preview:-1"},"canonical":"https:\/\/snuipp86.fr\/index.php\/2018\/10\/25\/elections-appel-soutien-de-la-liste-du-snuipp-fsu-86\/","og_locale":"fr_FR","og_type":"article","og_title":"Elections : appel \u00e0 soutien de la liste du SNUipp-FSU 86 - FSU-SNUipp 86","og_description":"Nous vous proposons de soutenir la liste du SNUipp-FSU 86 en appelant \u00e0 voter pour elle. La liste des coll\u00e8gues qui appellent \u00e0 voter sera publi\u00e9e dans le bulletin qui partira apr\u00e8s les vacances d'automne. Merci pour votre aide et votre soutien. cliquer sur ce lien pour soutenir la liste : https:\/\/docs.google.com\/forms\/d\/e\/1FAIpQLSfHbxdbIpJHNjfu8ACVQHQhQzMWUfWXtbJoe9EOQFpmHybuKQ\/viewform ?fbclid=IwAR1IAbPuR_GuHAutKhgmFfId0vvS1Tkmf6jyHnoyhWLM6fDw_BBgTuinvmA - Elections professionnelles 2018 \/ \u00e9lections","og_url":"https:\/\/snuipp86.fr\/index.php\/2018\/10\/25\/elections-appel-soutien-de-la-liste-du-snuipp-fsu-86\/","og_site_name":"FSU-SNUipp 86","article_published_time":"2018-10-25T17:15:10+00:00","og_image":[{"url":"http:\/\/snuipp86.fr\/wp-content\/spip\/IMG\/arton4162.png","type":"","width":"","height":""}],"author":"WP86Admin","twitter_card":"summary_large_image","twitter_misc":{"\u00c9crit par":"WP86Admin"},"schema":{"@context":"https:\/\/schema.org","@graph":[{"@type":"WebPage","@id":"https:\/\/snuipp86.fr\/index.php\/2018\/10\/25\/elections-appel-soutien-de-la-liste-du-snuipp-fsu-86\/","url":"https:\/\/snuipp86.fr\/index.php\/2018\/10\/25\/elections-appel-soutien-de-la-liste-du-snuipp-fsu-86\/","name":"Elections : appel \u00e0 soutien de la liste du SNUipp-FSU 86 - FSU-SNUipp 86","isPartOf":{"@id":"https:\/\/snuipp86.fr\/#website"},"primaryImageOfPage":{"@id":"https:\/\/snuipp86.fr\/index.php\/2018\/10\/25\/elections-appel-soutien-de-la-liste-du-snuipp-fsu-86\/#primaryimage"},"image":{"@id":"https:\/\/snuipp86.fr\/index.php\/2018\/10\/25\/elections-appel-soutien-de-la-liste-du-snuipp-fsu-86\/#primaryimage"},"thumbnailUrl":"http:\/\/snuipp86.fr\/wp-content\/spip\/IMG\/arton4162.png","datePublished":"2018-10-25T17:15:10+00:00","author":{"@id":"https:\/\/snuipp86.fr\/#\/schema\/person\/901b28b9ae1c7a63a6a940102e52a7a2"},"breadcrumb":{"@id":"https:\/\/snuipp86.fr\/index.php\/2018\/10\/25\/elections-appel-soutien-de-la-liste-du-snuipp-fsu-86\/#breadcrumb"},"inLanguage":"fr-FR","potentialAction":[{"@type":"ReadAction","target":["https:\/\/snuipp86.fr\/index.php\/2018\/10\/25\/elections-appel-soutien-de-la-liste-du-snuipp-fsu-86\/"]}]},{"@type":"ImageObject","inLanguage":"fr-FR","@id":"https:\/\/snuipp86.fr\/index.php\/2018\/10\/25\/elections-appel-soutien-de-la-liste-du-snuipp-fsu-86\/#primaryimage","url":"http:\/\/snuipp86.fr\/wp-content\/spip\/IMG\/arton4162.png","contentUrl":"http:\/\/snuipp86.fr\/wp-content\/spip\/IMG\/arton4162.png"},{"@type":"BreadcrumbList","@id":"https:\/\/snuipp86.fr\/index.php\/2018\/10\/25\/elections-appel-soutien-de-la-liste-du-snuipp-fsu-86\/#breadcrumb","itemListElement":[{"@type":"ListItem","position":1,"name":"Accueil","item":"https:\/\/snuipp86.fr\/"},{"@type":"ListItem","position":2,"name":"Elections : appel \u00e0 soutien de la liste du SNUipp-FSU 86"}]},{"@type":"WebSite","@id":"https:\/\/snuipp86.fr\/#website","url":"https:\/\/snuipp86.fr\/","name":"FSU-SNUipp 86","description":"Des id\u00e9es qui font l&#039;\u00e9cole","potentialAction":[{"@type":"SearchAction","target":{"@type":"EntryPoint","urlTemplate":"https:\/\/snuipp86.fr\/?s={search_term_string}"},"query-input":{"@type":"PropertyValueSpecification","valueRequired":true,"valueName":"search_term_string"}}],"inLanguage":"fr-FR"},{"@type":"Person","@id":"https:\/\/snuipp86.fr\/#\/schema\/person\/901b28b9ae1c7a63a6a940102e52a7a2","name":"WP86Admin","image":{"@type":"ImageObject","inLanguage":"fr-FR","@id":"https:\/\/snuipp86.fr\/#\/schema\/person\/image\/","url":"https:\/\/secure.gravatar.com\/avatar\/0099845c7ec05dc10d777d8ab4f5142c5ba316283821af2459738ad469a37a1a?s=96&d=mm&r=g","contentUrl":"https:\/\/secure.gravatar.com\/avatar\/0099845c7ec05dc10d777d8ab4f5142c5ba316283821af2459738ad469a37a1a?s=96&d=mm&r=g","caption":"WP86Admin"},"url":"https:\/\/snuipp86.fr\/index.php\/author\/wp86admin\/"}]}},"_links":{"self":[{"href":"https:\/\/snuipp86.fr\/index.php\/wp-json\/wp\/v2\/posts\/96","targetHints":{"allow":["GET"]}}],"collection":[{"href":"https:\/\/snuipp86.fr\/index.php\/wp-json\/wp\/v2\/posts"}],"about":[{"href":"https:\/\/snuipp86.fr\/index.php\/wp-json\/wp\/v2\/types\/post"}],"author":[{"embeddable":true,"href":"https:\/\/snuipp86.fr\/index.php\/wp-json\/wp\/v2\/users\/1"}],"replies":[{"embeddable":true,"href":"https:\/\/snuipp86.fr\/index.php\/wp-json\/wp\/v2\/comments?post=96"}],"version-history":[{"count":0,"href":"https:\/\/snuipp86.fr\/index.php\/wp-json\/wp\/v2\/posts\/96\/revisions"}],"wp:attachment":[{"href":"https:\/\/snuipp86.fr\/index.php\/wp-json\/wp\/v2\/media?parent=96"}],"wp:term":[{"taxonomy":"category","embeddable":true,"href":"https:\/\/snuipp86.fr\/index.php\/wp-json\/wp\/v2\/categories?post=96"},{"taxonomy":"post_tag","embeddable":true,"href":"https:\/\/snuipp86.fr\/index.php\/wp-json\/wp\/v2\/tags?post=96"}],"curies":[{"name":"wp","href":"https:\/\/api.w.org\/{rel}","templated":true}]}}