{"id":97,"date":"2018-10-24T17:13:48","date_gmt":"2018-10-24T17:13:48","guid":{"rendered":"http:\/\/localhost\/wordpress\/2018\/10\/24\/salaires-des-fonctionnaires-dclaration-de-guerre-du-gouvernement\/"},"modified":"2018-10-24T17:13:48","modified_gmt":"2018-10-24T17:13:48","slug":"salaires-des-fonctionnaires-dclaration-de-guerre-du-gouvernement","status":"publish","type":"post","link":"https:\/\/snuipp86.fr\/index.php\/2018\/10\/24\/salaires-des-fonctionnaires-dclaration-de-guerre-du-gouvernement\/","title":{"rendered":"Salaires des fonctionnaires : D\u00e9claration de guerre du gouvernement !"},"content":{"rendered":"<p><img decoding=\"async\" src=\"https:\/\/snuipp86.fr\/wp-content\/spip\/IMG\/arton4158.jpg\" alt=\"\" align=\"right\" width=\"672\" height=\"671\" class=\"spip_logos\" \/><\/p>\n<div class='rss_texte'>\n<h3 class=\"spip\">Le gouvernement veut ralentir l&rsquo;avancement des fonctionnaires ! Hors de question pour la FSU !<\/h3>\n<p class=\"spip\">Avec le gel du point d&rsquo;indice depuis 2010, qui repr\u00e9sente une perte de salaire d&rsquo;au moins 15% par rapport \u00e0 l&rsquo;inflation, les fonctionnaires pensaient avoir touch\u00e9 le fond ! Il n&rsquo;en est rien&#8230;le gouvernement continue de creuser ! Pour devenir le fossoyeur de la Fonction Publique ?! La FSU et ses syndicats ne le laissera pas faire !<\/p>\n<p class=\"spip\">L&rsquo;un des deux sc\u00e9narios mis sur la table par le gouvernement, proposant d&rsquo;augmenter la part de r\u00e9mun\u00e9ration au m\u00e9rite des fonctionnaires en ralentissant l&rsquo;avancement, a fait bondir lundi 22 octobre les syndicats lors d&rsquo;une r\u00e9union de travail.<\/p>\n<p class=\"spip\">La FSU et toutes les organisations syndicales de fonctionnaires ont fait savoir tout le mal qu&rsquo;elles pensaient du sc\u00e9nario \u00ab\u00a0inacceptable\u00a0\u00bb qui leur a \u00e9t\u00e9 pr\u00e9sent\u00e9 dans le cadre du troisi\u00e8me chantier de concertation lanc\u00e9 par l&rsquo;ex\u00e9cutif pour r\u00e9former la fonction publique et qui pr\u00e9voit un ralentissement de l&rsquo;avancement des fonctionnaires.<\/p>\n<p class=\"spip\">\u00ab\u00a0Pas entendable\u00a0\u00bb , \u00ab\u00a0remise en cause du principe de carri\u00e8re chez les fonctionnaires\u00a0\u00bb , \u00ab\u00a0inacceptable\u00a0\u00bb : la proposition du gouvernement a fait l&rsquo;unanimit\u00e9 contre elle chez les syndicats de fonctionnaires.<\/p>\n<p class=\"spip\">La r\u00e9mun\u00e9ration des agents publics repose sur une part \u00ab\u00a0indiciaire\u00a0\u00bb (grille) li\u00e9e \u00e0 l&rsquo;anciennet\u00e9 et au d\u00e9roulement de carri\u00e8re &#8211; que le gouvernement entend donc ralentir &#8211; et sur une part \u00ab\u00a0indemnitaire\u00a0\u00bb (primes).<\/p>\n<p class=\"spip\">Dans le document de travail d\u00e9taill\u00e9 aux syndicats, le gouvernement propose de d\u00e9velopper la \u00ab\u00a0r\u00e9mun\u00e9ration au m\u00e9rite individuel et collectif\u00a0\u00bb pour une \u00ab\u00a0meilleure articulation entre progression \u00e0 l&rsquo;anciennet\u00e9 (&#8230;) et reconnaissance du m\u00e9rite des agents\u00a0\u00bb.<\/p>\n<p class=\"spip\">Pour cela, l&rsquo;ex\u00e9cutif envisage dans un premier sc\u00e9nario de g\u00e9n\u00e9raliser l&rsquo;indemnit\u00e9 de fonctions, de suj\u00e9tions et d&rsquo;expertise (IFSE) &#8211; cens\u00e9e r\u00e9compenser l&rsquo;engagement des fonctionnaires &#8211; et de d\u00e9sindexer \u00ab\u00a0progressivement\u00a0\u00bb les primes et indemnit\u00e9s qui sont li\u00e9es \u00e0 l&rsquo;anciennet\u00e9 ou \u00e0 la valeur du point.<\/p>\n<p class=\"spip\"><strong class=\"spip\">Dans un second sc\u00e9nario, \u00ab\u00a0pas exclusif\u00a0\u00bb du premier, l&rsquo;ex\u00e9cutif pr\u00e9voit d&rsquo;allonger \u00ab\u00a0d&rsquo;un ou plusieurs mois\u00a0\u00bb le temps de passage entre deux \u00e9chelons pour \u00e9conomiser 400 \u00e0 550 millions d&rsquo;euros par an.<\/strong><\/p>\n<p class=\"spip\">Une somme qui serait ensuite \u00ab\u00a0r\u00e9inject\u00e9e dans le r\u00e9gime indemnitaire\u00a0\u00bb, \u00e0 savoir la part de la r\u00e9mun\u00e9ration \u00ab\u00a0au m\u00e9rite\u00a0\u00bb.<\/p>\n<p class=\"spip\">Pour Bernadette Groison de la FSU, cela \u00ab\u00a0change l&rsquo;architecture de la r\u00e9mun\u00e9ration\u00a0\u00bb et revient \u00e0 ce que \u00ab\u00a0l&rsquo;ensemble des agents financent les indemnit\u00e9s de quelques uns\u00a0\u00bb.<\/p>\n<p class=\"spip\">Pour les corps \u00ab\u00a0n&rsquo;ayant pas vocation\u00a0\u00bb \u00e0 b\u00e9n\u00e9ficier de l&rsquo;IFSE, comme ceux \u00ab\u00a0\u00e0 statut sp\u00e9cial\u00a0\u00bb ou les enseignants, le gouvernement souhaite cr\u00e9er un \u00ab\u00a0bonus annuel universel\u00a0\u00bb qui \u00ab\u00a0pourrait int\u00e9grer des objectifs individuels et collectifs\u00a0\u00bb.<\/p>\n<p class=\"spip\">Les syndicats ont d\u00e9nonc\u00e9 un \u00ab\u00a0simulacre de dialogue social\u00a0\u00bb et des concertations qui, \u00ab\u00a0\u00e0 l&rsquo;arriv\u00e9e\u00a0\u00bb, sont des \u00ab\u00a0d\u00e9cisions unilat\u00e9rales\u00a0\u00bb.<\/p>\n<p class=\"spip\">Pour r\u00e9agir et se d\u00e9fendre&#8230;l&rsquo;action ! Tous en gr\u00e8ve le 12 novembre. Plus d&rsquo;infos sur cette gr\u00e8ve ici : <a href=\"http:\/\/86.snuipp.fr\/spip.php?article4140\" class=\"spip_out\">http:\/\/86.snuipp.fr\/spip.php ?article4140<\/a><\/p>\n<\/div>\n","protected":false},"excerpt":{"rendered":"<p>Le gouvernement veut ralentir l&rsquo;avancement des fonctionnaires ! Hors de question pour la FSU ! <br \/>Avec le gel du point d&rsquo;indice depuis 2010, qui repr\u00e9sente une perte de salaire d&rsquo;au moins 15% par rapport \u00e0 l&rsquo;inflation, les fonctionnaires pensaient avoir touch\u00e9 le fond ! Il n&rsquo;en est rien&#8230;le gouvernement continue de creuser ! Pour devenir le fossoyeur de la Fonction Publique ?! La FSU et ses syndicats ne le laissera pas faire ! <br \/>L&rsquo;un des deux sc\u00e9narios mis (&#8230;)<br \/>\n&#8211;<br \/>\n<a href=\"http:\/\/86.snuipp.fr\/spip.php?rubrique86\" rel=\"directory\">Salaires, Indices, Indemnit\u00e9s, Primes, GIPA<\/a><br \/>\n\/<br \/>\n<a href=\"http:\/\/86.snuipp.fr\/spip.php?mot283\" rel=\"tag\">Promotions<\/a>,<br \/>\n<a href=\"http:\/\/86.snuipp.fr\/spip.php?mot286\" rel=\"tag\">Salaires, indemnit\u00e9s, primes .<\/a><\/p>\n","protected":false},"author":1,"featured_media":0,"comment_status":"open","ping_status":"open","sticky":false,"template":"","format":"standard","meta":{"footnotes":""},"categories":[14],"tags":[],"class_list":["post-97","post","type-post","status-publish","format-standard","hentry","category-a-la-une"],"yoast_head":"<!-- This site is optimized with the Yoast SEO plugin v26.6 - https:\/\/yoast.com\/wordpress\/plugins\/seo\/ -->\n<title>Salaires des fonctionnaires : D\u00e9claration de guerre du gouvernement ! - FSU-SNUipp 86<\/title>\n<meta name=\"robots\" content=\"index, follow, max-snippet:-1, max-image-preview:large, max-video-preview:-1\" \/>\n<link rel=\"canonical\" href=\"https:\/\/snuipp86.fr\/index.php\/2018\/10\/24\/salaires-des-fonctionnaires-dclaration-de-guerre-du-gouvernement\/\" \/>\n<meta property=\"og:locale\" content=\"fr_FR\" \/>\n<meta property=\"og:type\" content=\"article\" \/>\n<meta property=\"og:title\" content=\"Salaires des fonctionnaires : D\u00e9claration de guerre du gouvernement ! - FSU-SNUipp 86\" \/>\n<meta property=\"og:description\" content=\"Le gouvernement veut ralentir l&#039;avancement des fonctionnaires ! Hors de question pour la FSU ! Avec le gel du point d&#039;indice depuis 2010, qui repr\u00e9sente une perte de salaire d&#039;au moins 15% par rapport \u00e0 l&#039;inflation, les fonctionnaires pensaient avoir touch\u00e9 le fond ! Il n&#039;en est rien...le gouvernement continue de creuser ! Pour devenir le fossoyeur de la Fonction Publique ?! La FSU et ses syndicats ne le laissera pas faire ! L&#039;un des deux sc\u00e9narios mis (...) - Salaires, Indices, Indemnit\u00e9s, Primes, GIPA \/ Promotions, Salaires, indemnit\u00e9s, primes .\" \/>\n<meta property=\"og:url\" content=\"https:\/\/snuipp86.fr\/index.php\/2018\/10\/24\/salaires-des-fonctionnaires-dclaration-de-guerre-du-gouvernement\/\" \/>\n<meta property=\"og:site_name\" content=\"FSU-SNUipp 86\" \/>\n<meta property=\"article:published_time\" content=\"2018-10-24T17:13:48+00:00\" \/>\n<meta property=\"og:image\" content=\"http:\/\/snuipp86.fr\/wp-content\/spip\/IMG\/arton4158.jpg\" \/>\n<meta name=\"author\" content=\"WP86Admin\" \/>\n<meta name=\"twitter:card\" content=\"summary_large_image\" \/>\n<meta name=\"twitter:label1\" content=\"\u00c9crit par\" \/>\n\t<meta name=\"twitter:data1\" content=\"WP86Admin\" \/>\n\t<meta name=\"twitter:label2\" content=\"Dur\u00e9e de lecture estim\u00e9e\" \/>\n\t<meta name=\"twitter:data2\" content=\"2 minutes\" \/>\n<script type=\"application\/ld+json\" class=\"yoast-schema-graph\">{\"@context\":\"https:\/\/schema.org\",\"@graph\":[{\"@type\":\"WebPage\",\"@id\":\"https:\/\/snuipp86.fr\/index.php\/2018\/10\/24\/salaires-des-fonctionnaires-dclaration-de-guerre-du-gouvernement\/\",\"url\":\"https:\/\/snuipp86.fr\/index.php\/2018\/10\/24\/salaires-des-fonctionnaires-dclaration-de-guerre-du-gouvernement\/\",\"name\":\"Salaires des fonctionnaires : D\u00e9claration de guerre du gouvernement ! - FSU-SNUipp 86\",\"isPartOf\":{\"@id\":\"https:\/\/snuipp86.fr\/#website\"},\"primaryImageOfPage\":{\"@id\":\"https:\/\/snuipp86.fr\/index.php\/2018\/10\/24\/salaires-des-fonctionnaires-dclaration-de-guerre-du-gouvernement\/#primaryimage\"},\"image\":{\"@id\":\"https:\/\/snuipp86.fr\/index.php\/2018\/10\/24\/salaires-des-fonctionnaires-dclaration-de-guerre-du-gouvernement\/#primaryimage\"},\"thumbnailUrl\":\"http:\/\/snuipp86.fr\/wp-content\/spip\/IMG\/arton4158.jpg\",\"datePublished\":\"2018-10-24T17:13:48+00:00\",\"author\":{\"@id\":\"https:\/\/snuipp86.fr\/#\/schema\/person\/901b28b9ae1c7a63a6a940102e52a7a2\"},\"breadcrumb\":{\"@id\":\"https:\/\/snuipp86.fr\/index.php\/2018\/10\/24\/salaires-des-fonctionnaires-dclaration-de-guerre-du-gouvernement\/#breadcrumb\"},\"inLanguage\":\"fr-FR\",\"potentialAction\":[{\"@type\":\"ReadAction\",\"target\":[\"https:\/\/snuipp86.fr\/index.php\/2018\/10\/24\/salaires-des-fonctionnaires-dclaration-de-guerre-du-gouvernement\/\"]}]},{\"@type\":\"ImageObject\",\"inLanguage\":\"fr-FR\",\"@id\":\"https:\/\/snuipp86.fr\/index.php\/2018\/10\/24\/salaires-des-fonctionnaires-dclaration-de-guerre-du-gouvernement\/#primaryimage\",\"url\":\"http:\/\/snuipp86.fr\/wp-content\/spip\/IMG\/arton4158.jpg\",\"contentUrl\":\"http:\/\/snuipp86.fr\/wp-content\/spip\/IMG\/arton4158.jpg\"},{\"@type\":\"BreadcrumbList\",\"@id\":\"https:\/\/snuipp86.fr\/index.php\/2018\/10\/24\/salaires-des-fonctionnaires-dclaration-de-guerre-du-gouvernement\/#breadcrumb\",\"itemListElement\":[{\"@type\":\"ListItem\",\"position\":1,\"name\":\"Accueil\",\"item\":\"https:\/\/snuipp86.fr\/\"},{\"@type\":\"ListItem\",\"position\":2,\"name\":\"Salaires des fonctionnaires : D\u00e9claration de guerre du gouvernement !\"}]},{\"@type\":\"WebSite\",\"@id\":\"https:\/\/snuipp86.fr\/#website\",\"url\":\"https:\/\/snuipp86.fr\/\",\"name\":\"FSU-SNUipp 86\",\"description\":\"Des id\u00e9es qui font l&#039;\u00e9cole\",\"potentialAction\":[{\"@type\":\"SearchAction\",\"target\":{\"@type\":\"EntryPoint\",\"urlTemplate\":\"https:\/\/snuipp86.fr\/?s={search_term_string}\"},\"query-input\":{\"@type\":\"PropertyValueSpecification\",\"valueRequired\":true,\"valueName\":\"search_term_string\"}}],\"inLanguage\":\"fr-FR\"},{\"@type\":\"Person\",\"@id\":\"https:\/\/snuipp86.fr\/#\/schema\/person\/901b28b9ae1c7a63a6a940102e52a7a2\",\"name\":\"WP86Admin\",\"image\":{\"@type\":\"ImageObject\",\"inLanguage\":\"fr-FR\",\"@id\":\"https:\/\/snuipp86.fr\/#\/schema\/person\/image\/\",\"url\":\"https:\/\/secure.gravatar.com\/avatar\/0099845c7ec05dc10d777d8ab4f5142c5ba316283821af2459738ad469a37a1a?s=96&d=mm&r=g\",\"contentUrl\":\"https:\/\/secure.gravatar.com\/avatar\/0099845c7ec05dc10d777d8ab4f5142c5ba316283821af2459738ad469a37a1a?s=96&d=mm&r=g\",\"caption\":\"WP86Admin\"},\"url\":\"https:\/\/snuipp86.fr\/index.php\/author\/wp86admin\/\"}]}<\/script>\n<!-- \/ Yoast SEO plugin. -->","yoast_head_json":{"title":"Salaires des fonctionnaires : D\u00e9claration de guerre du gouvernement ! - FSU-SNUipp 86","robots":{"index":"index","follow":"follow","max-snippet":"max-snippet:-1","max-image-preview":"max-image-preview:large","max-video-preview":"max-video-preview:-1"},"canonical":"https:\/\/snuipp86.fr\/index.php\/2018\/10\/24\/salaires-des-fonctionnaires-dclaration-de-guerre-du-gouvernement\/","og_locale":"fr_FR","og_type":"article","og_title":"Salaires des fonctionnaires : D\u00e9claration de guerre du gouvernement ! - FSU-SNUipp 86","og_description":"Le gouvernement veut ralentir l'avancement des fonctionnaires ! Hors de question pour la FSU ! Avec le gel du point d'indice depuis 2010, qui repr\u00e9sente une perte de salaire d'au moins 15% par rapport \u00e0 l'inflation, les fonctionnaires pensaient avoir touch\u00e9 le fond ! Il n'en est rien...le gouvernement continue de creuser ! Pour devenir le fossoyeur de la Fonction Publique ?! La FSU et ses syndicats ne le laissera pas faire ! L'un des deux sc\u00e9narios mis (...) - Salaires, Indices, Indemnit\u00e9s, Primes, GIPA \/ Promotions, Salaires, indemnit\u00e9s, primes .","og_url":"https:\/\/snuipp86.fr\/index.php\/2018\/10\/24\/salaires-des-fonctionnaires-dclaration-de-guerre-du-gouvernement\/","og_site_name":"FSU-SNUipp 86","article_published_time":"2018-10-24T17:13:48+00:00","og_image":[{"url":"http:\/\/snuipp86.fr\/wp-content\/spip\/IMG\/arton4158.jpg","type":"","width":"","height":""}],"author":"WP86Admin","twitter_card":"summary_large_image","twitter_misc":{"\u00c9crit par":"WP86Admin","Dur\u00e9e de lecture estim\u00e9e":"2 minutes"},"schema":{"@context":"https:\/\/schema.org","@graph":[{"@type":"WebPage","@id":"https:\/\/snuipp86.fr\/index.php\/2018\/10\/24\/salaires-des-fonctionnaires-dclaration-de-guerre-du-gouvernement\/","url":"https:\/\/snuipp86.fr\/index.php\/2018\/10\/24\/salaires-des-fonctionnaires-dclaration-de-guerre-du-gouvernement\/","name":"Salaires des fonctionnaires : D\u00e9claration de guerre du gouvernement ! - FSU-SNUipp 86","isPartOf":{"@id":"https:\/\/snuipp86.fr\/#website"},"primaryImageOfPage":{"@id":"https:\/\/snuipp86.fr\/index.php\/2018\/10\/24\/salaires-des-fonctionnaires-dclaration-de-guerre-du-gouvernement\/#primaryimage"},"image":{"@id":"https:\/\/snuipp86.fr\/index.php\/2018\/10\/24\/salaires-des-fonctionnaires-dclaration-de-guerre-du-gouvernement\/#primaryimage"},"thumbnailUrl":"http:\/\/snuipp86.fr\/wp-content\/spip\/IMG\/arton4158.jpg","datePublished":"2018-10-24T17:13:48+00:00","author":{"@id":"https:\/\/snuipp86.fr\/#\/schema\/person\/901b28b9ae1c7a63a6a940102e52a7a2"},"breadcrumb":{"@id":"https:\/\/snuipp86.fr\/index.php\/2018\/10\/24\/salaires-des-fonctionnaires-dclaration-de-guerre-du-gouvernement\/#breadcrumb"},"inLanguage":"fr-FR","potentialAction":[{"@type":"ReadAction","target":["https:\/\/snuipp86.fr\/index.php\/2018\/10\/24\/salaires-des-fonctionnaires-dclaration-de-guerre-du-gouvernement\/"]}]},{"@type":"ImageObject","inLanguage":"fr-FR","@id":"https:\/\/snuipp86.fr\/index.php\/2018\/10\/24\/salaires-des-fonctionnaires-dclaration-de-guerre-du-gouvernement\/#primaryimage","url":"http:\/\/snuipp86.fr\/wp-content\/spip\/IMG\/arton4158.jpg","contentUrl":"http:\/\/snuipp86.fr\/wp-content\/spip\/IMG\/arton4158.jpg"},{"@type":"BreadcrumbList","@id":"https:\/\/snuipp86.fr\/index.php\/2018\/10\/24\/salaires-des-fonctionnaires-dclaration-de-guerre-du-gouvernement\/#breadcrumb","itemListElement":[{"@type":"ListItem","position":1,"name":"Accueil","item":"https:\/\/snuipp86.fr\/"},{"@type":"ListItem","position":2,"name":"Salaires des fonctionnaires : D\u00e9claration de guerre du gouvernement !"}]},{"@type":"WebSite","@id":"https:\/\/snuipp86.fr\/#website","url":"https:\/\/snuipp86.fr\/","name":"FSU-SNUipp 86","description":"Des id\u00e9es qui font l&#039;\u00e9cole","potentialAction":[{"@type":"SearchAction","target":{"@type":"EntryPoint","urlTemplate":"https:\/\/snuipp86.fr\/?s={search_term_string}"},"query-input":{"@type":"PropertyValueSpecification","valueRequired":true,"valueName":"search_term_string"}}],"inLanguage":"fr-FR"},{"@type":"Person","@id":"https:\/\/snuipp86.fr\/#\/schema\/person\/901b28b9ae1c7a63a6a940102e52a7a2","name":"WP86Admin","image":{"@type":"ImageObject","inLanguage":"fr-FR","@id":"https:\/\/snuipp86.fr\/#\/schema\/person\/image\/","url":"https:\/\/secure.gravatar.com\/avatar\/0099845c7ec05dc10d777d8ab4f5142c5ba316283821af2459738ad469a37a1a?s=96&d=mm&r=g","contentUrl":"https:\/\/secure.gravatar.com\/avatar\/0099845c7ec05dc10d777d8ab4f5142c5ba316283821af2459738ad469a37a1a?s=96&d=mm&r=g","caption":"WP86Admin"},"url":"https:\/\/snuipp86.fr\/index.php\/author\/wp86admin\/"}]}},"_links":{"self":[{"href":"https:\/\/snuipp86.fr\/index.php\/wp-json\/wp\/v2\/posts\/97","targetHints":{"allow":["GET"]}}],"collection":[{"href":"https:\/\/snuipp86.fr\/index.php\/wp-json\/wp\/v2\/posts"}],"about":[{"href":"https:\/\/snuipp86.fr\/index.php\/wp-json\/wp\/v2\/types\/post"}],"author":[{"embeddable":true,"href":"https:\/\/snuipp86.fr\/index.php\/wp-json\/wp\/v2\/users\/1"}],"replies":[{"embeddable":true,"href":"https:\/\/snuipp86.fr\/index.php\/wp-json\/wp\/v2\/comments?post=97"}],"version-history":[{"count":0,"href":"https:\/\/snuipp86.fr\/index.php\/wp-json\/wp\/v2\/posts\/97\/revisions"}],"wp:attachment":[{"href":"https:\/\/snuipp86.fr\/index.php\/wp-json\/wp\/v2\/media?parent=97"}],"wp:term":[{"taxonomy":"category","embeddable":true,"href":"https:\/\/snuipp86.fr\/index.php\/wp-json\/wp\/v2\/categories?post=97"},{"taxonomy":"post_tag","embeddable":true,"href":"https:\/\/snuipp86.fr\/index.php\/wp-json\/wp\/v2\/tags?post=97"}],"curies":[{"name":"wp","href":"https:\/\/api.w.org\/{rel}","templated":true}]}}