{"id":986,"date":"2014-04-04T16:28:32","date_gmt":"2014-04-04T16:28:32","guid":{"rendered":"http:\/\/localhost\/wordpress\/2014\/04\/04\/crpe-2014-le-ministre-rpond-au-snuipp-fsu\/"},"modified":"2014-04-04T16:28:32","modified_gmt":"2014-04-04T16:28:32","slug":"crpe-2014-le-ministre-rpond-au-snuipp-fsu","status":"publish","type":"post","link":"https:\/\/snuipp86.fr\/index.php\/2014\/04\/04\/crpe-2014-le-ministre-rpond-au-snuipp-fsu\/","title":{"rendered":"CRPE 2014 : le minist\u00e8re r\u00e9pond au SNUipp-FSU"},"content":{"rendered":"<p><img decoding=\"async\" src=\"https:\/\/snuipp86.fr\/wp-content\/spip\/IMG\/arton2633.jpg\" alt=\"\" align=\"right\" width=\"540\" height=\"604\" class=\"spip_logos\" \/><\/p>\n<div class='rss_texte'>\n<p class=\"spip\"><strong class=\"spip\">Suite aux interpellations du SNUipp-FSU sur les difficult\u00e9s rencontr\u00e9es dans l&rsquo;organisation du CRPE 2014, le minist\u00e8re s&rsquo;engage \u00e0 clarifier la situation.<\/strong><\/p>\n<p class=\"spip\">Le 12 mars dernier, le<a href=\"http:\/\/www.snuipp.fr\/Alerte-sur-le-concours-de\" class=\"spip_out\"> SNUipp-FSU interpellait le minist\u00e8re<\/a> sur le d\u00e9faut de cadrage national des premi\u00e8res \u00e9preuves du concours de recrutement des professeurs d&rsquo;\u00e9cole (CRPE) qui place les \u00e9tudiants comme les formateurs dans des conditions difficiles pour sa pr\u00e9paration. En effet, le syndicat avait constat\u00e9 d&rsquo;importantes in\u00e9galit\u00e9s et des incertitudes sur les programmes et crit\u00e8res d&rsquo;\u00e9valuation des concours. Par ailleurs, il demandait \u00e9galement au minist\u00e8re de r\u00e9diger un texte de cadrage sur les conditions de mise en stage des futurs M2, tout en rappelant sa demande pour que ces stages contiennent des p\u00e9riodes mass\u00e9es. Le SNUipp-FSU souhaitait une clarification d&rsquo;urgence de la situation.<\/p>\n<h3 class=\"spip\">Le minist\u00e8re s&rsquo;engage<\/h3>\n<p class=\"spip\">C&rsquo;est chose faite puisque le minist\u00e8re vient de r\u00e9pondre au syndicat. Dans un courrier dat\u00e9 du 31 mars, il s&rsquo;engage \u00e0 donner des consignes aux recteurs pour limiter le nombre d&rsquo;APS dans l&rsquo;\u00e9preuve d&rsquo;EPS et confirme la tenue d&rsquo;une r\u00e9union de cadrage avec les pr\u00e9sidents de jury de concours. Il s&rsquo;est \u00e9galement engag\u00e9 \u00e0 mettre en place une r\u00e9flexion sur l&rsquo;articulation entre le stage en responsabilit\u00e9 et les contenus de formation. Le SNUipp-FSU demandera \u00e0 \u00eatre consult\u00e9.<\/p>\n<p class=\"spip\">Lire :<\/p>\n<p class=\"spip\"><img decoding=\"async\" src=\"https:\/\/snuipp86.fr\/wp-content\/spip\/cache-vignettes\/L8xH11\/puce-68c92.gif\" width='8' height='11' alt=\"-\" style='height:11px;width:8px;' class='' \/> la <a href=\"http:\/\/www.snuipp.fr\/IMG\/pdf\/crpe_2014_reponse_men.pdf\" class=\"spip_out\">r\u00e9ponse du Minist\u00e8re au SNUipp-FSU<\/a><\/p>\n<\/div>\n","protected":false},"excerpt":{"rendered":"<p>Suite aux interpellations du SNUipp-FSU sur les difficult\u00e9s rencontr\u00e9es dans l&rsquo;organisation du CRPE 2014, le minist\u00e8re s&rsquo;engage \u00e0 clarifier la situation. <br \/>Le 12 mars dernier, le SNUipp-FSU interpellait le minist\u00e8re sur le d\u00e9faut de cadrage national des premi\u00e8res \u00e9preuves du concours de recrutement des professeurs d&rsquo;\u00e9cole (CRPE) qui place les \u00e9tudiants comme les formateurs dans des conditions difficiles pour sa pr\u00e9paration. En effet, le syndicat avait constat\u00e9 (&#8230;)<br \/>\n&#8211;<br \/>\n<a href=\"http:\/\/86.snuipp.fr\/spip.php?rubrique159\" rel=\"directory\">Carte scolaire<\/a><br \/>\n\/<br \/>\n<a href=\"http:\/\/86.snuipp.fr\/spip.php?mot325\" rel=\"tag\">Concours CRPE<\/a><\/p>\n","protected":false},"author":1,"featured_media":0,"comment_status":"open","ping_status":"open","sticky":false,"template":"","format":"standard","meta":{"footnotes":""},"categories":[14],"tags":[],"class_list":["post-986","post","type-post","status-publish","format-standard","hentry","category-a-la-une"],"yoast_head":"<!-- This site is optimized with the Yoast SEO plugin v26.6 - https:\/\/yoast.com\/wordpress\/plugins\/seo\/ -->\n<title>CRPE 2014 : le minist\u00e8re r\u00e9pond au SNUipp-FSU - FSU-SNUipp 86<\/title>\n<meta name=\"robots\" content=\"index, follow, max-snippet:-1, max-image-preview:large, max-video-preview:-1\" \/>\n<link rel=\"canonical\" href=\"https:\/\/snuipp86.fr\/index.php\/2014\/04\/04\/crpe-2014-le-ministre-rpond-au-snuipp-fsu\/\" \/>\n<meta property=\"og:locale\" content=\"fr_FR\" \/>\n<meta property=\"og:type\" content=\"article\" \/>\n<meta property=\"og:title\" content=\"CRPE 2014 : le minist\u00e8re r\u00e9pond au SNUipp-FSU - FSU-SNUipp 86\" \/>\n<meta property=\"og:description\" content=\"Suite aux interpellations du SNUipp-FSU sur les difficult\u00e9s rencontr\u00e9es dans l&#039;organisation du CRPE 2014, le minist\u00e8re s&#039;engage \u00e0 clarifier la situation. Le 12 mars dernier, le SNUipp-FSU interpellait le minist\u00e8re sur le d\u00e9faut de cadrage national des premi\u00e8res \u00e9preuves du concours de recrutement des professeurs d&#039;\u00e9cole (CRPE) qui place les \u00e9tudiants comme les formateurs dans des conditions difficiles pour sa pr\u00e9paration. En effet, le syndicat avait constat\u00e9 (...) - Carte scolaire \/ Concours CRPE\" \/>\n<meta property=\"og:url\" content=\"https:\/\/snuipp86.fr\/index.php\/2014\/04\/04\/crpe-2014-le-ministre-rpond-au-snuipp-fsu\/\" \/>\n<meta property=\"og:site_name\" content=\"FSU-SNUipp 86\" \/>\n<meta property=\"article:published_time\" content=\"2014-04-04T16:28:32+00:00\" \/>\n<meta property=\"og:image\" content=\"http:\/\/snuipp86.fr\/wp-content\/spip\/IMG\/arton2633.jpg\" \/>\n<meta name=\"author\" content=\"WP86Admin\" \/>\n<meta name=\"twitter:card\" content=\"summary_large_image\" \/>\n<meta name=\"twitter:label1\" content=\"\u00c9crit par\" \/>\n\t<meta name=\"twitter:data1\" content=\"WP86Admin\" \/>\n\t<meta name=\"twitter:label2\" content=\"Dur\u00e9e de lecture estim\u00e9e\" \/>\n\t<meta name=\"twitter:data2\" content=\"1 minute\" \/>\n<script type=\"application\/ld+json\" class=\"yoast-schema-graph\">{\"@context\":\"https:\/\/schema.org\",\"@graph\":[{\"@type\":\"WebPage\",\"@id\":\"https:\/\/snuipp86.fr\/index.php\/2014\/04\/04\/crpe-2014-le-ministre-rpond-au-snuipp-fsu\/\",\"url\":\"https:\/\/snuipp86.fr\/index.php\/2014\/04\/04\/crpe-2014-le-ministre-rpond-au-snuipp-fsu\/\",\"name\":\"CRPE 2014 : le minist\u00e8re r\u00e9pond au SNUipp-FSU - FSU-SNUipp 86\",\"isPartOf\":{\"@id\":\"https:\/\/snuipp86.fr\/#website\"},\"primaryImageOfPage\":{\"@id\":\"https:\/\/snuipp86.fr\/index.php\/2014\/04\/04\/crpe-2014-le-ministre-rpond-au-snuipp-fsu\/#primaryimage\"},\"image\":{\"@id\":\"https:\/\/snuipp86.fr\/index.php\/2014\/04\/04\/crpe-2014-le-ministre-rpond-au-snuipp-fsu\/#primaryimage\"},\"thumbnailUrl\":\"http:\/\/snuipp86.fr\/wp-content\/spip\/IMG\/arton2633.jpg\",\"datePublished\":\"2014-04-04T16:28:32+00:00\",\"author\":{\"@id\":\"https:\/\/snuipp86.fr\/#\/schema\/person\/901b28b9ae1c7a63a6a940102e52a7a2\"},\"breadcrumb\":{\"@id\":\"https:\/\/snuipp86.fr\/index.php\/2014\/04\/04\/crpe-2014-le-ministre-rpond-au-snuipp-fsu\/#breadcrumb\"},\"inLanguage\":\"fr-FR\",\"potentialAction\":[{\"@type\":\"ReadAction\",\"target\":[\"https:\/\/snuipp86.fr\/index.php\/2014\/04\/04\/crpe-2014-le-ministre-rpond-au-snuipp-fsu\/\"]}]},{\"@type\":\"ImageObject\",\"inLanguage\":\"fr-FR\",\"@id\":\"https:\/\/snuipp86.fr\/index.php\/2014\/04\/04\/crpe-2014-le-ministre-rpond-au-snuipp-fsu\/#primaryimage\",\"url\":\"http:\/\/snuipp86.fr\/wp-content\/spip\/IMG\/arton2633.jpg\",\"contentUrl\":\"http:\/\/snuipp86.fr\/wp-content\/spip\/IMG\/arton2633.jpg\"},{\"@type\":\"BreadcrumbList\",\"@id\":\"https:\/\/snuipp86.fr\/index.php\/2014\/04\/04\/crpe-2014-le-ministre-rpond-au-snuipp-fsu\/#breadcrumb\",\"itemListElement\":[{\"@type\":\"ListItem\",\"position\":1,\"name\":\"Accueil\",\"item\":\"https:\/\/snuipp86.fr\/\"},{\"@type\":\"ListItem\",\"position\":2,\"name\":\"CRPE 2014 : le minist\u00e8re r\u00e9pond au SNUipp-FSU\"}]},{\"@type\":\"WebSite\",\"@id\":\"https:\/\/snuipp86.fr\/#website\",\"url\":\"https:\/\/snuipp86.fr\/\",\"name\":\"FSU-SNUipp 86\",\"description\":\"Des id\u00e9es qui font l&#039;\u00e9cole\",\"potentialAction\":[{\"@type\":\"SearchAction\",\"target\":{\"@type\":\"EntryPoint\",\"urlTemplate\":\"https:\/\/snuipp86.fr\/?s={search_term_string}\"},\"query-input\":{\"@type\":\"PropertyValueSpecification\",\"valueRequired\":true,\"valueName\":\"search_term_string\"}}],\"inLanguage\":\"fr-FR\"},{\"@type\":\"Person\",\"@id\":\"https:\/\/snuipp86.fr\/#\/schema\/person\/901b28b9ae1c7a63a6a940102e52a7a2\",\"name\":\"WP86Admin\",\"image\":{\"@type\":\"ImageObject\",\"inLanguage\":\"fr-FR\",\"@id\":\"https:\/\/snuipp86.fr\/#\/schema\/person\/image\/\",\"url\":\"https:\/\/secure.gravatar.com\/avatar\/0099845c7ec05dc10d777d8ab4f5142c5ba316283821af2459738ad469a37a1a?s=96&d=mm&r=g\",\"contentUrl\":\"https:\/\/secure.gravatar.com\/avatar\/0099845c7ec05dc10d777d8ab4f5142c5ba316283821af2459738ad469a37a1a?s=96&d=mm&r=g\",\"caption\":\"WP86Admin\"},\"url\":\"https:\/\/snuipp86.fr\/index.php\/author\/wp86admin\/\"}]}<\/script>\n<!-- \/ Yoast SEO plugin. -->","yoast_head_json":{"title":"CRPE 2014 : le minist\u00e8re r\u00e9pond au SNUipp-FSU - FSU-SNUipp 86","robots":{"index":"index","follow":"follow","max-snippet":"max-snippet:-1","max-image-preview":"max-image-preview:large","max-video-preview":"max-video-preview:-1"},"canonical":"https:\/\/snuipp86.fr\/index.php\/2014\/04\/04\/crpe-2014-le-ministre-rpond-au-snuipp-fsu\/","og_locale":"fr_FR","og_type":"article","og_title":"CRPE 2014 : le minist\u00e8re r\u00e9pond au SNUipp-FSU - FSU-SNUipp 86","og_description":"Suite aux interpellations du SNUipp-FSU sur les difficult\u00e9s rencontr\u00e9es dans l'organisation du CRPE 2014, le minist\u00e8re s'engage \u00e0 clarifier la situation. Le 12 mars dernier, le SNUipp-FSU interpellait le minist\u00e8re sur le d\u00e9faut de cadrage national des premi\u00e8res \u00e9preuves du concours de recrutement des professeurs d'\u00e9cole (CRPE) qui place les \u00e9tudiants comme les formateurs dans des conditions difficiles pour sa pr\u00e9paration. En effet, le syndicat avait constat\u00e9 (...) - Carte scolaire \/ Concours CRPE","og_url":"https:\/\/snuipp86.fr\/index.php\/2014\/04\/04\/crpe-2014-le-ministre-rpond-au-snuipp-fsu\/","og_site_name":"FSU-SNUipp 86","article_published_time":"2014-04-04T16:28:32+00:00","og_image":[{"url":"http:\/\/snuipp86.fr\/wp-content\/spip\/IMG\/arton2633.jpg","type":"","width":"","height":""}],"author":"WP86Admin","twitter_card":"summary_large_image","twitter_misc":{"\u00c9crit par":"WP86Admin","Dur\u00e9e de lecture estim\u00e9e":"1 minute"},"schema":{"@context":"https:\/\/schema.org","@graph":[{"@type":"WebPage","@id":"https:\/\/snuipp86.fr\/index.php\/2014\/04\/04\/crpe-2014-le-ministre-rpond-au-snuipp-fsu\/","url":"https:\/\/snuipp86.fr\/index.php\/2014\/04\/04\/crpe-2014-le-ministre-rpond-au-snuipp-fsu\/","name":"CRPE 2014 : le minist\u00e8re r\u00e9pond au SNUipp-FSU - FSU-SNUipp 86","isPartOf":{"@id":"https:\/\/snuipp86.fr\/#website"},"primaryImageOfPage":{"@id":"https:\/\/snuipp86.fr\/index.php\/2014\/04\/04\/crpe-2014-le-ministre-rpond-au-snuipp-fsu\/#primaryimage"},"image":{"@id":"https:\/\/snuipp86.fr\/index.php\/2014\/04\/04\/crpe-2014-le-ministre-rpond-au-snuipp-fsu\/#primaryimage"},"thumbnailUrl":"http:\/\/snuipp86.fr\/wp-content\/spip\/IMG\/arton2633.jpg","datePublished":"2014-04-04T16:28:32+00:00","author":{"@id":"https:\/\/snuipp86.fr\/#\/schema\/person\/901b28b9ae1c7a63a6a940102e52a7a2"},"breadcrumb":{"@id":"https:\/\/snuipp86.fr\/index.php\/2014\/04\/04\/crpe-2014-le-ministre-rpond-au-snuipp-fsu\/#breadcrumb"},"inLanguage":"fr-FR","potentialAction":[{"@type":"ReadAction","target":["https:\/\/snuipp86.fr\/index.php\/2014\/04\/04\/crpe-2014-le-ministre-rpond-au-snuipp-fsu\/"]}]},{"@type":"ImageObject","inLanguage":"fr-FR","@id":"https:\/\/snuipp86.fr\/index.php\/2014\/04\/04\/crpe-2014-le-ministre-rpond-au-snuipp-fsu\/#primaryimage","url":"http:\/\/snuipp86.fr\/wp-content\/spip\/IMG\/arton2633.jpg","contentUrl":"http:\/\/snuipp86.fr\/wp-content\/spip\/IMG\/arton2633.jpg"},{"@type":"BreadcrumbList","@id":"https:\/\/snuipp86.fr\/index.php\/2014\/04\/04\/crpe-2014-le-ministre-rpond-au-snuipp-fsu\/#breadcrumb","itemListElement":[{"@type":"ListItem","position":1,"name":"Accueil","item":"https:\/\/snuipp86.fr\/"},{"@type":"ListItem","position":2,"name":"CRPE 2014 : le minist\u00e8re r\u00e9pond au SNUipp-FSU"}]},{"@type":"WebSite","@id":"https:\/\/snuipp86.fr\/#website","url":"https:\/\/snuipp86.fr\/","name":"FSU-SNUipp 86","description":"Des id\u00e9es qui font l&#039;\u00e9cole","potentialAction":[{"@type":"SearchAction","target":{"@type":"EntryPoint","urlTemplate":"https:\/\/snuipp86.fr\/?s={search_term_string}"},"query-input":{"@type":"PropertyValueSpecification","valueRequired":true,"valueName":"search_term_string"}}],"inLanguage":"fr-FR"},{"@type":"Person","@id":"https:\/\/snuipp86.fr\/#\/schema\/person\/901b28b9ae1c7a63a6a940102e52a7a2","name":"WP86Admin","image":{"@type":"ImageObject","inLanguage":"fr-FR","@id":"https:\/\/snuipp86.fr\/#\/schema\/person\/image\/","url":"https:\/\/secure.gravatar.com\/avatar\/0099845c7ec05dc10d777d8ab4f5142c5ba316283821af2459738ad469a37a1a?s=96&d=mm&r=g","contentUrl":"https:\/\/secure.gravatar.com\/avatar\/0099845c7ec05dc10d777d8ab4f5142c5ba316283821af2459738ad469a37a1a?s=96&d=mm&r=g","caption":"WP86Admin"},"url":"https:\/\/snuipp86.fr\/index.php\/author\/wp86admin\/"}]}},"_links":{"self":[{"href":"https:\/\/snuipp86.fr\/index.php\/wp-json\/wp\/v2\/posts\/986","targetHints":{"allow":["GET"]}}],"collection":[{"href":"https:\/\/snuipp86.fr\/index.php\/wp-json\/wp\/v2\/posts"}],"about":[{"href":"https:\/\/snuipp86.fr\/index.php\/wp-json\/wp\/v2\/types\/post"}],"author":[{"embeddable":true,"href":"https:\/\/snuipp86.fr\/index.php\/wp-json\/wp\/v2\/users\/1"}],"replies":[{"embeddable":true,"href":"https:\/\/snuipp86.fr\/index.php\/wp-json\/wp\/v2\/comments?post=986"}],"version-history":[{"count":0,"href":"https:\/\/snuipp86.fr\/index.php\/wp-json\/wp\/v2\/posts\/986\/revisions"}],"wp:attachment":[{"href":"https:\/\/snuipp86.fr\/index.php\/wp-json\/wp\/v2\/media?parent=986"}],"wp:term":[{"taxonomy":"category","embeddable":true,"href":"https:\/\/snuipp86.fr\/index.php\/wp-json\/wp\/v2\/categories?post=986"},{"taxonomy":"post_tag","embeddable":true,"href":"https:\/\/snuipp86.fr\/index.php\/wp-json\/wp\/v2\/tags?post=986"}],"curies":[{"name":"wp","href":"https:\/\/api.w.org\/{rel}","templated":true}]}}