{"id":99,"date":"2018-10-18T14:23:04","date_gmt":"2018-10-18T14:23:04","guid":{"rendered":"http:\/\/localhost\/wordpress\/2018\/10\/18\/du-matriel-pour-les-enseignant-e-s-en-maternelle\/"},"modified":"2018-10-18T14:23:04","modified_gmt":"2018-10-18T14:23:04","slug":"du-matriel-pour-les-enseignant-e-s-en-maternelle","status":"publish","type":"post","link":"https:\/\/snuipp86.fr\/index.php\/2018\/10\/18\/du-matriel-pour-les-enseignant-e-s-en-maternelle\/","title":{"rendered":"Du mat\u00e9riel pour les enseignant.e.s en maternelle !"},"content":{"rendered":"<p><img decoding=\"async\" src=\"https:\/\/snuipp86.fr\/wp-content\/spip\/IMG\/arton4136.png\" alt=\"\" align=\"right\" width=\"500\" height=\"156\" class=\"spip_logos\" \/><\/p>\n<div class='rss_texte'>\n<dl class='spip_document_3740 spip_documents spip_documents_left' style='float:left;width:288px;'>\n<dt><img src='https:\/\/snuipp86.fr\/wp-content\/spip\/IMG\/bmp\/logo_petition.bmp' width='288' height='90' alt='BMP - 75.9 ko' style='height:90px;width:288px;' \/><\/dt>\n<dt class='spip_doc_titre' style='width:288px;'><strong>logo p\u00e9tition<\/strong><\/dt>\n<\/dl>\n<p class=\"spip\">Le SNUipp 86 \/ FSU vous propose la p\u00e9tition suivante \u00e0 t\u00e9l\u00e9charger ici<\/p>\n<dl class='spip_document_3742 spip_documents spip_documents_center' >\n<dt><a href=\"https:\/\/snuipp86.fr\/wp-content\/spip\/IMG\/pdf\/20181017_Petition_maternelle.pdf\" title='PDF - 94.3 ko' type=\"application\/pdf\"><img src='https:\/\/snuipp86.fr\/wp-content\/spip\/cache-vignettes\/L52xH52\/pdf-d7486.png' width='52' height='52' alt='PDF - 94.3 ko' style='height:52px;width:52px;' class=' format_png' \/><\/a><\/dt>\n<dt class='spip_doc_titre' style='width:120px;'><strong>20181017 Petition maternelle<\/strong><\/dt>\n<\/dl>\n<p class=\"spip\">ou \u00e0 signer en ligne ci-dessous :<\/p>\n<p class=\"spip\">\u00ab Monsieur le Directeur Acad\u00e9mique, pr\u00e9sident du CHSCT de la Vienne,<\/p>\n<p class=\"spip\">Les personnels enseignants en classes maternelles sont tout particuli\u00e8rement expos\u00e9s, du fait du jeune \u00e2ge de leurs \u00e9l\u00e8ves, au bruit et aux troubles musculo-squelettiques.<\/p>\n<p class=\"spip\">Alors que de plus en plus d&rsquo;agents territoriaux sp\u00e9cialis\u00e9s des \u00e9coles maternelles (ATSEM) se voient \u00e9quip\u00e9s par leur employeur de si\u00e8ges ergonomiques \u00ab sp\u00e9cial petite enfance \u00bb destin\u00e9s \u00e0 pr\u00e9venir les TMS, les personnels enseignants ne disposent pas de ce type d&rsquo;\u00e9quipement.<\/p>\n<p class=\"spip\">De m\u00eame, de nombreuses municipalit\u00e9s fournissent \u00e0 leurs ATSEM des bouchons d&rsquo;oreilles anti-bruit qui filtrent les fr\u00e9quences nocives et permettent de communiquer dans un environnement bruyant. L\u00e0 encore, les personnels enseignants ne sont pas dot\u00e9s de ces protections.<\/p>\n<p class=\"spip\">Monsieur le Pr\u00e9sident du CHSCT, vous avez en tant qu&#8217;employeur l&rsquo;obligation de veiller \u00e0 la sant\u00e9 et \u00e0 la s\u00e9curit\u00e9 au travail par la mise en place d&rsquo;actions de pr\u00e9vention. C&rsquo;est pourquoi, les enseignant-e-s signataires vous demandent de pouvoir b\u00e9n\u00e9ficier, \u00e0 l&rsquo;instar de ce qui est fait par les collectivit\u00e9s locales pour les ATSEM,<\/p>\n<p class=\"spip\"> de si\u00e8ges ergonomiques \u00e0 roulettes r\u00e9glables en hauteur<br \/>\n<br \/> de bouchons d&rsquo;oreilles anti-bruit<\/p>\n<p class=\"spip\">Veuillez agr\u00e9er, Monsieur le Pr\u00e9sident du CHSCT, l&rsquo;expression de mes salutations respectueuses.<\/p>\n<\/div>\n","protected":false},"excerpt":{"rendered":"<p>Le SNUipp 86 \/ FSU vous propose la p\u00e9tition suivante \u00e0 t\u00e9l\u00e9charger ici ou \u00e0 signer en ligne ci-dessous : <br \/>\u00ab Monsieur le Directeur Acad\u00e9mique, pr\u00e9sident du CHSCT de la Vienne, <br \/>Les personnels enseignants en classes maternelles sont tout particuli\u00e8rement expos\u00e9s, du fait du jeune \u00e2ge de leurs \u00e9l\u00e8ves, au bruit et aux troubles musculo-squelettiques. <br \/>Alors que de plus en plus d&rsquo;agents territoriaux sp\u00e9cialis\u00e9s des \u00e9coles maternelles (ATSEM) se voient \u00e9quip\u00e9s par leur employeur de si\u00e8ges (&#8230;)<br \/>\n&#8211;<br \/>\n<a href=\"http:\/\/86.snuipp.fr\/spip.php?rubrique291\" rel=\"directory\">P\u00e9titions<\/a><\/p>\n","protected":false},"author":1,"featured_media":0,"comment_status":"open","ping_status":"open","sticky":false,"template":"","format":"standard","meta":{"footnotes":""},"categories":[14],"tags":[],"class_list":["post-99","post","type-post","status-publish","format-standard","hentry","category-a-la-une"],"yoast_head":"<!-- This site is optimized with the Yoast SEO plugin v26.6 - https:\/\/yoast.com\/wordpress\/plugins\/seo\/ -->\n<title>Du mat\u00e9riel pour les enseignant.e.s en maternelle ! - FSU-SNUipp 86<\/title>\n<meta name=\"robots\" content=\"index, follow, max-snippet:-1, max-image-preview:large, max-video-preview:-1\" \/>\n<link rel=\"canonical\" href=\"https:\/\/snuipp86.fr\/index.php\/2018\/10\/18\/du-matriel-pour-les-enseignant-e-s-en-maternelle\/\" \/>\n<meta property=\"og:locale\" content=\"fr_FR\" \/>\n<meta property=\"og:type\" content=\"article\" \/>\n<meta property=\"og:title\" content=\"Du mat\u00e9riel pour les enseignant.e.s en maternelle ! - FSU-SNUipp 86\" \/>\n<meta property=\"og:description\" content=\"Le SNUipp 86 \/ FSU vous propose la p\u00e9tition suivante \u00e0 t\u00e9l\u00e9charger ici ou \u00e0 signer en ligne ci-dessous : \u00ab Monsieur le Directeur Acad\u00e9mique, pr\u00e9sident du CHSCT de la Vienne, Les personnels enseignants en classes maternelles sont tout particuli\u00e8rement expos\u00e9s, du fait du jeune \u00e2ge de leurs \u00e9l\u00e8ves, au bruit et aux troubles musculo-squelettiques. Alors que de plus en plus d&#039;agents territoriaux sp\u00e9cialis\u00e9s des \u00e9coles maternelles (ATSEM) se voient \u00e9quip\u00e9s par leur employeur de si\u00e8ges (...) - P\u00e9titions\" \/>\n<meta property=\"og:url\" content=\"https:\/\/snuipp86.fr\/index.php\/2018\/10\/18\/du-matriel-pour-les-enseignant-e-s-en-maternelle\/\" \/>\n<meta property=\"og:site_name\" content=\"FSU-SNUipp 86\" \/>\n<meta property=\"article:published_time\" content=\"2018-10-18T14:23:04+00:00\" \/>\n<meta property=\"og:image\" content=\"http:\/\/snuipp86.fr\/wp-content\/spip\/IMG\/arton4136.png\" \/>\n<meta name=\"author\" content=\"WP86Admin\" \/>\n<meta name=\"twitter:card\" content=\"summary_large_image\" \/>\n<meta name=\"twitter:label1\" content=\"\u00c9crit par\" \/>\n\t<meta name=\"twitter:data1\" content=\"WP86Admin\" \/>\n\t<meta name=\"twitter:label2\" content=\"Dur\u00e9e de lecture estim\u00e9e\" \/>\n\t<meta name=\"twitter:data2\" content=\"1 minute\" \/>\n<script type=\"application\/ld+json\" class=\"yoast-schema-graph\">{\"@context\":\"https:\/\/schema.org\",\"@graph\":[{\"@type\":\"WebPage\",\"@id\":\"https:\/\/snuipp86.fr\/index.php\/2018\/10\/18\/du-matriel-pour-les-enseignant-e-s-en-maternelle\/\",\"url\":\"https:\/\/snuipp86.fr\/index.php\/2018\/10\/18\/du-matriel-pour-les-enseignant-e-s-en-maternelle\/\",\"name\":\"Du mat\u00e9riel pour les enseignant.e.s en maternelle ! - FSU-SNUipp 86\",\"isPartOf\":{\"@id\":\"https:\/\/snuipp86.fr\/#website\"},\"primaryImageOfPage\":{\"@id\":\"https:\/\/snuipp86.fr\/index.php\/2018\/10\/18\/du-matriel-pour-les-enseignant-e-s-en-maternelle\/#primaryimage\"},\"image\":{\"@id\":\"https:\/\/snuipp86.fr\/index.php\/2018\/10\/18\/du-matriel-pour-les-enseignant-e-s-en-maternelle\/#primaryimage\"},\"thumbnailUrl\":\"http:\/\/snuipp86.fr\/wp-content\/spip\/IMG\/arton4136.png\",\"datePublished\":\"2018-10-18T14:23:04+00:00\",\"author\":{\"@id\":\"https:\/\/snuipp86.fr\/#\/schema\/person\/901b28b9ae1c7a63a6a940102e52a7a2\"},\"breadcrumb\":{\"@id\":\"https:\/\/snuipp86.fr\/index.php\/2018\/10\/18\/du-matriel-pour-les-enseignant-e-s-en-maternelle\/#breadcrumb\"},\"inLanguage\":\"fr-FR\",\"potentialAction\":[{\"@type\":\"ReadAction\",\"target\":[\"https:\/\/snuipp86.fr\/index.php\/2018\/10\/18\/du-matriel-pour-les-enseignant-e-s-en-maternelle\/\"]}]},{\"@type\":\"ImageObject\",\"inLanguage\":\"fr-FR\",\"@id\":\"https:\/\/snuipp86.fr\/index.php\/2018\/10\/18\/du-matriel-pour-les-enseignant-e-s-en-maternelle\/#primaryimage\",\"url\":\"http:\/\/snuipp86.fr\/wp-content\/spip\/IMG\/arton4136.png\",\"contentUrl\":\"http:\/\/snuipp86.fr\/wp-content\/spip\/IMG\/arton4136.png\"},{\"@type\":\"BreadcrumbList\",\"@id\":\"https:\/\/snuipp86.fr\/index.php\/2018\/10\/18\/du-matriel-pour-les-enseignant-e-s-en-maternelle\/#breadcrumb\",\"itemListElement\":[{\"@type\":\"ListItem\",\"position\":1,\"name\":\"Accueil\",\"item\":\"https:\/\/snuipp86.fr\/\"},{\"@type\":\"ListItem\",\"position\":2,\"name\":\"Du mat\u00e9riel pour les enseignant.e.s en maternelle !\"}]},{\"@type\":\"WebSite\",\"@id\":\"https:\/\/snuipp86.fr\/#website\",\"url\":\"https:\/\/snuipp86.fr\/\",\"name\":\"FSU-SNUipp 86\",\"description\":\"Des id\u00e9es qui font l&#039;\u00e9cole\",\"potentialAction\":[{\"@type\":\"SearchAction\",\"target\":{\"@type\":\"EntryPoint\",\"urlTemplate\":\"https:\/\/snuipp86.fr\/?s={search_term_string}\"},\"query-input\":{\"@type\":\"PropertyValueSpecification\",\"valueRequired\":true,\"valueName\":\"search_term_string\"}}],\"inLanguage\":\"fr-FR\"},{\"@type\":\"Person\",\"@id\":\"https:\/\/snuipp86.fr\/#\/schema\/person\/901b28b9ae1c7a63a6a940102e52a7a2\",\"name\":\"WP86Admin\",\"image\":{\"@type\":\"ImageObject\",\"inLanguage\":\"fr-FR\",\"@id\":\"https:\/\/snuipp86.fr\/#\/schema\/person\/image\/\",\"url\":\"https:\/\/secure.gravatar.com\/avatar\/0099845c7ec05dc10d777d8ab4f5142c5ba316283821af2459738ad469a37a1a?s=96&d=mm&r=g\",\"contentUrl\":\"https:\/\/secure.gravatar.com\/avatar\/0099845c7ec05dc10d777d8ab4f5142c5ba316283821af2459738ad469a37a1a?s=96&d=mm&r=g\",\"caption\":\"WP86Admin\"},\"url\":\"https:\/\/snuipp86.fr\/index.php\/author\/wp86admin\/\"}]}<\/script>\n<!-- \/ Yoast SEO plugin. -->","yoast_head_json":{"title":"Du mat\u00e9riel pour les enseignant.e.s en maternelle ! - FSU-SNUipp 86","robots":{"index":"index","follow":"follow","max-snippet":"max-snippet:-1","max-image-preview":"max-image-preview:large","max-video-preview":"max-video-preview:-1"},"canonical":"https:\/\/snuipp86.fr\/index.php\/2018\/10\/18\/du-matriel-pour-les-enseignant-e-s-en-maternelle\/","og_locale":"fr_FR","og_type":"article","og_title":"Du mat\u00e9riel pour les enseignant.e.s en maternelle ! - FSU-SNUipp 86","og_description":"Le SNUipp 86 \/ FSU vous propose la p\u00e9tition suivante \u00e0 t\u00e9l\u00e9charger ici ou \u00e0 signer en ligne ci-dessous : \u00ab Monsieur le Directeur Acad\u00e9mique, pr\u00e9sident du CHSCT de la Vienne, Les personnels enseignants en classes maternelles sont tout particuli\u00e8rement expos\u00e9s, du fait du jeune \u00e2ge de leurs \u00e9l\u00e8ves, au bruit et aux troubles musculo-squelettiques. Alors que de plus en plus d'agents territoriaux sp\u00e9cialis\u00e9s des \u00e9coles maternelles (ATSEM) se voient \u00e9quip\u00e9s par leur employeur de si\u00e8ges (...) - P\u00e9titions","og_url":"https:\/\/snuipp86.fr\/index.php\/2018\/10\/18\/du-matriel-pour-les-enseignant-e-s-en-maternelle\/","og_site_name":"FSU-SNUipp 86","article_published_time":"2018-10-18T14:23:04+00:00","og_image":[{"url":"http:\/\/snuipp86.fr\/wp-content\/spip\/IMG\/arton4136.png","type":"","width":"","height":""}],"author":"WP86Admin","twitter_card":"summary_large_image","twitter_misc":{"\u00c9crit par":"WP86Admin","Dur\u00e9e de lecture estim\u00e9e":"1 minute"},"schema":{"@context":"https:\/\/schema.org","@graph":[{"@type":"WebPage","@id":"https:\/\/snuipp86.fr\/index.php\/2018\/10\/18\/du-matriel-pour-les-enseignant-e-s-en-maternelle\/","url":"https:\/\/snuipp86.fr\/index.php\/2018\/10\/18\/du-matriel-pour-les-enseignant-e-s-en-maternelle\/","name":"Du mat\u00e9riel pour les enseignant.e.s en maternelle ! - FSU-SNUipp 86","isPartOf":{"@id":"https:\/\/snuipp86.fr\/#website"},"primaryImageOfPage":{"@id":"https:\/\/snuipp86.fr\/index.php\/2018\/10\/18\/du-matriel-pour-les-enseignant-e-s-en-maternelle\/#primaryimage"},"image":{"@id":"https:\/\/snuipp86.fr\/index.php\/2018\/10\/18\/du-matriel-pour-les-enseignant-e-s-en-maternelle\/#primaryimage"},"thumbnailUrl":"http:\/\/snuipp86.fr\/wp-content\/spip\/IMG\/arton4136.png","datePublished":"2018-10-18T14:23:04+00:00","author":{"@id":"https:\/\/snuipp86.fr\/#\/schema\/person\/901b28b9ae1c7a63a6a940102e52a7a2"},"breadcrumb":{"@id":"https:\/\/snuipp86.fr\/index.php\/2018\/10\/18\/du-matriel-pour-les-enseignant-e-s-en-maternelle\/#breadcrumb"},"inLanguage":"fr-FR","potentialAction":[{"@type":"ReadAction","target":["https:\/\/snuipp86.fr\/index.php\/2018\/10\/18\/du-matriel-pour-les-enseignant-e-s-en-maternelle\/"]}]},{"@type":"ImageObject","inLanguage":"fr-FR","@id":"https:\/\/snuipp86.fr\/index.php\/2018\/10\/18\/du-matriel-pour-les-enseignant-e-s-en-maternelle\/#primaryimage","url":"http:\/\/snuipp86.fr\/wp-content\/spip\/IMG\/arton4136.png","contentUrl":"http:\/\/snuipp86.fr\/wp-content\/spip\/IMG\/arton4136.png"},{"@type":"BreadcrumbList","@id":"https:\/\/snuipp86.fr\/index.php\/2018\/10\/18\/du-matriel-pour-les-enseignant-e-s-en-maternelle\/#breadcrumb","itemListElement":[{"@type":"ListItem","position":1,"name":"Accueil","item":"https:\/\/snuipp86.fr\/"},{"@type":"ListItem","position":2,"name":"Du mat\u00e9riel pour les enseignant.e.s en maternelle !"}]},{"@type":"WebSite","@id":"https:\/\/snuipp86.fr\/#website","url":"https:\/\/snuipp86.fr\/","name":"FSU-SNUipp 86","description":"Des id\u00e9es qui font l&#039;\u00e9cole","potentialAction":[{"@type":"SearchAction","target":{"@type":"EntryPoint","urlTemplate":"https:\/\/snuipp86.fr\/?s={search_term_string}"},"query-input":{"@type":"PropertyValueSpecification","valueRequired":true,"valueName":"search_term_string"}}],"inLanguage":"fr-FR"},{"@type":"Person","@id":"https:\/\/snuipp86.fr\/#\/schema\/person\/901b28b9ae1c7a63a6a940102e52a7a2","name":"WP86Admin","image":{"@type":"ImageObject","inLanguage":"fr-FR","@id":"https:\/\/snuipp86.fr\/#\/schema\/person\/image\/","url":"https:\/\/secure.gravatar.com\/avatar\/0099845c7ec05dc10d777d8ab4f5142c5ba316283821af2459738ad469a37a1a?s=96&d=mm&r=g","contentUrl":"https:\/\/secure.gravatar.com\/avatar\/0099845c7ec05dc10d777d8ab4f5142c5ba316283821af2459738ad469a37a1a?s=96&d=mm&r=g","caption":"WP86Admin"},"url":"https:\/\/snuipp86.fr\/index.php\/author\/wp86admin\/"}]}},"_links":{"self":[{"href":"https:\/\/snuipp86.fr\/index.php\/wp-json\/wp\/v2\/posts\/99","targetHints":{"allow":["GET"]}}],"collection":[{"href":"https:\/\/snuipp86.fr\/index.php\/wp-json\/wp\/v2\/posts"}],"about":[{"href":"https:\/\/snuipp86.fr\/index.php\/wp-json\/wp\/v2\/types\/post"}],"author":[{"embeddable":true,"href":"https:\/\/snuipp86.fr\/index.php\/wp-json\/wp\/v2\/users\/1"}],"replies":[{"embeddable":true,"href":"https:\/\/snuipp86.fr\/index.php\/wp-json\/wp\/v2\/comments?post=99"}],"version-history":[{"count":0,"href":"https:\/\/snuipp86.fr\/index.php\/wp-json\/wp\/v2\/posts\/99\/revisions"}],"wp:attachment":[{"href":"https:\/\/snuipp86.fr\/index.php\/wp-json\/wp\/v2\/media?parent=99"}],"wp:term":[{"taxonomy":"category","embeddable":true,"href":"https:\/\/snuipp86.fr\/index.php\/wp-json\/wp\/v2\/categories?post=99"},{"taxonomy":"post_tag","embeddable":true,"href":"https:\/\/snuipp86.fr\/index.php\/wp-json\/wp\/v2\/tags?post=99"}],"curies":[{"name":"wp","href":"https:\/\/api.w.org\/{rel}","templated":true}]}}