{"id":993,"date":"2014-03-28T17:08:53","date_gmt":"2014-03-28T17:08:53","guid":{"rendered":"http:\/\/localhost\/wordpress\/2014\/03\/28\/ris-les-syndicats-crivent-au-ministre\/"},"modified":"2014-03-28T17:08:53","modified_gmt":"2014-03-28T17:08:53","slug":"ris-les-syndicats-crivent-au-ministre","status":"publish","type":"post","link":"https:\/\/snuipp86.fr\/index.php\/2014\/03\/28\/ris-les-syndicats-crivent-au-ministre\/","title":{"rendered":"RIS : les syndicats \u00e9crivent au ministre"},"content":{"rendered":"<p><img decoding=\"async\" src=\"https:\/\/snuipp86.fr\/wp-content\/spip\/IMG\/arton2625.jpg\" alt=\"\" align=\"right\" width=\"120\" height=\"101\" class=\"spip_logos\" \/><\/p>\n<div class='rss_texte'>\n<p class=\"spip\">Six organisations syndicales du premier degr\u00e9 s&rsquo;adressent ensemble au ministre pour lui demander d&rsquo;am\u00e9liorer l&rsquo;organisation des r\u00e9unions d&rsquo;information syndicale.<\/p>\n<p class=\"spip\">Le SNUipp-FSU, le SE-UNSA, le Sgen-CFDT, l&rsquo;Unsen Educ&rsquo;action, le Snudi-FO et Sud \u00e9ducation ont envoy\u00e9 un courrier commun au ministre de l&rsquo;\u00c9ducation nationale pour lui demander que les enseignants des \u00e9coles aient la possibilit\u00e9 de participer aux trois r\u00e9unions d&rsquo;information syndicale annuelles sur l&rsquo;ensemble de leur temps de service, incluant donc le temps devant \u00e9l\u00e8ves, comme c&rsquo;est le cas dans le second degr\u00e9.<\/p>\n<p class=\"spip\">T\u00e9l\u00e9charger :<br \/>\n<br \/><img decoding=\"async\" src=\"https:\/\/snuipp86.fr\/wp-content\/spip\/cache-vignettes\/L8xH11\/puce-68c92.gif\" width='8' height='11' alt=\"-\" style='height:11px;width:8px;' class='' \/> <a href=\"http:\/\/www.snuipp.fr\/IMG\/pdf\/28_03_2014_courrier_intersyndical_droit_syndical-3-20140328101108.pdf\" class=\"spip_out\">le courrier commun<\/a><\/p>\n<\/div>\n","protected":false},"excerpt":{"rendered":"<p>Six organisations syndicales du premier degr\u00e9 s&rsquo;adressent ensemble au ministre pour lui demander d&rsquo;am\u00e9liorer l&rsquo;organisation des r\u00e9unions d&rsquo;information syndicale. <br \/>Le SNUipp-FSU, le SE-UNSA, le Sgen-CFDT, l&rsquo;Unsen Educ&rsquo;action, le Snudi-FO et Sud \u00e9ducation ont envoy\u00e9 un courrier commun au ministre de l&rsquo;\u00c9ducation nationale pour lui demander que les enseignants des \u00e9coles aient la possibilit\u00e9 de participer aux trois r\u00e9unions d&rsquo;information syndicale (&#8230;)<br \/>\n&#8211;<br \/>\n<a href=\"http:\/\/86.snuipp.fr\/spip.php?rubrique158\" rel=\"directory\">1\/2 journ\u00e9e d&rsquo;informations syndicales<\/a><br \/>\n\/<br \/>\n<a href=\"http:\/\/86.snuipp.fr\/spip.php?mot310\" rel=\"tag\">Les r\u00e9formes<\/a><\/p>\n","protected":false},"author":1,"featured_media":0,"comment_status":"open","ping_status":"open","sticky":false,"template":"","format":"standard","meta":{"footnotes":""},"categories":[14],"tags":[],"class_list":["post-993","post","type-post","status-publish","format-standard","hentry","category-a-la-une"],"yoast_head":"<!-- This site is optimized with the Yoast SEO plugin v26.6 - https:\/\/yoast.com\/wordpress\/plugins\/seo\/ -->\n<title>RIS : les syndicats \u00e9crivent au ministre - FSU-SNUipp 86<\/title>\n<meta name=\"robots\" content=\"index, follow, max-snippet:-1, max-image-preview:large, max-video-preview:-1\" \/>\n<link rel=\"canonical\" href=\"https:\/\/snuipp86.fr\/index.php\/2014\/03\/28\/ris-les-syndicats-crivent-au-ministre\/\" \/>\n<meta property=\"og:locale\" content=\"fr_FR\" \/>\n<meta property=\"og:type\" content=\"article\" \/>\n<meta property=\"og:title\" content=\"RIS : les syndicats \u00e9crivent au ministre - FSU-SNUipp 86\" \/>\n<meta property=\"og:description\" content=\"Six organisations syndicales du premier degr\u00e9 s&#039;adressent ensemble au ministre pour lui demander d&#039;am\u00e9liorer l&#039;organisation des r\u00e9unions d&#039;information syndicale. Le SNUipp-FSU, le SE-UNSA, le Sgen-CFDT, l&#039;Unsen Educ&#039;action, le Snudi-FO et Sud \u00e9ducation ont envoy\u00e9 un courrier commun au ministre de l&#039;\u00c9ducation nationale pour lui demander que les enseignants des \u00e9coles aient la possibilit\u00e9 de participer aux trois r\u00e9unions d&#039;information syndicale (...) - 1\/2 journ\u00e9e d&#039;informations syndicales \/ Les r\u00e9formes\" \/>\n<meta property=\"og:url\" content=\"https:\/\/snuipp86.fr\/index.php\/2014\/03\/28\/ris-les-syndicats-crivent-au-ministre\/\" \/>\n<meta property=\"og:site_name\" content=\"FSU-SNUipp 86\" \/>\n<meta property=\"article:published_time\" content=\"2014-03-28T17:08:53+00:00\" \/>\n<meta property=\"og:image\" content=\"http:\/\/snuipp86.fr\/wp-content\/spip\/IMG\/arton2625.jpg\" \/>\n<meta name=\"author\" content=\"WP86Admin\" \/>\n<meta name=\"twitter:card\" content=\"summary_large_image\" \/>\n<meta name=\"twitter:label1\" content=\"\u00c9crit par\" \/>\n\t<meta name=\"twitter:data1\" content=\"WP86Admin\" \/>\n<script type=\"application\/ld+json\" class=\"yoast-schema-graph\">{\"@context\":\"https:\/\/schema.org\",\"@graph\":[{\"@type\":\"WebPage\",\"@id\":\"https:\/\/snuipp86.fr\/index.php\/2014\/03\/28\/ris-les-syndicats-crivent-au-ministre\/\",\"url\":\"https:\/\/snuipp86.fr\/index.php\/2014\/03\/28\/ris-les-syndicats-crivent-au-ministre\/\",\"name\":\"RIS : les syndicats \u00e9crivent au ministre - FSU-SNUipp 86\",\"isPartOf\":{\"@id\":\"https:\/\/snuipp86.fr\/#website\"},\"primaryImageOfPage\":{\"@id\":\"https:\/\/snuipp86.fr\/index.php\/2014\/03\/28\/ris-les-syndicats-crivent-au-ministre\/#primaryimage\"},\"image\":{\"@id\":\"https:\/\/snuipp86.fr\/index.php\/2014\/03\/28\/ris-les-syndicats-crivent-au-ministre\/#primaryimage\"},\"thumbnailUrl\":\"http:\/\/snuipp86.fr\/wp-content\/spip\/IMG\/arton2625.jpg\",\"datePublished\":\"2014-03-28T17:08:53+00:00\",\"author\":{\"@id\":\"https:\/\/snuipp86.fr\/#\/schema\/person\/901b28b9ae1c7a63a6a940102e52a7a2\"},\"breadcrumb\":{\"@id\":\"https:\/\/snuipp86.fr\/index.php\/2014\/03\/28\/ris-les-syndicats-crivent-au-ministre\/#breadcrumb\"},\"inLanguage\":\"fr-FR\",\"potentialAction\":[{\"@type\":\"ReadAction\",\"target\":[\"https:\/\/snuipp86.fr\/index.php\/2014\/03\/28\/ris-les-syndicats-crivent-au-ministre\/\"]}]},{\"@type\":\"ImageObject\",\"inLanguage\":\"fr-FR\",\"@id\":\"https:\/\/snuipp86.fr\/index.php\/2014\/03\/28\/ris-les-syndicats-crivent-au-ministre\/#primaryimage\",\"url\":\"http:\/\/snuipp86.fr\/wp-content\/spip\/IMG\/arton2625.jpg\",\"contentUrl\":\"http:\/\/snuipp86.fr\/wp-content\/spip\/IMG\/arton2625.jpg\"},{\"@type\":\"BreadcrumbList\",\"@id\":\"https:\/\/snuipp86.fr\/index.php\/2014\/03\/28\/ris-les-syndicats-crivent-au-ministre\/#breadcrumb\",\"itemListElement\":[{\"@type\":\"ListItem\",\"position\":1,\"name\":\"Accueil\",\"item\":\"https:\/\/snuipp86.fr\/\"},{\"@type\":\"ListItem\",\"position\":2,\"name\":\"RIS : les syndicats \u00e9crivent au ministre\"}]},{\"@type\":\"WebSite\",\"@id\":\"https:\/\/snuipp86.fr\/#website\",\"url\":\"https:\/\/snuipp86.fr\/\",\"name\":\"FSU-SNUipp 86\",\"description\":\"Des id\u00e9es qui font l&#039;\u00e9cole\",\"potentialAction\":[{\"@type\":\"SearchAction\",\"target\":{\"@type\":\"EntryPoint\",\"urlTemplate\":\"https:\/\/snuipp86.fr\/?s={search_term_string}\"},\"query-input\":{\"@type\":\"PropertyValueSpecification\",\"valueRequired\":true,\"valueName\":\"search_term_string\"}}],\"inLanguage\":\"fr-FR\"},{\"@type\":\"Person\",\"@id\":\"https:\/\/snuipp86.fr\/#\/schema\/person\/901b28b9ae1c7a63a6a940102e52a7a2\",\"name\":\"WP86Admin\",\"image\":{\"@type\":\"ImageObject\",\"inLanguage\":\"fr-FR\",\"@id\":\"https:\/\/snuipp86.fr\/#\/schema\/person\/image\/\",\"url\":\"https:\/\/secure.gravatar.com\/avatar\/0099845c7ec05dc10d777d8ab4f5142c5ba316283821af2459738ad469a37a1a?s=96&d=mm&r=g\",\"contentUrl\":\"https:\/\/secure.gravatar.com\/avatar\/0099845c7ec05dc10d777d8ab4f5142c5ba316283821af2459738ad469a37a1a?s=96&d=mm&r=g\",\"caption\":\"WP86Admin\"},\"url\":\"https:\/\/snuipp86.fr\/index.php\/author\/wp86admin\/\"}]}<\/script>\n<!-- \/ Yoast SEO plugin. -->","yoast_head_json":{"title":"RIS : les syndicats \u00e9crivent au ministre - FSU-SNUipp 86","robots":{"index":"index","follow":"follow","max-snippet":"max-snippet:-1","max-image-preview":"max-image-preview:large","max-video-preview":"max-video-preview:-1"},"canonical":"https:\/\/snuipp86.fr\/index.php\/2014\/03\/28\/ris-les-syndicats-crivent-au-ministre\/","og_locale":"fr_FR","og_type":"article","og_title":"RIS : les syndicats \u00e9crivent au ministre - FSU-SNUipp 86","og_description":"Six organisations syndicales du premier degr\u00e9 s'adressent ensemble au ministre pour lui demander d'am\u00e9liorer l'organisation des r\u00e9unions d'information syndicale. Le SNUipp-FSU, le SE-UNSA, le Sgen-CFDT, l'Unsen Educ'action, le Snudi-FO et Sud \u00e9ducation ont envoy\u00e9 un courrier commun au ministre de l'\u00c9ducation nationale pour lui demander que les enseignants des \u00e9coles aient la possibilit\u00e9 de participer aux trois r\u00e9unions d'information syndicale (...) - 1\/2 journ\u00e9e d'informations syndicales \/ Les r\u00e9formes","og_url":"https:\/\/snuipp86.fr\/index.php\/2014\/03\/28\/ris-les-syndicats-crivent-au-ministre\/","og_site_name":"FSU-SNUipp 86","article_published_time":"2014-03-28T17:08:53+00:00","og_image":[{"url":"http:\/\/snuipp86.fr\/wp-content\/spip\/IMG\/arton2625.jpg","type":"","width":"","height":""}],"author":"WP86Admin","twitter_card":"summary_large_image","twitter_misc":{"\u00c9crit par":"WP86Admin"},"schema":{"@context":"https:\/\/schema.org","@graph":[{"@type":"WebPage","@id":"https:\/\/snuipp86.fr\/index.php\/2014\/03\/28\/ris-les-syndicats-crivent-au-ministre\/","url":"https:\/\/snuipp86.fr\/index.php\/2014\/03\/28\/ris-les-syndicats-crivent-au-ministre\/","name":"RIS : les syndicats \u00e9crivent au ministre - FSU-SNUipp 86","isPartOf":{"@id":"https:\/\/snuipp86.fr\/#website"},"primaryImageOfPage":{"@id":"https:\/\/snuipp86.fr\/index.php\/2014\/03\/28\/ris-les-syndicats-crivent-au-ministre\/#primaryimage"},"image":{"@id":"https:\/\/snuipp86.fr\/index.php\/2014\/03\/28\/ris-les-syndicats-crivent-au-ministre\/#primaryimage"},"thumbnailUrl":"http:\/\/snuipp86.fr\/wp-content\/spip\/IMG\/arton2625.jpg","datePublished":"2014-03-28T17:08:53+00:00","author":{"@id":"https:\/\/snuipp86.fr\/#\/schema\/person\/901b28b9ae1c7a63a6a940102e52a7a2"},"breadcrumb":{"@id":"https:\/\/snuipp86.fr\/index.php\/2014\/03\/28\/ris-les-syndicats-crivent-au-ministre\/#breadcrumb"},"inLanguage":"fr-FR","potentialAction":[{"@type":"ReadAction","target":["https:\/\/snuipp86.fr\/index.php\/2014\/03\/28\/ris-les-syndicats-crivent-au-ministre\/"]}]},{"@type":"ImageObject","inLanguage":"fr-FR","@id":"https:\/\/snuipp86.fr\/index.php\/2014\/03\/28\/ris-les-syndicats-crivent-au-ministre\/#primaryimage","url":"http:\/\/snuipp86.fr\/wp-content\/spip\/IMG\/arton2625.jpg","contentUrl":"http:\/\/snuipp86.fr\/wp-content\/spip\/IMG\/arton2625.jpg"},{"@type":"BreadcrumbList","@id":"https:\/\/snuipp86.fr\/index.php\/2014\/03\/28\/ris-les-syndicats-crivent-au-ministre\/#breadcrumb","itemListElement":[{"@type":"ListItem","position":1,"name":"Accueil","item":"https:\/\/snuipp86.fr\/"},{"@type":"ListItem","position":2,"name":"RIS : les syndicats \u00e9crivent au ministre"}]},{"@type":"WebSite","@id":"https:\/\/snuipp86.fr\/#website","url":"https:\/\/snuipp86.fr\/","name":"FSU-SNUipp 86","description":"Des id\u00e9es qui font l&#039;\u00e9cole","potentialAction":[{"@type":"SearchAction","target":{"@type":"EntryPoint","urlTemplate":"https:\/\/snuipp86.fr\/?s={search_term_string}"},"query-input":{"@type":"PropertyValueSpecification","valueRequired":true,"valueName":"search_term_string"}}],"inLanguage":"fr-FR"},{"@type":"Person","@id":"https:\/\/snuipp86.fr\/#\/schema\/person\/901b28b9ae1c7a63a6a940102e52a7a2","name":"WP86Admin","image":{"@type":"ImageObject","inLanguage":"fr-FR","@id":"https:\/\/snuipp86.fr\/#\/schema\/person\/image\/","url":"https:\/\/secure.gravatar.com\/avatar\/0099845c7ec05dc10d777d8ab4f5142c5ba316283821af2459738ad469a37a1a?s=96&d=mm&r=g","contentUrl":"https:\/\/secure.gravatar.com\/avatar\/0099845c7ec05dc10d777d8ab4f5142c5ba316283821af2459738ad469a37a1a?s=96&d=mm&r=g","caption":"WP86Admin"},"url":"https:\/\/snuipp86.fr\/index.php\/author\/wp86admin\/"}]}},"_links":{"self":[{"href":"https:\/\/snuipp86.fr\/index.php\/wp-json\/wp\/v2\/posts\/993","targetHints":{"allow":["GET"]}}],"collection":[{"href":"https:\/\/snuipp86.fr\/index.php\/wp-json\/wp\/v2\/posts"}],"about":[{"href":"https:\/\/snuipp86.fr\/index.php\/wp-json\/wp\/v2\/types\/post"}],"author":[{"embeddable":true,"href":"https:\/\/snuipp86.fr\/index.php\/wp-json\/wp\/v2\/users\/1"}],"replies":[{"embeddable":true,"href":"https:\/\/snuipp86.fr\/index.php\/wp-json\/wp\/v2\/comments?post=993"}],"version-history":[{"count":0,"href":"https:\/\/snuipp86.fr\/index.php\/wp-json\/wp\/v2\/posts\/993\/revisions"}],"wp:attachment":[{"href":"https:\/\/snuipp86.fr\/index.php\/wp-json\/wp\/v2\/media?parent=993"}],"wp:term":[{"taxonomy":"category","embeddable":true,"href":"https:\/\/snuipp86.fr\/index.php\/wp-json\/wp\/v2\/categories?post=993"},{"taxonomy":"post_tag","embeddable":true,"href":"https:\/\/snuipp86.fr\/index.php\/wp-json\/wp\/v2\/tags?post=993"}],"curies":[{"name":"wp","href":"https:\/\/api.w.org\/{rel}","templated":true}]}}